{"id":10191,"date":"2022-04-17T14:08:30","date_gmt":"2022-04-17T14:08:30","guid":{"rendered":"https:\/\/www.agrilink2020.eu\/uncategorized-cs\/uloha-poradenskych-sluzeb-pri-rozhodovani-zemedelcu-o-inovacich-v-oblasti-noveho-usporadani-pracovniku"},"modified":"2022-08-03T09:08:56","modified_gmt":"2022-08-03T09:08:56","slug":"uloha-poradenskych-sluzeb-pri-rozhodovani-zemedelcu-o-inovacich-v-oblasti-noveho-usporadani-pracovniku","status":"publish","type":"post","link":"https:\/\/www.agrilink2020.eu\/cs\/vyzkumnici\/uloha-poradenskych-sluzeb-pri-rozhodovani-zemedelcu-o-inovacich-v-oblasti-noveho-usporadani-pracovniku","title":{"rendered":"\u00daloha poradensk\u00fdch slu\u017eeb p\u0159i rozhodov\u00e1n\u00ed zem\u011bd\u011blc\u016f o inovac\u00edch v oblasti nov\u00e9ho uspo\u0159\u00e1d\u00e1n\u00ed pracovn\u00edk\u016f"},"content":{"rendered":"\n<h2>Region<\/h2>\n\n<p>Projekt AgriLink zkoumal dva regiony ve Francii. Gers je kraj s velk\u00fdm pod\u00edlem zem\u011bd\u011blstv\u00ed (NUTS3) na jihoz\u00e1pad\u011b Francie. Zem\u011bd\u011blstv\u00ed zaji\u0161\u0165uje 12 % m\u00edstn\u00ed zam\u011bstnanosti a je jedn\u00edm z nejd\u016fle\u017eit\u011bj\u0161\u00edch region\u016f pro rostlinnou v\u00fdrobu v zemi. Od po\u010d\u00e1tku roku 2000 se po\u010det zem\u011bd\u011blsk\u00fdch podnik\u016f sn\u00ed\u017eil t\u00e9m\u011b\u0159 o      20 %, zat\u00edmco pr\u016fm\u011brn\u00e1 velikost zem\u011bd\u011blsk\u00fdch podnik\u016f prudce vzrostla na 86,5 hektaru (co\u017e je v\u00fdrazn\u011b nad celost\u00e1tn\u00edm pr\u016fm\u011brem). Pyr\u00e9n\u00e9es Atlantiques (PA) se nach\u00e1z\u00ed ji\u017en\u011b od Gers. Je jedn\u00edm ze t\u0159\u00ed francouzsk\u00fdch kraj\u016f (z 95) s vysok\u00fdm pod\u00edlem (16\u201218 %) zem\u011bd\u011blsk\u00fdch podnik\u016f, kter\u00e9 \u0159\u00edzen\u00ed v\u0161ech p\u011bstitelsk\u00fdch \u010dinnost\u00ed (obiloviny, olejniny a b\u00edlkovinn\u00e9 plodiny) sv\u011b\u0159ily r\u016fzn\u00fdm typ\u016fm poskytovatel\u016f zem\u011bd\u011blsk\u00fdch slu\u017eeb.<\/p>\n\n<div class=\"wp-block-image\"><figure class=\"aligncenter size-full\"><img decoding=\"async\" loading=\"lazy\" width=\"831\" height=\"589\" src=\"https:\/\/agrilink2020.eu\/wp-content\/uploads\/2022\/04\/F.9.jpg\" alt=\"\" class=\"wp-image-7467\" srcset=\"https:\/\/www.agrilink2020.eu\/wp-content\/uploads\/2022\/04\/F.9.jpg 831w, https:\/\/www.agrilink2020.eu\/wp-content\/uploads\/2022\/04\/F.9-300x213.jpg 300w, https:\/\/www.agrilink2020.eu\/wp-content\/uploads\/2022\/04\/F.9-768x544.jpg 768w\" sizes=\"(max-width: 831px) 100vw, 831px\" \/><figcaption>Mapa regionu<\/figcaption><\/figure><\/div>\n\n<h2>Zam\u011b\u0159en\u00ed studie<\/h2>\n\n<p>Studie se zam\u011b\u0159ila na inovativn\u00ed pracovn\u00ed smlouvy spojen\u00e9 s outsourcingem zem\u011bd\u011blsk\u00fdch \u010dinnost\u00ed. Ve Francii je outsourcing n\u011bkter\u00fdch zem\u011bd\u011blsk\u00fdch \u010dinnost\u00ed dlouhodobou prax\u00ed, zejm\u00e9na v mal\u00fdch zem\u011bd\u011blsk\u00fdch podnic\u00edch, kter\u00e9 nemaj\u00ed pot\u0159ebn\u00e9 vybaven\u00ed nebo pracovn\u00ed s\u00edlu pro \u010dinnosti, jako je sklize\u0148. V posledn\u00edch letech se v\u0161ak typ outsourcovan\u00fdch slu\u017eeb zm\u011bnil.<\/p>\n\n<div class=\"wp-block-image\"><figure class=\"aligncenter size-full\"><img decoding=\"async\" loading=\"lazy\" width=\"1024\" height=\"683\" src=\"https:\/\/agrilink2020.eu\/wp-content\/uploads\/2022\/04\/wheat-1995041-1024x683-1.jpeg\" alt=\"\" class=\"wp-image-7457\" srcset=\"https:\/\/www.agrilink2020.eu\/wp-content\/uploads\/2022\/04\/wheat-1995041-1024x683-1.jpeg 1024w, https:\/\/www.agrilink2020.eu\/wp-content\/uploads\/2022\/04\/wheat-1995041-1024x683-1-300x200.jpeg 300w, https:\/\/www.agrilink2020.eu\/wp-content\/uploads\/2022\/04\/wheat-1995041-1024x683-1-768x512.jpeg 768w\" sizes=\"(max-width: 1024px) 100vw, 1024px\" \/><\/figure><\/div>\n\n<p>Mezi lety 2000 a 2016 se po\u010det zem\u011bd\u011blsk\u00fdch podnik\u016f, kter\u00e9 vyu\u017e\u00edvaj\u00ed extern\u00edch slu\u017eeb, v\u00edce ne\u017e zdvojn\u00e1sobil, proto\u017ee se zv\u00fd\u0161ilo vyu\u017e\u00edv\u00e1n\u00ed nov\u00fdch sofistikovan\u00fdch technologi\u00ed, kter\u00e9 vy\u017eaduj\u00ed specifick\u00e9 technick\u00e9 dovednosti (konzerva\u010dn\u00ed zpracov\u00e1n\u00ed p\u016fdy, fytosanit\u00e1rn\u00ed o\u0161et\u0159en\u00ed pomoc\u00ed po\u010d\u00edta\u010dov\u00fdch technologi\u00ed atd.). Tato p\u0159\u00edpadov\u00e1 studie zkoumala a) \u00falohu zem\u011bd\u011blsk\u00fdch poradensk\u00fdch syst\u00e9m\u016f p\u0159i veden\u00ed zem\u011bd\u011blc\u016f k p\u0159ijet\u00ed t\u011bchto nov\u00fdch outsourcingov\u00fdch postup\u016f a b) \u0161ir\u0161\u00ed dopad outsourcingu na poradensk\u00e9 prost\u0159ed\u00ed. <\/p>\n\n<p>Celou zpr\u00e1vu (v angli\u010dtin\u011b) naleznete zde<\/p>\n\n<div class=\"wp-block-file aligncenter\"><object class=\"wp-block-file__embed\" data=\"https:\/\/agrilink2020.eu\/wp-content\/uploads\/2021\/06\/D2.2_FR.GDPR_.pdf\" type=\"application\/pdf\" style=\"width:100%;height:600px\" aria-label=\"Vlo\u017eit z Embed of D2.2_FR.GDPR..\"><\/object><a id=\"wp-block-file--media-19fa045a-3973-4177-ad16-e576a102f5fd\" href=\"https:\/\/agrilink2020.eu\/wp-content\/uploads\/2021\/06\/D2.2_FR.GDPR_.pdf\">D2.2_FR.GDPR<\/a><a href=\"https:\/\/agrilink2020.eu\/wp-content\/uploads\/2021\/06\/D2.2_FR.GDPR_.pdf\" class=\"wp-block-file__button\" download=\"\" aria-describedby=\"wp-block-file--media-19fa045a-3973-4177-ad16-e576a102f5fd\">St\u00e1hnout<\/a><\/div>\n\n<hr class=\"wp-block-separator\"\/>\n\n<h2>Partner a kontaktn\u00ed osoba<\/h2>\n\n<div class=\"wp-block-image\"><figure class=\"aligncenter size-large is-resized\"><img decoding=\"async\" loading=\"lazy\" src=\"https:\/\/agrilink2020.eu\/wp-content\/uploads\/2022\/01\/inrae-vector-logo.svg\" alt=\"\" class=\"wp-image-941\" width=\"172\" height=\"172\"\/><\/figure><\/div>\n\n<h2>N\u00e1rodn\u00ed v\u00fdzkumn\u00fd \u00fastav pro zem\u011bd\u011blstv\u00ed, potraviny a \u017eivotn\u00ed prost\u0159ed\u00ed (INRAE)<\/h2>\n\n<p>Pierre Labarthe, <a href=\"mailto:pierre.labarthe@inrae.fr\">pierre.labarthe@inrae.fr<\/a><\/p>\n\n<hr class=\"wp-block-separator\"\/>\n\n<h2>Z\u00edskan\u00e9 poznatky<\/h2>\n\n<ol><li>Rozhodnut\u00ed zem\u011bd\u011blc\u016f vyu\u017e\u00edvat tyto nov\u00e9 formy organizace pr\u00e1ce souvis\u00ed se \u010dty\u0159mi hlavn\u00edmi typy pot\u0159eb: (i) outsourcing \u010dinnost\u00ed v r\u00e1mci p\u0159epracov\u00e1n\u00ed v\u00fdrobn\u00edho syst\u00e9mu, (ii) outsourcing \u010dinnost\u00ed v oblasti rostlinn\u00e9 v\u00fdroby s c\u00edlem racionalizovat investice do stroj\u016f a soust\u0159edit se na hlavn\u00ed \u010dinnost, (iii) outsourcing \u201eod A do Z&#8220; z patrimoni\u00e1ln\u00edch d\u016fvod\u016f, aby se zachovala kontrola nad p\u016fdou, a (iv) outsourcing z d\u016fvodu obt\u00ed\u017e\u00ed p\u0159i hled\u00e1n\u00ed a \u0159\u00edzen\u00ed spolehliv\u00fdch zam\u011bstnanc\u016f. N\u00e1sledn\u011b se p\u0159izp\u016fsob\u00ed sv\u00e9mu geografick\u00e9mu prost\u0159ed\u00ed (nap\u0159. dostupn\u00ed dodavatel\u00e9) a organiza\u010dn\u00edmu prost\u0159ed\u00ed (nap\u0159. jejich s\u00edt\u011b dal\u0161\u00edch zem\u011bd\u011blc\u016f, r\u016fzn\u00e9 zdroje poradenstv\u00ed), aby na\u0161li nejlep\u0161\u00ed mo\u017en\u00e1 doporu\u010den\u00ed pro realizaci t\u011bchto strategi\u00ed. &#13;\n<\/li><li>Existuje zv\u00fd\u0161en\u00e1 popt\u00e1vka po poradenstv\u00ed t\u00fdkaj\u00edc\u00edm se \u0159\u00edzen\u00ed pr\u00e1ce v zem\u011bd\u011blstv\u00ed, ale jen m\u00e1lo poradc\u016f m\u016f\u017ee takov\u00e9 poradenstv\u00ed poskytnout. Jedn\u00e1 se o nov\u00fd trh v oblasti poradenstv\u00ed, u n\u011bho\u017e se o\u010dek\u00e1v\u00e1 r\u016fst, p\u0159i\u010dem\u017e glob\u00e1ln\u00ed v\u00fdkonnost farmy z\u00e1vis\u00ed nejen na technick\u00fdch, ale i na mana\u017eersk\u00fdch dovednostech. N\u011bkter\u00e9 tradi\u010dn\u00ed subjekty, jako jsou dru\u017estva a \u00fa\u010detn\u00ed firmy, se sna\u017e\u00ed rozv\u00edjet tyto dovednosti prost\u0159ednictv\u00edm dlouhodob\u00fdch vztah\u016f, kter\u00e9 nav\u00e1zaly se zem\u011bd\u011blci pro jin\u00e9 \u00fa\u010dely.<\/li><\/ol>\n\n<p><\/p>\n","protected":false},"excerpt":{"rendered":"<p>Region Projekt AgriLink zkoumal dva regiony ve Francii. Gers je kraj s velk\u00fdm pod\u00edlem zem\u011bd\u011blstv\u00ed (NUTS3) na jihoz\u00e1pad\u011b Francie. Zem\u011bd\u011blstv\u00ed zaji\u0161\u0165uje 12 % m\u00edstn\u00ed zam\u011bstnanosti a je jedn\u00edm z nejd\u016fle\u017eit\u011bj\u0161\u00edch region\u016f pro rostlinnou v\u00fdrobu v zemi. Od po\u010d\u00e1tku roku 2000 se po\u010det zem\u011bd\u011blsk\u00fdch podnik\u016f sn\u00ed\u017eil t\u00e9m\u011b\u0159 o 20 %, zat\u00edmco pr\u016fm\u011brn\u00e1 velikost zem\u011bd\u011blsk\u00fdch podnik\u016f prudce &hellip; <a href=\"https:\/\/www.agrilink2020.eu\/cs\/vyzkumnici\/uloha-poradenskych-sluzeb-pri-rozhodovani-zemedelcu-o-inovacich-v-oblasti-noveho-usporadani-pracovniku\">Continued<\/a><\/p>\n","protected":false},"author":2,"featured_media":7478,"comment_status":"open","ping_status":"open","sticky":false,"template":"","format":"standard","meta":[],"categories":[121,122,148,149,150],"tags":[468],"region":[1084,486],"country":[487],"work_package":[232],"keyword":[298],"_links":{"self":[{"href":"https:\/\/www.agrilink2020.eu\/cs\/wp-json\/wp\/v2\/posts\/10191"}],"collection":[{"href":"https:\/\/www.agrilink2020.eu\/cs\/wp-json\/wp\/v2\/posts"}],"about":[{"href":"https:\/\/www.agrilink2020.eu\/cs\/wp-json\/wp\/v2\/types\/post"}],"author":[{"embeddable":true,"href":"https:\/\/www.agrilink2020.eu\/cs\/wp-json\/wp\/v2\/users\/2"}],"replies":[{"embeddable":true,"href":"https:\/\/www.agrilink2020.eu\/cs\/wp-json\/wp\/v2\/comments?post=10191"}],"version-history":[{"count":1,"href":"https:\/\/www.agrilink2020.eu\/cs\/wp-json\/wp\/v2\/posts\/10191\/revisions"}],"predecessor-version":[{"id":10192,"href":"https:\/\/www.agrilink2020.eu\/cs\/wp-json\/wp\/v2\/posts\/10191\/revisions\/10192"}],"wp:featuredmedia":[{"embeddable":true,"href":"https:\/\/www.agrilink2020.eu\/cs\/wp-json\/wp\/v2\/media\/7478"}],"wp:attachment":[{"href":"https:\/\/www.agrilink2020.eu\/cs\/wp-json\/wp\/v2\/media?parent=10191"}],"wp:term":[{"taxonomy":"category","embeddable":true,"href":"https:\/\/www.agrilink2020.eu\/cs\/wp-json\/wp\/v2\/categories?post=10191"},{"taxonomy":"post_tag","embeddable":true,"href":"https:\/\/www.agrilink2020.eu\/cs\/wp-json\/wp\/v2\/tags?post=10191"},{"taxonomy":"region","embeddable":true,"href":"https:\/\/www.agrilink2020.eu\/cs\/wp-json\/wp\/v2\/region?post=10191"},{"taxonomy":"country","embeddable":true,"href":"https:\/\/www.agrilink2020.eu\/cs\/wp-json\/wp\/v2\/country?post=10191"},{"taxonomy":"work_package","embeddable":true,"href":"https:\/\/www.agrilink2020.eu\/cs\/wp-json\/wp\/v2\/work_package?post=10191"},{"taxonomy":"keyword","embeddable":true,"href":"https:\/\/www.agrilink2020.eu\/cs\/wp-json\/wp\/v2\/keyword?post=10191"}],"curies":[{"name":"wp","href":"https:\/\/api.w.org\/{rel}","templated":true}]}}