{"id":10209,"date":"2022-04-17T14:15:38","date_gmt":"2022-04-17T14:15:38","guid":{"rendered":"https:\/\/www.agrilink2020.eu\/uncategorized-cs\/uloha-poradenskych-sluzeb-pri-rozhodovani-zemedelcu-o-inovacich-v-oblasti-usporadani-pracovniku"},"modified":"2022-08-03T19:12:36","modified_gmt":"2022-08-03T19:12:36","slug":"uloha-poradenskych-sluzeb-pri-rozhodovani-zemedelcu-o-inovacich-v-oblasti-usporadani-pracovniku","status":"publish","type":"post","link":"https:\/\/www.agrilink2020.eu\/cs\/vyzkumnici\/uloha-poradenskych-sluzeb-pri-rozhodovani-zemedelcu-o-inovacich-v-oblasti-usporadani-pracovniku","title":{"rendered":"\u00daloha poradensk\u00fdch slu\u017eeb p\u0159i rozhodov\u00e1n\u00ed zem\u011bd\u011blc\u016f o inovac\u00edch v oblasti uspo\u0159\u00e1d\u00e1n\u00ed pracovn\u00edk\u016f"},"content":{"rendered":"\n<h2>Region<\/h2>\n\n<p>V provincii Z\u00e1padn\u00ed Flandry je nejv\u011bt\u0161\u00ed po\u010det zem\u011bd\u011blc\u016f v Belgii, kte\u0159\u00ed jsou sdru\u017eeni v dru\u017estevn\u00edch struktur\u00e1ch. V roce 2013 bylo v Z\u00e1padn\u00edm Vl\u00e1msku celkem 8 678 zem\u011bd\u011blsk\u00fdch a zahradnick\u00fdch podnik\u016f (34,9 % z celkov\u00e9ho po\u010dtu Vl\u00e1m\u016f), kter\u00e9 vyu\u017e\u00edvaly celkem 205 764 hektar\u016f (p\u0159esn\u011b t\u0159etina celkov\u00e9ho po\u010dtu Vl\u00e1m\u016f). T\u00e9m\u011b\u0159 t\u0159i \u010dtvrtiny (74,1 %) z 15,1 milionu zv\u00ed\u0159at v z\u00e1padofrancouzsk\u00fdch st\u00e1dech tvo\u0159ila dr\u016fbe\u017e a 23 % prasata. Pr\u016fm\u011brn\u00e1 velikost zahradnick\u00fdch jednotek v regionu se zv\u00fd\u0161ila z 21,8 hektar\u016f v roce 2009 na 24,6 hektar\u016f v roce 2013.<\/p>\n\n<div class=\"wp-block-image\"><figure class=\"aligncenter size-full\"><img decoding=\"async\" loading=\"lazy\" width=\"831\" height=\"589\" src=\"https:\/\/agrilink2020.eu\/wp-content\/uploads\/2022\/04\/F.9.jpg\" alt=\"\" class=\"wp-image-7467\" srcset=\"https:\/\/www.agrilink2020.eu\/wp-content\/uploads\/2022\/04\/F.9.jpg 831w, https:\/\/www.agrilink2020.eu\/wp-content\/uploads\/2022\/04\/F.9-300x213.jpg 300w, https:\/\/www.agrilink2020.eu\/wp-content\/uploads\/2022\/04\/F.9-768x544.jpg 768w\" sizes=\"(max-width: 831px) 100vw, 831px\" \/><figcaption>Mapa regionu<\/figcaption><\/figure><\/div>\n\n<h2>Zam\u011b\u0159en\u00ed studie<\/h2>\n\n<p>Jednou z hlavn\u00edch p\u0159ek\u00e1\u017eek, kter\u00e9 je t\u0159eba p\u0159ekonat p\u0159i podpo\u0159e inovac\u00ed v udr\u017eiteln\u00e9m zem\u011bd\u011blstv\u00ed, je skute\u010dnost, \u017ee mnoho zem\u011bd\u011blc\u016f se sna\u017e\u00ed spolupracovat. Studie se zam\u011b\u0159ila na to, jak mohou poradensk\u00e9 slu\u017eby pomoci zem\u011bd\u011blc\u016fm \u0159e\u0161it tento probl\u00e9m a za\u010d\u00edt spolupracovat, v\u010detn\u011b vytvo\u0159en\u00ed vhodn\u00fdch pr\u00e1vn\u00edch struktur. Dru\u017estvo je nez\u00e1visl\u00e9 sdru\u017een\u00ed jednotlivc\u016f, kte\u0159\u00ed se dobrovoln\u011b sdru\u017euj\u00ed za \u00fa\u010delem uspokojov\u00e1n\u00ed sv\u00fdch spole\u010dn\u00fdch soci\u00e1ln\u00edch a kulturn\u00edch pot\u0159eb a p\u0159\u00e1n\u00ed v r\u00e1mci spole\u010dn\u011b vlastn\u011bn\u00e9ho a demokraticky \u0159\u00edzen\u00e9ho podniku. Zem\u011bd\u011blsk\u00e1 dru\u017estva sdru\u017euj\u00ed zem\u011bd\u011blce za \u00fa\u010delem realizace spole\u010dn\u00fdch c\u00edl\u016f, jako je uv\u00e1d\u011bn\u00ed zem\u011bd\u011blsk\u00fdch produkt\u016f na trh a jejich zpracov\u00e1n\u00ed, n\u00e1kup a v\u00fdroba zem\u011bd\u011blsk\u00fdch vstup\u016f nebo stroj\u016f nebo prov\u00e1d\u011bn\u00ed v\u00fdzkumu.<\/p>\n\n<div class=\"wp-block-image\"><figure class=\"aligncenter size-large\"><img decoding=\"async\" loading=\"lazy\" width=\"1024\" height=\"680\" src=\"https:\/\/agrilink2020.eu\/wp-content\/uploads\/2021\/06\/b1d0eef73b5a2ebe387b4cd5992c3e6b-1024x680.jpg\" alt=\"\" class=\"wp-image-199\" srcset=\"https:\/\/www.agrilink2020.eu\/wp-content\/uploads\/2021\/06\/b1d0eef73b5a2ebe387b4cd5992c3e6b-1024x680.jpg 1024w, https:\/\/www.agrilink2020.eu\/wp-content\/uploads\/2021\/06\/b1d0eef73b5a2ebe387b4cd5992c3e6b-300x199.jpg 300w, https:\/\/www.agrilink2020.eu\/wp-content\/uploads\/2021\/06\/b1d0eef73b5a2ebe387b4cd5992c3e6b-768x510.jpg 768w, https:\/\/www.agrilink2020.eu\/wp-content\/uploads\/2021\/06\/b1d0eef73b5a2ebe387b4cd5992c3e6b-1536x1020.jpg 1536w, https:\/\/www.agrilink2020.eu\/wp-content\/uploads\/2021\/06\/b1d0eef73b5a2ebe387b4cd5992c3e6b-2048x1361.jpg 2048w\" sizes=\"(max-width: 1024px) 100vw, 1024px\" \/><\/figure><\/div>\n\n<p>C\u00edlem v\u011bt\u0161iny dru\u017estev je zv\u00fd\u0161it p\u0159\u00edjmy \u010dlen\u016f nebo usnadnit podnik\u00e1n\u00ed jednotliv\u00fdch zem\u011bd\u011blc\u016f t\u00edm, \u017ee jim pomohou l\u00e9pe propojit jejich produkci s financemi, zem\u011bd\u011blsk\u00fdmi vstupy, informacemi nebo trhy s produkty. Dru\u017estvo se m\u016f\u017ee specializovat na v\u00fdrobu, poskytov\u00e1n\u00ed slu\u017eeb nebo marketing. M\u016f\u017ee tak\u00e9 nab\u00edzet podporu v r\u00e1mci n\u011bkter\u00fdch (nebo v\u0161ech) t\u011bchto r\u016fzn\u00fdch f\u00e1z\u00ed. Tato p\u0159\u00edpadov\u00e1 studie zkoum\u00e1, do jak\u00e9 m\u00edry dru\u017estva funguj\u00ed jako poradensk\u00e9 syst\u00e9my a jak mohou zem\u011bd\u011blc\u016fm pomoci p\u0159i zakl\u00e1d\u00e1n\u00ed nov\u00fdch dru\u017estev.<\/p>\n\n<p>P\u0159\u00edpadov\u00e1 studie zkoum\u00e1, jak st\u00e1vaj\u00edc\u00ed dru\u017estva zvl\u00e1daj\u00ed \u0159\u00edzen\u00ed a zda dost\u00e1vaj\u00ed podporu od poradc\u016f, aby toto \u0159\u00edzen\u00ed pos\u00edlila. Zkoum\u00e1 se tak\u00e9 p\u0159\u00ednos zakl\u00e1d\u00e1n\u00ed nov\u00fdch dru\u017estev pro stimulaci inovac\u00ed. N\u011bkte\u0159\u00ed zem\u011bd\u011blci v\u011b\u0159\u00ed, \u017ee pokud jste p\u0159\u00edli\u0161 mal\u00ed na to, abyste inovovali sami, m\u016f\u017eete to ud\u011blat spole\u010dn\u011b.<\/p>\n\n<p>Celou zpr\u00e1vu (v angli\u010dtin\u011b) naleznete zde<\/p>\n\n<div class=\"wp-block-file aligncenter\"><object class=\"wp-block-file__embed\" data=\"https:\/\/agrilink2020.eu\/wp-content\/uploads\/2021\/06\/D2.2_BE.GDPR_.pdf\" type=\"application\/pdf\" style=\"width:100%;height:600px\" aria-label=\"Vlo\u017eit z Embed of D2.2_BE.GDPR..\"><\/object><a id=\"wp-block-file--media-d355b648-ba44-4eb6-98ca-98a951a4c318\" href=\"https:\/\/agrilink2020.eu\/wp-content\/uploads\/2021\/06\/D2.2_BE.GDPR_.pdf\">D2.2_BE.GDPR<\/a><a href=\"https:\/\/agrilink2020.eu\/wp-content\/uploads\/2021\/06\/D2.2_BE.GDPR_.pdf\" class=\"wp-block-file__button\" download=\"\" aria-describedby=\"wp-block-file--media-d355b648-ba44-4eb6-98ca-98a951a4c318\">St\u00e1hnout<\/a><\/div>\n\n<hr class=\"wp-block-separator\"\/>\n\n<h2>Partner a kontaktn\u00ed osoba<\/h2>\n\n<div class=\"wp-block-image\"><figure class=\"aligncenter size-full is-resized\"><img decoding=\"async\" loading=\"lazy\" src=\"https:\/\/agrilink2020.eu\/wp-content\/uploads\/2021\/11\/Innovatiesteunpunt-logo.png\" alt=\"\" class=\"wp-image-587\" width=\"292\" height=\"57\"\/><\/figure><\/div>\n\n<h2>Centrum podpory inovac\u00ed<\/h2>\n\n<p>Stijn Bossin, <a href=\"mailto:stijn.bossin@innovatiesteunpunt.be\">stijn.bossin@innovatiesteunpunt.be<\/a><\/p>\n\n<hr class=\"wp-block-separator\"\/>\n\n<h2>Z\u00edskan\u00e9 poznatky<\/h2>\n\n<ol><li>Je t\u0159eba rozli\u0161ovat mezi procesem vstupu do velk\u00fdch tradi\u010dn\u00edch dru\u017estev a vstupem do men\u0161\u00edch, nov\u011bji zalo\u017een\u00fdch dru\u017estev. Mnoho zem\u011bd\u011blc\u016f se o tradi\u010dn\u00edch dru\u017estvech dozv\u011bd\u011blo, kdy\u017e vyr\u016fstali na rodinn\u00fdch farm\u00e1ch. Poradci hraj\u00ed minim\u00e1ln\u00ed roli p\u0159i zvy\u0161ov\u00e1n\u00ed pov\u011bdom\u00ed o tradi\u010dn\u00edch dru\u017estvech a jejich hodnocen\u00ed ze strany zem\u011bd\u011blc\u016f. Vstup do dru\u017estva je pro mnoho vl\u00e1msk\u00fdch zem\u011bd\u011blc\u016f \u201ejedinou logickou mo\u017enost\u00ed\u201c. M\u00e1lokdy se toto rozhodnut\u00ed aktivn\u011b posuzuje. V n\u011bkolika m\u00e1lo p\u0159\u00edpadech, kdy prob\u00edh\u00e1 aktivn\u00ed f\u00e1ze posuzov\u00e1n\u00ed, zem\u011bd\u011blci vyu\u017e\u00edvaj\u00ed poradenstv\u00ed od zem\u011bd\u011blsk\u00fdch dru\u017estev prost\u0159ednictv\u00edm individu\u00e1ln\u00edho poradenstv\u00ed osobn\u011b nebo na organizovan\u00fdch semin\u00e1\u0159\u00edch. <\/li><li>Poradci hraj\u00ed v\u00fdznamn\u011bj\u0161\u00ed roli v men\u0161\u00edch, nov\u011b zalo\u017een\u00fdch dru\u017estvech. Pr\u016fkopn\u00edci, kte\u0159\u00ed zakl\u00e1daj\u00ed dru\u017estvo, maj\u00ed tendenci hledat co nejv\u00edce informac\u00ed a rad z r\u016fzn\u00fdch zdroj\u016f. Setk\u00e1vaj\u00ed se a jednaj\u00ed se z\u00e1stupci soukrom\u00e9ho sektoru, zem\u011bd\u011blsk\u00fdmi dru\u017estvy, ekologick\u00fdmi organizacemi, \u00fa\u010detn\u00edmi \u00fa\u0159ady, kolegy z jin\u00fdch zem\u00ed atd. Stejn\u00ed akt\u00e9\u0159i se mohou pod\u00edlet i na zav\u00e1d\u011bn\u00ed nov\u00e9ho dru\u017estva.<\/li><\/ol>\n","protected":false},"excerpt":{"rendered":"<p>Region V provincii Z\u00e1padn\u00ed Flandry je nejv\u011bt\u0161\u00ed po\u010det zem\u011bd\u011blc\u016f v Belgii, kte\u0159\u00ed jsou sdru\u017eeni v dru\u017estevn\u00edch struktur\u00e1ch. V roce 2013 bylo v Z\u00e1padn\u00edm Vl\u00e1msku celkem 8 678 zem\u011bd\u011blsk\u00fdch a zahradnick\u00fdch podnik\u016f (34,9 % z celkov\u00e9ho po\u010dtu Vl\u00e1m\u016f), kter\u00e9 vyu\u017e\u00edvaly celkem 205 764 hektar\u016f (p\u0159esn\u011b t\u0159etina celkov\u00e9ho po\u010dtu Vl\u00e1m\u016f). T\u00e9m\u011b\u0159 t\u0159i \u010dtvrtiny (74,1 %) z 15,1 &hellip; <a href=\"https:\/\/www.agrilink2020.eu\/cs\/vyzkumnici\/uloha-poradenskych-sluzeb-pri-rozhodovani-zemedelcu-o-inovacich-v-oblasti-usporadani-pracovniku\">Continued<\/a><\/p>\n","protected":false},"author":2,"featured_media":3816,"comment_status":"open","ping_status":"open","sticky":false,"template":"","format":"standard","meta":[],"categories":[121,122,148,150],"tags":[468],"region":[1093],"country":[214],"work_package":[232],"keyword":[298],"_links":{"self":[{"href":"https:\/\/www.agrilink2020.eu\/cs\/wp-json\/wp\/v2\/posts\/10209"}],"collection":[{"href":"https:\/\/www.agrilink2020.eu\/cs\/wp-json\/wp\/v2\/posts"}],"about":[{"href":"https:\/\/www.agrilink2020.eu\/cs\/wp-json\/wp\/v2\/types\/post"}],"author":[{"embeddable":true,"href":"https:\/\/www.agrilink2020.eu\/cs\/wp-json\/wp\/v2\/users\/2"}],"replies":[{"embeddable":true,"href":"https:\/\/www.agrilink2020.eu\/cs\/wp-json\/wp\/v2\/comments?post=10209"}],"version-history":[{"count":1,"href":"https:\/\/www.agrilink2020.eu\/cs\/wp-json\/wp\/v2\/posts\/10209\/revisions"}],"predecessor-version":[{"id":10210,"href":"https:\/\/www.agrilink2020.eu\/cs\/wp-json\/wp\/v2\/posts\/10209\/revisions\/10210"}],"wp:featuredmedia":[{"embeddable":true,"href":"https:\/\/www.agrilink2020.eu\/cs\/wp-json\/wp\/v2\/media\/3816"}],"wp:attachment":[{"href":"https:\/\/www.agrilink2020.eu\/cs\/wp-json\/wp\/v2\/media?parent=10209"}],"wp:term":[{"taxonomy":"category","embeddable":true,"href":"https:\/\/www.agrilink2020.eu\/cs\/wp-json\/wp\/v2\/categories?post=10209"},{"taxonomy":"post_tag","embeddable":true,"href":"https:\/\/www.agrilink2020.eu\/cs\/wp-json\/wp\/v2\/tags?post=10209"},{"taxonomy":"region","embeddable":true,"href":"https:\/\/www.agrilink2020.eu\/cs\/wp-json\/wp\/v2\/region?post=10209"},{"taxonomy":"country","embeddable":true,"href":"https:\/\/www.agrilink2020.eu\/cs\/wp-json\/wp\/v2\/country?post=10209"},{"taxonomy":"work_package","embeddable":true,"href":"https:\/\/www.agrilink2020.eu\/cs\/wp-json\/wp\/v2\/work_package?post=10209"},{"taxonomy":"keyword","embeddable":true,"href":"https:\/\/www.agrilink2020.eu\/cs\/wp-json\/wp\/v2\/keyword?post=10209"}],"curies":[{"name":"wp","href":"https:\/\/api.w.org\/{rel}","templated":true}]}}