{"id":10227,"date":"2022-04-17T14:54:47","date_gmt":"2022-04-17T14:54:47","guid":{"rendered":"https:\/\/www.agrilink2020.eu\/uncategorized-cs\/prirodni-zdroje-a-spolecne-hospodareni"},"modified":"2022-08-03T19:33:51","modified_gmt":"2022-08-03T19:33:51","slug":"prirodni-zdroje-a-spolecne-hospodareni","status":"publish","type":"post","link":"https:\/\/www.agrilink2020.eu\/cs\/vyzkumnici\/prirodni-zdroje-a-spolecne-hospodareni","title":{"rendered":"P\u0159\u00edrodn\u00ed zdroje a spole\u010dn\u00e9 hospoda\u0159en\u00ed"},"content":{"rendered":"\n<h2>Region<\/h2>\n\n<p>Siedleckie je v\u00fdznamn\u00fdm zem\u011bd\u011blsk\u00fdm regionem v Polsku s rozs\u00e1hl\u00fdmi plochami \u00farodn\u00e9 zem\u011bd\u011blsk\u00e9 p\u016fdy d\u00edky p\u0159\u00edzniv\u00fdm p\u016fdn\u00edm a klimatick\u00fdm podm\u00ednk\u00e1m. Region je v\u00fdznamn\u00fdm producentem poln\u00edch plodin (obiloviny, brambory, hr\u00e1ch a fazole) a ovoce (maliny, ryb\u00edz, jahody a jablka). Je zde tak\u00e9 vysok\u00e1 koncentrace lokalit Natura 2000, kter\u00e9 jsou d\u016fle\u017eit\u00e9 pro ochranu cenn\u00fdch p\u0159\u00edrodn\u00edch stanovi\u0161\u0165 a druh\u016f. <\/p>\n\n<div class=\"wp-block-image\"><figure class=\"aligncenter size-full\"><img decoding=\"async\" loading=\"lazy\" width=\"808\" height=\"598\" src=\"https:\/\/agrilink2020.eu\/wp-content\/uploads\/2022\/04\/Common_final.jpeg\" alt=\"\" class=\"wp-image-7495\" srcset=\"https:\/\/www.agrilink2020.eu\/wp-content\/uploads\/2022\/04\/Common_final.jpeg 808w, https:\/\/www.agrilink2020.eu\/wp-content\/uploads\/2022\/04\/Common_final-300x222.jpeg 300w, https:\/\/www.agrilink2020.eu\/wp-content\/uploads\/2022\/04\/Common_final-768x568.jpeg 768w\" sizes=\"(max-width: 808px) 100vw, 808px\" \/><figcaption>Mapa regionu<\/figcaption><\/figure><\/div>\n\n<h2>Zam\u011b\u0159en\u00ed studie<\/h2>\n\n<p>Biologick\u00e1 rozmanitost je z\u00e1kladem funk\u010dnosti, stability a produktivity v\u0161ech ekosyst\u00e9m\u016f. Je z\u00e1sadn\u00ed pro zachov\u00e1n\u00ed lidsk\u00e9ho blahobytu a budouc\u00edho hospod\u00e1\u0159sk\u00e9ho a soci\u00e1ln\u00edho rozvoje. Zem\u011bd\u011blsk\u00e1 v\u00fdroba mus\u00ed b\u00fdt v naprost\u00e9m souladu s p\u0159\u00edrodou. <\/p>\n\n<div class=\"wp-block-image\"><figure class=\"aligncenter size-full\"><img decoding=\"async\" loading=\"lazy\" width=\"1024\" height=\"768\" src=\"https:\/\/agrilink2020.eu\/wp-content\/uploads\/2022\/04\/COMM-3-1024x768-1.jpeg\" alt=\"\" class=\"wp-image-7515\" srcset=\"https:\/\/www.agrilink2020.eu\/wp-content\/uploads\/2022\/04\/COMM-3-1024x768-1.jpeg 1024w, https:\/\/www.agrilink2020.eu\/wp-content\/uploads\/2022\/04\/COMM-3-1024x768-1-300x225.jpeg 300w, https:\/\/www.agrilink2020.eu\/wp-content\/uploads\/2022\/04\/COMM-3-1024x768-1-768x576.jpeg 768w\" sizes=\"(max-width: 1024px) 100vw, 1024px\" \/><\/figure><\/div>\n\n<p>Ochrana ekosyst\u00e9m\u016f je pro zem\u011bd\u011blce d\u016fle\u017eit\u00fdm a n\u00e1ro\u010dn\u00fdm \u00fakolem. Sn\u00ed\u017een\u00ed ohro\u017een\u00ed biologick\u00e9 rozmanitosti ze strany zem\u011bd\u011blstv\u00ed je jednou z nejv\u011bt\u0161\u00edch v\u00fdzev pro tv\u016frce politik v Polsku i na evropsk\u00e9 a celosv\u011btov\u00e9 \u00farovni.<\/p>\n\n<p>Zabr\u00e1nit degradaci venkovsk\u00e9 krajiny a zachovat jej\u00ed ekologick\u00e9 funkce p\u0159i optimalizaci produktivity v r\u00e1mci produkce potravin vy\u017eaduje \u0159adu politick\u00fdch opat\u0159en\u00ed. Pat\u0159\u00ed mezi n\u011b utv\u00e1\u0159en\u00ed prostorov\u00e9 struktury krajiny a podpora pou\u017e\u00edv\u00e1n\u00ed vhodn\u00fdch zem\u011bd\u011blsk\u00fdch postup\u016f. &#13;\n&#13;\n<\/p>\n\n<p>Spr\u00e1vn\u011b strukturovan\u00e1 venkovsk\u00e1 krajina by m\u011bla integrovat zem\u011bd\u011blskou p\u016fdu s prvky ekologick\u00e9 infrastruktury, jako jsou lesn\u00ed celky, st\u0159edn\u011b velk\u00e9 poln\u00ed p\u00e1sy, mal\u00e1 a st\u0159edn\u011b velk\u00e1 p\u0159\u00edrodn\u00ed a polop\u0159\u00edrodn\u00ed stanovi\u0161t\u011b, ekologick\u00e9 koridory, n\u00e1razn\u00edkov\u00e9 z\u00f3ny, p\u0159\u00edkopy, rybn\u00edky atd. Po\u010det a rozm\u00edst\u011bn\u00ed t\u011bchto krajinn\u00fdch prvk\u016f by m\u011bl zajistit ekologickou rozmanitost v r\u00e1mci krajinn\u00e9 struktury. Takov\u00e1 krajina s vhodn\u011b utv\u00e1\u0159enou s\u00edt\u00ed polop\u0159\u00edrodn\u00edch ekosyst\u00e9m\u016f je z\u00e1kladem pro optimalizaci zem\u011bd\u011blsk\u00e9ho hospoda\u0159en\u00ed. Tento p\u0159\u00edstup je v\u0161ak n\u00e1ro\u010dn\u00fd na znalosti a zem\u011bd\u011blci pot\u0159ebuj\u00ed podporu v podob\u011b mnoha nov\u00fdch informac\u00ed a dovednost\u00ed.<\/p>\n\n<p>Celou zpr\u00e1vu (v angli\u010dtin\u011b) naleznete zde <\/p>\n\n<div class=\"wp-block-file\"><object class=\"wp-block-file__embed\" data=\"https:\/\/agrilink2020.eu\/wp-content\/uploads\/2021\/06\/D2.2_PL.GDPR_.pdf\" type=\"application\/pdf\" style=\"width:100%;height:600px\" aria-label=\"Vlo\u017eit z Embed of D2.2_PL.GDPR..\"><\/object><a id=\"wp-block-file--media-d10c3fb3-c363-416c-a096-f62ba2a55a7c\" href=\"https:\/\/agrilink2020.eu\/wp-content\/uploads\/2021\/06\/D2.2_PL.GDPR_.pdf\">D2.2_PL.GDPR<\/a><a href=\"https:\/\/agrilink2020.eu\/wp-content\/uploads\/2021\/06\/D2.2_PL.GDPR_.pdf\" class=\"wp-block-file__button\" download=\"\" aria-describedby=\"wp-block-file--media-d10c3fb3-c363-416c-a096-f62ba2a55a7c\">St\u00e1hnout<\/a><\/div>\n\n<hr class=\"wp-block-separator\"\/>\n\n<h2>Partner a kontaktn\u00ed osoba<\/h2>\n\n<div class=\"wp-block-image\"><figure class=\"aligncenter size-full\"><img decoding=\"async\" loading=\"lazy\" width=\"80\" height=\"73\" src=\"https:\/\/agrilink2020.eu\/wp-content\/uploads\/2021\/06\/d9a2021af92b7403b37c51e7be2f1da8.png\" alt=\"\" class=\"wp-image-250\"\/><\/figure><\/div>\n\n<h2>Poradensk\u00e9 centrum pro zem\u011bd\u011blstv\u00ed (AAC)<\/h2>\n\n<p>Mateusz Sekowski, <a href=\"mailto:m.sekowski@cdr.gov.pl\">m.sekowski@cdr.gov.pl<\/a><\/p>\n\n<hr class=\"wp-block-separator\"\/>\n\n<h2>Z\u00edskan\u00e9 poznatky<\/h2>\n\n<ol><li>Zem\u011bd\u011bl\u0161t\u00ed poradci hraj\u00ed v regionu Siedleckie v\u00fdznamnou \u00falohu. Poradci z ve\u0159ejn\u00e9ho sektoru, kte\u0159\u00ed spolupracuj\u00ed se zem\u011bd\u011blci na region\u00e1ln\u00ed \u00farovni, hraj\u00ed d\u016fle\u017eitou roli p\u0159i poskytov\u00e1n\u00ed poradenstv\u00ed v oblasti v\u0161ech forem inovac\u00ed. Pravideln\u00e1 (individu\u00e1ln\u00ed nebo spole\u010dn\u00e1) setk\u00e1n\u00ed s poradci pom\u00e1haj\u00ed zefektivnit rozhodov\u00e1n\u00ed zem\u011bd\u011blc\u016f p\u0159i posuzov\u00e1n\u00ed inovac\u00ed, kter\u00e9 mohou na sv\u00fdch farm\u00e1ch zav\u00e9st. P\u0159ev\u00e1\u017en\u00e1 v\u011bt\u0161ina interakc\u00ed mezi zem\u011bd\u011blci a poradci prob\u00edh\u00e1 v r\u00e1mci individu\u00e1ln\u00edch \u0161kolen\u00ed, workshop\u016f a semin\u00e1\u0159\u016f.<\/li><li>Ve\u0159ejn\u00ed poradci jsou hlavn\u00edmi poskytovateli poradenstv\u00ed pro v\u011bt\u0161inu zem\u011bd\u011blc\u016f v regionu. D\u016fvodem je dlouh\u00e1 historie ve\u0159ejn\u00e9ho poradenstv\u00ed v regionu, d\u016fv\u011bra ve vztahy mezi zem\u011bd\u011blci a poradci a vysok\u00e9 kompetence poradc\u016f v oblasti inovac\u00ed.&#13;\n<\/li><li>Dal\u0161\u00edm d\u016fle\u017eit\u00fdm zdrojem doporu\u010den\u00ed jsou sousedn\u00ed zem\u011bd\u011blci (kolegi\u00e1ln\u00ed v\u00fdm\u011bna znalost\u00ed), zejm\u00e9na ti, kte\u0159\u00ed vz\u00e1jemn\u011b komunikuj\u00ed a \u010dasto sd\u00edlej\u00ed informace a n\u00e1pady.<\/li><\/ol>\n\n<p><\/p>\n","protected":false},"excerpt":{"rendered":"<p>Region Siedleckie je v\u00fdznamn\u00fdm zem\u011bd\u011blsk\u00fdm regionem v Polsku s rozs\u00e1hl\u00fdmi plochami \u00farodn\u00e9 zem\u011bd\u011blsk\u00e9 p\u016fdy d\u00edky p\u0159\u00edzniv\u00fdm p\u016fdn\u00edm a klimatick\u00fdm podm\u00ednk\u00e1m. Region je v\u00fdznamn\u00fdm producentem poln\u00edch plodin (obiloviny, brambory, hr\u00e1ch a fazole) a ovoce (maliny, ryb\u00edz, jahody a jablka). Je zde tak\u00e9 vysok\u00e1 koncentrace lokalit Natura 2000, kter\u00e9 jsou d\u016fle\u017eit\u00e9 pro ochranu cenn\u00fdch p\u0159\u00edrodn\u00edch stanovi\u0161\u0165 a &hellip; <a href=\"https:\/\/www.agrilink2020.eu\/cs\/vyzkumnici\/prirodni-zdroje-a-spolecne-hospodareni\">Continued<\/a><\/p>\n","protected":false},"author":2,"featured_media":7506,"comment_status":"open","ping_status":"open","sticky":false,"template":"","format":"standard","meta":[],"categories":[121,122,148,150],"tags":[468],"region":[777],"country":[549],"work_package":[232],"keyword":[298],"_links":{"self":[{"href":"https:\/\/www.agrilink2020.eu\/cs\/wp-json\/wp\/v2\/posts\/10227"}],"collection":[{"href":"https:\/\/www.agrilink2020.eu\/cs\/wp-json\/wp\/v2\/posts"}],"about":[{"href":"https:\/\/www.agrilink2020.eu\/cs\/wp-json\/wp\/v2\/types\/post"}],"author":[{"embeddable":true,"href":"https:\/\/www.agrilink2020.eu\/cs\/wp-json\/wp\/v2\/users\/2"}],"replies":[{"embeddable":true,"href":"https:\/\/www.agrilink2020.eu\/cs\/wp-json\/wp\/v2\/comments?post=10227"}],"version-history":[{"count":1,"href":"https:\/\/www.agrilink2020.eu\/cs\/wp-json\/wp\/v2\/posts\/10227\/revisions"}],"predecessor-version":[{"id":10228,"href":"https:\/\/www.agrilink2020.eu\/cs\/wp-json\/wp\/v2\/posts\/10227\/revisions\/10228"}],"wp:featuredmedia":[{"embeddable":true,"href":"https:\/\/www.agrilink2020.eu\/cs\/wp-json\/wp\/v2\/media\/7506"}],"wp:attachment":[{"href":"https:\/\/www.agrilink2020.eu\/cs\/wp-json\/wp\/v2\/media?parent=10227"}],"wp:term":[{"taxonomy":"category","embeddable":true,"href":"https:\/\/www.agrilink2020.eu\/cs\/wp-json\/wp\/v2\/categories?post=10227"},{"taxonomy":"post_tag","embeddable":true,"href":"https:\/\/www.agrilink2020.eu\/cs\/wp-json\/wp\/v2\/tags?post=10227"},{"taxonomy":"region","embeddable":true,"href":"https:\/\/www.agrilink2020.eu\/cs\/wp-json\/wp\/v2\/region?post=10227"},{"taxonomy":"country","embeddable":true,"href":"https:\/\/www.agrilink2020.eu\/cs\/wp-json\/wp\/v2\/country?post=10227"},{"taxonomy":"work_package","embeddable":true,"href":"https:\/\/www.agrilink2020.eu\/cs\/wp-json\/wp\/v2\/work_package?post=10227"},{"taxonomy":"keyword","embeddable":true,"href":"https:\/\/www.agrilink2020.eu\/cs\/wp-json\/wp\/v2\/keyword?post=10227"}],"curies":[{"name":"wp","href":"https:\/\/api.w.org\/{rel}","templated":true}]}}