{"id":5794,"date":"2022-03-29T09:22:00","date_gmt":"2022-03-29T09:22:00","guid":{"rendered":"https:\/\/legacy.agrilink2020.eu\/uncategorized-cs\/abstrakty-z-praxe"},"modified":"2022-04-11T15:45:39","modified_gmt":"2022-04-11T15:45:39","slug":"abstrakty-z-praxe","status":"publish","type":"post","link":"https:\/\/www.agrilink2020.eu\/cs\/vyzkumnici\/abstrakty-z-praxe","title":{"rendered":"Abstrakty z praxe"},"content":{"rendered":"\n<h2 id=\"short-summaries-of-useful-information-and-recommendations\">Kr\u00e1tk\u00e9 shrnut\u00ed u\u017eite\u010dn\u00fdch informac\u00ed a doporu\u010den\u00ed<\/h2>\n\n<figure class=\"wp-block-table\"><table><tbody><tr><td>C\u00edlem t\u011bchto abstrakt\u016f je sd\u00edlet kr\u00e1tk\u00e9 shrnut\u00ed n\u011bkter\u00fdch praktick\u00fdch informac\u00ed nebo doporu\u010den\u00ed, kter\u00e9 byly zji\u0161t\u011bny nebo vypracov\u00e1ny b\u011bhem trv\u00e1n\u00ed projektu programu Horizont 2020. Zam\u011b\u0159uj\u00ed se p\u0159edev\u0161\u00edm na t\u00e9mata, kter\u00e1 jsou d\u016fle\u017eit\u00e1 a atraktivn\u00ed pro zem\u011bd\u011blce, zem\u011bd\u011blsk\u00e9 poradce a dal\u0161\u00ed odborn\u00edky z praxe, ale z\u00e1rove\u0148 se sna\u017e\u00ed o zaj\u00edmavost, p\u0159\u00edstupnost a srozumitelnost i pro \u0161ir\u0161\u00ed ve\u0159ejnost.  <br\/><br\/>Zde najdete 143 Abstrakty z praxe, kter\u00e9 jsme vytvo\u0159ili v r\u00e1mci projektu AgriLink. V\u0161echny byly vytvo\u0159eny ve spole\u010dn\u00e9m form\u00e1tu EIP-AGRI a jsou k dispozici na webov\u00fdch str\u00e1nk\u00e1ch EIP-AGRI ( <br\/><a rel=\"noreferrer noopener\" href=\"https:\/\/ec.europa.eu\/eip\/agriculture\/en\/find-connect\/projects\/agrilink-agricultural-knowledge-linking-farmers\" target=\"_blank\">https:\/\/ec.europa.eu\/eip\/agriculture\/en\/find-connect\/projects\/agrilink-agricultural-knowledge-linking-farmers<\/a> a <a rel=\"noreferrer noopener\" href=\"https:\/\/ec.europa.eu\/eip\/agriculture\/en\/find-connect\/projects\/agrilink-agricultural-knowledge-linking-farmers-0\" target=\"_blank\">https:\/\/ec.europa.eu\/eip\/agriculture\/en\/find-connect\/projects\/agrilink-agricultural-knowledge-linking-farmers-0<\/a>).<br\/><br\/>Abychom zv\u00fd\u0161ili jejich praktickou hodnotu, doplnili jsme je o dal\u0161\u00ed informace a n\u011bkolik fotografi\u00ed \u2012 nav\u00edc jsou ke sta\u017een\u00ed ve form\u00e1tu PDF.<br\/><br\/>Klikn\u011bte na n\u00ed\u017ee uveden\u00e9 z\u00e1lo\u017eky nebo pomoc\u00ed filtr\u016f vyhledejte konkr\u00e9tn\u00ed zemi, kl\u00ed\u010dov\u00e9 slovo nebo pracovn\u00ed bal\u00ed\u010dek.<br\/><br\/><\/td><\/tr><\/tbody><\/table><figcaption><br\/><br\/><br\/><br\/><br\/><\/figcaption><\/figure>\n","protected":false},"excerpt":{"rendered":"<p>Kr\u00e1tk\u00e9 shrnut\u00ed u\u017eite\u010dn\u00fdch informac\u00ed a doporu\u010den\u00ed C\u00edlem t\u011bchto abstrakt\u016f je sd\u00edlet kr\u00e1tk\u00e9 shrnut\u00ed n\u011bkter\u00fdch praktick\u00fdch informac\u00ed nebo doporu\u010den\u00ed, kter\u00e9 byly zji\u0161t\u011bny nebo vypracov\u00e1ny b\u011bhem trv\u00e1n\u00ed projektu programu Horizont 2020. Zam\u011b\u0159uj\u00ed se p\u0159edev\u0161\u00edm na t\u00e9mata, kter\u00e1 jsou d\u016fle\u017eit\u00e1 a atraktivn\u00ed pro zem\u011bd\u011blce, zem\u011bd\u011blsk\u00e9 poradce a dal\u0161\u00ed odborn\u00edky z praxe, ale z\u00e1rove\u0148 se sna\u017e\u00ed o zaj\u00edmavost, p\u0159\u00edstupnost &hellip; <a href=\"https:\/\/www.agrilink2020.eu\/cs\/vyzkumnici\/abstrakty-z-praxe\">Continued<\/a><\/p>\n","protected":false},"author":2,"featured_media":3807,"comment_status":"open","ping_status":"open","sticky":false,"template":"","format":"standard","meta":[],"categories":[121,148,149,150],"tags":[151],"region":[],"country":[],"work_package":[],"keyword":[],"_links":{"self":[{"href":"https:\/\/www.agrilink2020.eu\/cs\/wp-json\/wp\/v2\/posts\/5794"}],"collection":[{"href":"https:\/\/www.agrilink2020.eu\/cs\/wp-json\/wp\/v2\/posts"}],"about":[{"href":"https:\/\/www.agrilink2020.eu\/cs\/wp-json\/wp\/v2\/types\/post"}],"author":[{"embeddable":true,"href":"https:\/\/www.agrilink2020.eu\/cs\/wp-json\/wp\/v2\/users\/2"}],"replies":[{"embeddable":true,"href":"https:\/\/www.agrilink2020.eu\/cs\/wp-json\/wp\/v2\/comments?post=5794"}],"version-history":[{"count":10,"href":"https:\/\/www.agrilink2020.eu\/cs\/wp-json\/wp\/v2\/posts\/5794\/revisions"}],"predecessor-version":[{"id":5934,"href":"https:\/\/www.agrilink2020.eu\/cs\/wp-json\/wp\/v2\/posts\/5794\/revisions\/5934"}],"wp:featuredmedia":[{"embeddable":true,"href":"https:\/\/www.agrilink2020.eu\/cs\/wp-json\/wp\/v2\/media\/3807"}],"wp:attachment":[{"href":"https:\/\/www.agrilink2020.eu\/cs\/wp-json\/wp\/v2\/media?parent=5794"}],"wp:term":[{"taxonomy":"category","embeddable":true,"href":"https:\/\/www.agrilink2020.eu\/cs\/wp-json\/wp\/v2\/categories?post=5794"},{"taxonomy":"post_tag","embeddable":true,"href":"https:\/\/www.agrilink2020.eu\/cs\/wp-json\/wp\/v2\/tags?post=5794"},{"taxonomy":"region","embeddable":true,"href":"https:\/\/www.agrilink2020.eu\/cs\/wp-json\/wp\/v2\/region?post=5794"},{"taxonomy":"country","embeddable":true,"href":"https:\/\/www.agrilink2020.eu\/cs\/wp-json\/wp\/v2\/country?post=5794"},{"taxonomy":"work_package","embeddable":true,"href":"https:\/\/www.agrilink2020.eu\/cs\/wp-json\/wp\/v2\/work_package?post=5794"},{"taxonomy":"keyword","embeddable":true,"href":"https:\/\/www.agrilink2020.eu\/cs\/wp-json\/wp\/v2\/keyword?post=5794"}],"curies":[{"name":"wp","href":"https:\/\/api.w.org\/{rel}","templated":true}]}}