{"id":6419,"date":"2021-11-12T10:53:14","date_gmt":"2021-11-12T10:53:14","guid":{"rendered":"https:\/\/legacy.agrilink2020.eu\/uncategorized-cs\/ziva-laborator-lepsi-financni-informace-pro-male-zemedelce-v-neprehlednem-informacnim-prostredi"},"modified":"2022-04-15T16:13:37","modified_gmt":"2022-04-15T16:13:37","slug":"ziva-laborator-lepsi-financni-informace-pro-male-zemedelce-v-neprehlednem-informacnim-prostredi","status":"publish","type":"post","link":"https:\/\/www.agrilink2020.eu\/cs\/vyzkumnici\/ziva-laborator-lepsi-financni-informace-pro-male-zemedelce-v-neprehlednem-informacnim-prostredi","title":{"rendered":"\u017div\u00e1 laborato\u0159: Lep\u0161\u00ed finan\u010dn\u00ed informace pro mal\u00e9 zem\u011bd\u011blce v nep\u0159ehledn\u00e9m informa\u010dn\u00edm prost\u0159ed\u00ed"},"content":{"rendered":"\n<h2 id=\"giurgiu-county-romania\">\u017dupa Giurgiu, Rumunsko<\/h2>\n\n<p>C\u00edlem rumunsk\u00e9 \u017eiv\u00e9 laborato\u0159e bylo vyvinout inovativn\u00ed podp\u016frn\u00e9 slu\u017eby a n\u00e1stroje, kter\u00e9 by zlep\u0161ily p\u0159\u00edstup ke spolehliv\u00fdm a v\u010dasn\u00fdm finan\u010dn\u00edm informac\u00edm pro drobn\u00e9 p\u011bstitele zeleniny spolupracuj\u00edc\u00edch v dru\u017estvu v ji\u017en\u00edm Rumunsku.<\/p>\n\n<figure class=\"wp-block-image is-style-default\"><img decoding=\"async\" src=\"https:\/\/www.agrilink2020.eu\/wp-content\/uploads\/2020\/04\/DSC_7658-e1587464446223.jpg\" alt=\"\"\/><\/figure>\n\n<h2 id=\"context-theme-and-target-group\"><strong>Souvislosti, p\u0159edm\u011bt a c\u00edlov\u00e1 skupina<\/strong><\/h2>\n\n<figure class=\"wp-block-table\"><table><tbody><tr><td>Rumunsko m\u00e1 slab\u00fd a rozt\u0159\u00ed\u0161t\u011bn\u00fd syst\u00e9m zem\u011bd\u011blsk\u00e9ho poradenstv\u00ed a zejm\u00e9na pro mal\u00e9 zem\u011bd\u011blce je obt\u00ed\u017en\u00e9 orientovat se v z\u00e1kladn\u00edch z\u00e1konn\u00fdch povinnostech, kter\u00e9 mus\u00ed dodr\u017eovat, zvl\u00e1\u0161t\u011b kdy\u017e je to komplikov\u00e1no \u010dast\u00fdmi zm\u011bnami pr\u00e1vn\u00edch p\u0159edpis\u016f. Mnoho probl\u00e9m\u016f spojen\u00fdch s odv\u011btv\u00edm mal\u00fdch zem\u011bd\u011blsk\u00fdch podnik\u016f, v\u010detn\u011b n\u00edzk\u00e9 produktivity, mal\u00fdch investic a chab\u00e9ho \u010derp\u00e1n\u00ed evropsk\u00fdch fond\u016f, souvis\u00ed s nedostatkem \u0159\u00e1dn\u00e9ho poradenstv\u00ed \u2013 v\u010detn\u011b kl\u00ed\u010dov\u00e9ho probl\u00e9mu souvisej\u00edc\u00edho s finan\u010dn\u00edm \u0159\u00edzen\u00ed. Mnoz\u00ed drobn\u00ed zem\u011bd\u011blci (zejm\u00e9na ti, kte\u0159\u00ed se cht\u011bj\u00ed chovat obchodn\u011bji) na druh\u00e9 stran\u011b sd\u00edlej\u00ed pocit frustrace a nal\u00e9havou pot\u0159ebu zlep\u0161it svou situaci. Takov\u00e1 situace byla zji\u0161t\u011bna v obci V\u0103r\u0103\u0219ti v \u017eup\u011b Giurgiu, p\u0159ibli\u017en\u011b 30 km od hlavn\u00edho m\u011bsta Bukure\u0161ti.  <\/td><\/tr><\/tbody><\/table><\/figure>\n\n<figure class=\"is-layout-flex wp-block-gallery-1 wp-block-gallery has-nested-images columns-default is-cropped\">\n<figure class=\"wp-block-image size-large\"><img decoding=\"async\" loading=\"lazy\" width=\"150\" height=\"150\" data-id=\"654\"  src=\"https:\/\/agrilink.staging.nvt.agency\/wp-content\/uploads\/2021\/11\/Giurgiu.LL_.jpeg\" alt=\"\" class=\"wp-image-654\"\/><\/figure>\n\n\n\n<figure class=\"wp-block-image size-large\"><img decoding=\"async\" loading=\"lazy\" width=\"479\" height=\"269\" data-id=\"581\"  src=\"https:\/\/agrilink.staging.nvt.agency\/wp-content\/uploads\/2021\/11\/AgriLink.Living.Lab_.Romania.2.jpg\" alt=\"\" class=\"wp-image-581\" srcset=\"https:\/\/www.agrilink2020.eu\/wp-content\/uploads\/2021\/11\/AgriLink.Living.Lab_.Romania.2.jpg 479w, https:\/\/www.agrilink2020.eu\/wp-content\/uploads\/2021\/11\/AgriLink.Living.Lab_.Romania.2-300x168.jpg 300w\" sizes=\"(max-width: 479px) 100vw, 479px\" \/><\/figure>\n\n\n\n<figure class=\"wp-block-image size-large\"><img decoding=\"async\" loading=\"lazy\" width=\"482\" height=\"270\" data-id=\"570\"  src=\"https:\/\/agrilink.staging.nvt.agency\/wp-content\/uploads\/2021\/11\/AgriLink.-Living.Lab_.Romania.1.jpg\" alt=\"\" class=\"wp-image-570\" srcset=\"https:\/\/www.agrilink2020.eu\/wp-content\/uploads\/2021\/11\/AgriLink.-Living.Lab_.Romania.1.jpg 482w, https:\/\/www.agrilink2020.eu\/wp-content\/uploads\/2021\/11\/AgriLink.-Living.Lab_.Romania.1-300x168.jpg 300w\" sizes=\"(max-width: 482px) 100vw, 482px\" \/><\/figure>\n<\/figure>\n\n<figure class=\"wp-block-table\"><table><tbody><tr><td>V\u0103r\u0103\u0219ti je zn\u00e1m\u00e9 t\u00edm, \u017ee zde funguje inovativn\u00ed dru\u017estvo drobn\u00fdch p\u011bstitel\u016f zeleniny (v\u011bt\u0161ina z nich m\u00e1 m\u00e9n\u011b ne\u017e 1 ha), kter\u00e9 aktivn\u011b podporuje a propaguje \u0159et\u011bzec supermarket\u016f Carrefour, druh\u00fd nejv\u011bt\u0161\u00ed maloobchodn\u00ed \u0159et\u011bzec v Rumunsku. Carrefour se zaslou\u017eil o zalo\u017een\u00ed dru\u017estva a doposud je jeho hlavn\u00edm odb\u011bratelem, p\u0159i\u010dem\u017e v posledn\u00edch letech \u00fadajn\u011b odeb\u00edr\u00e1 od dru\u017estva t\u00e9m\u011b\u0159 40 % \u010derstv\u00fdch produkt\u016f, kter\u00e9 prod\u00e1v\u00e1 v obchodech po cel\u00e9m Rumunsku. <\/td><\/tr><tr><td>Po\u010det \u010dlen\u016f dru\u017estva V\u0103r\u0103\u0219ti se v prvn\u00edch letech jeho \u010dinnosti rychle zvy\u0161oval a \u010dlenov\u00e9 profitovali z podpory zahradnick\u00fdch poradc\u016f, kterou poskytoval Carrefour. S rostouc\u00ed produkc\u00ed se v\u0161ak \u010dlenov\u00e9 dru\u017estva pot\u00fdkali s nar\u016fstaj\u00edc\u00ed administrativn\u00ed z\u00e1t\u011b\u017e\u00ed spojenou s veden\u00edm jednotliv\u00fdch podnik\u016f, s neust\u00e1le se m\u011bn\u00edc\u00ed finan\u010dn\u00ed legislativou a s obecn\u00fdm nedostatkem podnikatelsk\u00fdch a obchodn\u00edch dovednost\u00ed. <\/td><\/tr><tr><td>B\u011bhem konzultac\u00ed s vedouc\u00edmi dru\u017estva byla zji\u0161t\u011bna jasn\u00e1 a nal\u00e9hav\u00e1 pot\u0159eba jasn\u00fdch, jednoduch\u00fdch a aktu\u00e1ln\u00edch pokyn\u016f k finan\u010dn\u00edmu \u0159\u00edzen\u00ed, v\u010detn\u011b jednoduch\u00e9ho n\u00e1vodu krok za krokem ke kriticky d\u016fle\u017eit\u00e9 oblasti p\u0159\u00edpravy ro\u010dn\u00edch da\u0148ov\u00fdch p\u0159izn\u00e1n\u00ed. <\/td><\/tr><\/tbody><\/table><\/figure>\n\n<h2 id=\"partner-and-contact-person\">Partner a kontaktn\u00ed osoba<\/h2>\n\n<h2 id=\"highclere-consulting-hcc\">Highclere Consulting (HCC)<\/h2>\n\n<p>Raluca Barbu, <a href=\"mailto:raluca@highclere-consulting.com\">raluca@highclere-consulting.com<\/a><\/p>\n\n<p>HCC je soukrom\u00e1 poradensk\u00e1 spole\u010dnost se s\u00eddlem v rumunsk\u00e9m Bra\u0161ov\u011b. Spole\u010dnost byla zalo\u017eena v roce 2006 a poskytuje praktick\u00e9 poradensk\u00e9 slu\u017eby, \u0161kolen\u00ed a anal\u00fdzu politik pro vl\u00e1dn\u00ed a nevl\u00e1dn\u00ed organizace v oblasti rozvoje venkova a udr\u017eiteln\u00e9ho zem\u011bd\u011blstv\u00ed v jihov\u00fdchodn\u00ed Evrop\u011b. <\/p>\n\n<figure class=\"wp-block-image is-style-rounded\"><img decoding=\"async\" src=\"https:\/\/www.agrilink2020.eu\/wp-content\/uploads\/2020\/04\/hcc_logo_transparent.png\" alt=\"\"\/><\/figure>\n\n<p><a href=\"https:\/\/www.agrilink2020.eu\/living-labs\/small-farmers-receive-better-fiscal-information-in-a-confusing-informational-landscape\/highclere-consulting.com\">highclere-consulting.com<\/a><\/p>\n\n<h2 id=\"the-living-lab-story\">P\u0159\u00edb\u011bh \u017eiv\u00e9 laborato\u0159e<\/h2>\n\n<figure class=\"wp-block-table\"><table><tbody><tr><td>HCC m\u00e1 zku\u0161enosti s prac\u00ed s drobn\u00fdmi zem\u011bd\u011blci v \u017eup\u011b Giurgiu z projektu SALSA v r\u00e1mci programu Horizont 2020<a href=\"http:\/\/www.salsa.uevora.pt\">(www.salsa.uevora.pt)<\/a> B\u011bhem tohoto obdob\u00ed bylo zji\u0161t\u011bno, \u017ee komunita ve V\u0103r\u0103\u0219ti je obzvl\u00e1\u0161t\u011b vhodn\u00e1 pro realizaci konceptu \u017eiv\u00e9 laborato\u0159e AgriLink, proto\u017ee zde existuje siln\u00fd duch spolupr\u00e1ce a velmi specifick\u00fd probl\u00e9m, kter\u00fd m\u00e1 p\u0159\u00edm\u00fd dopad na ziskovost a kvalitu \u017eivota drobn\u00fdch p\u011bstitel\u016f zeleniny ve vesnici.<\/td><\/tr><tr><td>\u017div\u00e1 laborato\u0159 za\u010dala sv\u00e9 p\u016fsoben\u00ed komplexn\u00edm posouzen\u00edm pot\u0159eb, kter\u00e9 bylo provedeno na za\u010d\u00e1tku roku 2018. V n\u00e1vaznosti na to bylo rozhodnuto, \u017ee se zam\u011b\u0159\u00ed na: Spojen\u00ed nejmotivovan\u011bj\u0161\u00edch a nejaktivn\u011bj\u0161\u00edch \u010dlen\u016f dru\u017estva V\u0103r\u0103\u0219ti s p\u0159\u00edslu\u0161n\u00fdmi odborn\u00edky s c\u00edlem definovat a spole\u010dn\u011b vytvo\u0159it jednoduchou p\u0159\u00edru\u010dku o finan\u010dn\u00edm \u0159\u00edzen\u00ed pro drobn\u00e9 p\u011bstitele zeleniny. Roz\u0161\u00ed\u0159en\u00ed t\u011bchto pokyn\u016f mezi co nejv\u00edce ze 150 \u010dlen\u016f dru\u017estva V\u0103r\u0103\u0219ti Zkoum\u00e1n\u00ed mo\u017enosti replikace bro\u017eury o finan\u010dn\u00edm poradenstv\u00ed v jin\u00e9m regionu Rumunska s jin\u00fdmi typy zem\u011bd\u011blc\u016f. <\/td><\/tr><\/tbody><\/table><\/figure>\n\n<figure class=\"is-layout-flex wp-block-gallery-3 wp-block-gallery has-nested-images columns-default is-cropped\">\n<figure class=\"wp-block-image size-large\"><img decoding=\"async\" loading=\"lazy\" width=\"150\" height=\"150\" data-id=\"653\"  src=\"https:\/\/agrilink.staging.nvt.agency\/wp-content\/uploads\/2021\/11\/Capsuni.LL_.jpg\" alt=\"\" class=\"wp-image-653\"\/><\/figure>\n\n\n\n<figure class=\"wp-block-image size-large\"><img decoding=\"async\" loading=\"lazy\" width=\"150\" height=\"150\" data-id=\"655\"  src=\"https:\/\/agrilink.staging.nvt.agency\/wp-content\/uploads\/2021\/11\/Profil-Cooperativa-Agricola-Carrefour-Varasti-150x150-1.jpeg\" alt=\"\" class=\"wp-image-655\"\/><\/figure>\n\n\n\n<figure class=\"wp-block-image size-large\"><img decoding=\"async\" loading=\"lazy\" width=\"150\" height=\"150\" data-id=\"656\"  src=\"https:\/\/agrilink.staging.nvt.agency\/wp-content\/uploads\/2021\/11\/Romania.LL_.Ghid_-150x150-1.jpg\" alt=\"\" class=\"wp-image-656\"\/><\/figure>\n<\/figure>\n\n<figure class=\"wp-block-table\"><table><tbody><tr><td>V roce 2018 se v obci V\u0103r\u0103\u0219ti konala \u010detn\u00e1 setk\u00e1n\u00ed, na nich\u017e byli \u010dlenov\u00e9 dru\u017estva vyzv\u00e1ni, aby otev\u0159en\u011b a podrobn\u011b diskutovali o konkr\u00e9tn\u00edch probl\u00e9mech, kter\u00fdm \u010del\u00ed p\u0159i \u0159\u00edzen\u00ed finan\u010dn\u00edch aspekt\u016f sv\u00e9ho podnik\u00e1n\u00ed. \u00da\u010dastn\u00edk\u016fm \u017eiv\u00e9 laborato\u0159e byl p\u0159edstaven zku\u0161en\u00fd finan\u010dn\u00ed poradce z jin\u00e9ho rumunsk\u00e9ho regionu, kter\u00fd s podporou t\u00fdmu HCC pracoval p\u0159\u00edmo s p\u011bstiteli zeleniny na prvn\u00ed verzi finan\u010dn\u00edho pr\u016fvodce. B\u011bhem tohoto procesu byla v\u011bnov\u00e1na zvl\u00e1\u0161tn\u00ed pozornost tomu, aby byl obsah p\u0159\u00edru\u010dky p\u0159izp\u016fsoben specifick\u00fdm pot\u0159eb\u00e1m producent\u016f zeleniny.  <\/td><\/tr><tr><td>Na p\u0159elomu let 2018 a 2019 byl finan\u010dn\u00ed pr\u016fvodce testov\u00e1n s \u010dleny dru\u017estva pomoc\u00ed interaktivn\u00edch \u0161kolen\u00ed a zp\u011btn\u00e9 vazby. V\u00edce ne\u017e 75 % drobn\u00fdch p\u011bstitel\u016f zeleniny, kte\u0159\u00ed se tohoto procesu z\u00fa\u010dastnili, podalo ro\u010dn\u00ed da\u0148ov\u00e9 p\u0159izn\u00e1n\u00ed na rok 2019 spr\u00e1vn\u011b.  <\/td><\/tr><\/tbody><\/table><\/figure>\n\n<h2 id=\"lessons-learned\">Z\u00edskan\u00e9 poznatky<\/h2>\n\n<figure class=\"wp-block-table\"><table><tbody><tr><td><strong>P\u0159\u00edstup k jasn\u00fdm informac\u00edm a odborn\u00e9mu poradenstv\u00ed<\/strong><br\/>Drobn\u00ed zem\u011bd\u011blci v Rumunsku hledaj\u00ed srozumiteln\u00e9 informace pod\u00e1van\u00e9 jednoduch\u00fdm jazykem. Oce\u0148uj\u00ed tak\u00e9 mo\u017enost diskutovat o sv\u00fdch probl\u00e9mech a dotazech p\u0159\u00edmo s odborn\u00edky bez obav z postihu. Novinkou p\u0159\u00edstupu \u017eiv\u00e9 laborato\u0159e pro p\u011bstitele zeleniny ve V\u0103r\u0103\u0219ti byla mo\u017enost rychl\u00e9ho p\u0159\u00edstupu k pot\u0159ebn\u00fdm informac\u00edm a odborn\u00e9 podpo\u0159e \u2013 a tak\u00e9 v\u00fdsledek (metodick\u00fd dokument), kter\u00fd jim pom\u00e1hal i po skon\u010den\u00ed projektu.   <\/td><\/tr><tr><td><strong>Sdru\u017een\u00ed a zapojen\u00ed<\/strong><br\/>Drobn\u00ed zem\u011bd\u011blci mohou sn\u00e1ze vyu\u017e\u00edvat inovativn\u00ed poradensk\u00e9 n\u00e1stroje a slu\u017eby, pokud jsou sdru\u017eeni v dru\u017estvech. Pokud nav\u00edc prakticky poc\u00edt\u00ed u\u017eite\u010dnost z\u00edskan\u00fdch informac\u00ed z individu\u00e1ln\u00edho i kolektivn\u00edho hlediska, jsou ochotni za tyto slu\u017eby platit. To bylo pozorov\u00e1no ve V\u0103r\u0103\u0219ti.  <\/td><\/tr><tr><td><strong>D\u016fraz na jednoduchost<\/strong><br\/>Finan\u010dn\u00ed p\u0159\u00edru\u010dka vytvo\u0159en\u00e1 v rumunsk\u00e9 \u017eiv\u00e9 laborato\u0159i byla velmi u\u017eite\u010dn\u00fdm a \u00fa\u010dinn\u00fdm poradensk\u00fdm n\u00e1strojem pro drobn\u00e9 p\u011bstitele zeleniny ve V\u0103r\u0103\u0219ti. Nic podobn\u00e9ho nem\u011bli k dispozici! Navzdory sv\u00e9 jednoduchosti byla zjevn\u011b inovativn\u00ed. Nepodce\u0148ujte moc jednoduchosti!    <\/td><\/tr><tr><td><strong>Replikovatelnost<\/strong><br\/>Metoda \u017eiv\u00e9 laborato\u0159e je velmi flexibiln\u00ed a s v\u011bt\u0161\u00edm \u010dasov\u00fdm odstupem by bylo velmi snadn\u00e9 roz\u0161\u00ed\u0159it laborato\u0159 do dal\u0161\u00edch \u010d\u00e1st\u00ed Rumunska a dal\u0161\u00edch odv\u011btv\u00ed a pokra\u010dovat ve v\u00fdvoji finan\u010dn\u00edho pr\u016fvodce. Z\u00e1jem o jeho adaptaci a \u0161\u00ed\u0159en\u00ed projevilo n\u011bkolik organizac\u00ed a podnik\u016f (m\u00edstn\u00ed ak\u010dn\u00ed skupiny LEADER, masn\u00e1 a ml\u00e9k\u00e1rensk\u00e1 dru\u017estva, provozovatel\u00e9 region\u00e1ln\u00edho cestovn\u00edho ruchu atd.) <\/td><\/tr><\/tbody><\/table><\/figure>\n\n<hr class=\"wp-block-separator\"\/>\n\n<p><strong>V\u00edce informac\u00ed<\/strong>o t\u00e9to \u017eiv\u00e9 laborato\u0159i (v angli\u010dtin\u011b)<\/p>\n\n<p><a href=\"http:\/\/www.agrilink2020.eu\/wp-content\/uploads\/2019\/07\/PA_9_RO_HCC_final.pdf\">Practice Abstract 9 \u2013 <strong>Problem analysis in Living Lab: What is the value of an advisory service? \u2013 the case of a vegetable growers\u2019 cooperative in Romania <\/strong> (Highclere Consulting)<\/a><\/p>\n\n<p>Articles about Living Lab on HCC website:<\/p>\n\n<ul><li><a href=\"http:\/\/highclere-consulting.com\/en\/agrilink-exploring-the-romanian-advisory-services\/\">http:\/\/highclere-consulting.com\/en\/agrilink-exploring-the-romanian-advisory-services\/<\/a><\/li><li><a href=\"http:\/\/highclere-consulting.com\/en\/agrilink-challenges-before-launching-the-living-lab\/\">http:\/\/highclere-consulting.com\/en\/agrilink-challenges-before-launching-the-living-lab\/<\/a><\/li><li><a href=\"http:\/\/highclere-consulting.com\/en\/agrilink-reconsidering-our-scope-farmers-groups-evaluation\/\">http:\/\/highclere-consulting.com\/en\/agrilink-reconsidering-our-scope-farmers-groups-evaluation\/<\/a><\/li><li><a href=\"http:\/\/highclere-consulting.com\/en\/agrilink-varasti-will-have-its-first-living-lab\/\">http:\/\/highclere-consulting.com\/en\/agrilink-varasti-will-have-its-first-living-lab\/<\/a><\/li><li><a href=\"http:\/\/highclere-consulting.com\/en\/agrilink-romanian-living-lab-delivering-financial-advice-for-varasti-cooperative-members\/\">http:\/\/highclere-consulting.com\/en\/agrilink-romanian-living-lab-delivering-financial-advice-for-varasti-cooperative-members\/<\/a><\/li><\/ul>\n\n<p>Articles about Living Lab on AgriLink websites:<\/p>\n\n<ul><li><a href=\"https:\/\/www.agrilink2020.eu\/agrilink-romanian-living-lab-delivering-financial-advice-for-varasti-cooperative-members\/\">https:\/\/www.agrilink2020.eu\/agrilink-romanian-living-lab-delivering-financial-advice-for-varasti-cooperative-members\/<\/a><\/li><li><a href=\"https:\/\/www.agrilink2020.eu\/varasti-will-have-its-first-living-lab\/\">https:\/\/www.agrilink2020.eu\/varasti-will-have-its-first-living-lab\/<\/a><\/li><li><a href=\"https:\/\/www.agrilink2020.eu\/reconsidering-our-scope-farmers-groups-evaluation\/\">https:\/\/www.agrilink2020.eu\/reconsidering-our-scope-farmers-groups-evaluation\/<\/a><\/li><li><a href=\"https:\/\/www.agrilink2020.eu\/challenges-before-launching-the-living-lab\/\">https:\/\/www.agrilink2020.eu\/challenges-before-launching-the-living-lab\/<\/a><\/li><li><a href=\"https:\/\/www.agrilink2020.eu\/exploration-of-the-romanian-advisory-services\/\">https:\/\/www.agrilink2020.eu\/exploration-of-the-romanian-advisory-services\/<\/a><\/li><\/ul>\n","protected":false},"excerpt":{"rendered":"<p>\u017dupa Giurgiu, Rumunsko C\u00edlem rumunsk\u00e9 \u017eiv\u00e9 laborato\u0159e bylo vyvinout inovativn\u00ed podp\u016frn\u00e9 slu\u017eby a n\u00e1stroje, kter\u00e9 by zlep\u0161ily p\u0159\u00edstup ke spolehliv\u00fdm a v\u010dasn\u00fdm finan\u010dn\u00edm informac\u00edm pro drobn\u00e9 p\u011bstitele zeleniny spolupracuj\u00edc\u00edch v dru\u017estvu v ji\u017en\u00edm Rumunsku. Souvislosti, p\u0159edm\u011bt a c\u00edlov\u00e1 skupina Rumunsko m\u00e1 slab\u00fd a rozt\u0159\u00ed\u0161t\u011bn\u00fd syst\u00e9m zem\u011bd\u011blsk\u00e9ho poradenstv\u00ed a zejm\u00e9na pro mal\u00e9 zem\u011bd\u011blce je obt\u00ed\u017en\u00e9 orientovat &hellip; <a href=\"https:\/\/www.agrilink2020.eu\/cs\/vyzkumnici\/ziva-laborator-lepsi-financni-informace-pro-male-zemedelce-v-neprehlednem-informacnim-prostredi\">Continued<\/a><\/p>\n","protected":false},"author":2,"featured_media":4176,"comment_status":"open","ping_status":"open","sticky":false,"template":"","format":"standard","meta":[],"categories":[121,122,148,149,150],"tags":[195],"region":[414],"country":[413],"work_package":[241],"keyword":[297,298],"_links":{"self":[{"href":"https:\/\/www.agrilink2020.eu\/cs\/wp-json\/wp\/v2\/posts\/6419"}],"collection":[{"href":"https:\/\/www.agrilink2020.eu\/cs\/wp-json\/wp\/v2\/posts"}],"about":[{"href":"https:\/\/www.agrilink2020.eu\/cs\/wp-json\/wp\/v2\/types\/post"}],"author":[{"embeddable":true,"href":"https:\/\/www.agrilink2020.eu\/cs\/wp-json\/wp\/v2\/users\/2"}],"replies":[{"embeddable":true,"href":"https:\/\/www.agrilink2020.eu\/cs\/wp-json\/wp\/v2\/comments?post=6419"}],"version-history":[{"count":3,"href":"https:\/\/www.agrilink2020.eu\/cs\/wp-json\/wp\/v2\/posts\/6419\/revisions"}],"predecessor-version":[{"id":6422,"href":"https:\/\/www.agrilink2020.eu\/cs\/wp-json\/wp\/v2\/posts\/6419\/revisions\/6422"}],"wp:featuredmedia":[{"embeddable":true,"href":"https:\/\/www.agrilink2020.eu\/cs\/wp-json\/wp\/v2\/media\/4176"}],"wp:attachment":[{"href":"https:\/\/www.agrilink2020.eu\/cs\/wp-json\/wp\/v2\/media?parent=6419"}],"wp:term":[{"taxonomy":"category","embeddable":true,"href":"https:\/\/www.agrilink2020.eu\/cs\/wp-json\/wp\/v2\/categories?post=6419"},{"taxonomy":"post_tag","embeddable":true,"href":"https:\/\/www.agrilink2020.eu\/cs\/wp-json\/wp\/v2\/tags?post=6419"},{"taxonomy":"region","embeddable":true,"href":"https:\/\/www.agrilink2020.eu\/cs\/wp-json\/wp\/v2\/region?post=6419"},{"taxonomy":"country","embeddable":true,"href":"https:\/\/www.agrilink2020.eu\/cs\/wp-json\/wp\/v2\/country?post=6419"},{"taxonomy":"work_package","embeddable":true,"href":"https:\/\/www.agrilink2020.eu\/cs\/wp-json\/wp\/v2\/work_package?post=6419"},{"taxonomy":"keyword","embeddable":true,"href":"https:\/\/www.agrilink2020.eu\/cs\/wp-json\/wp\/v2\/keyword?post=6419"}],"curies":[{"name":"wp","href":"https:\/\/api.w.org\/{rel}","templated":true}]}}