{"id":6457,"date":"2022-05-08T16:26:00","date_gmt":"2022-05-08T16:26:00","guid":{"rendered":"https:\/\/legacy.agrilink2020.eu\/uncategorized-cs\/politicka-doporuceni"},"modified":"2022-07-13T09:29:20","modified_gmt":"2022-07-13T09:29:20","slug":"politicka-doporuceni","status":"publish","type":"post","link":"https:\/\/www.agrilink2020.eu\/cs\/vyzkumnici\/politicka-doporuceni","title":{"rendered":"Politick\u00e1 doporu\u010den\u00ed"},"content":{"rendered":"\n<h2>Navrhli jsme \u010dty\u0159i kl\u00ed\u010dov\u00e1 politick\u00e1 doporu\u010den\u00ed odvozen\u00e1 z v\u00fdzkumn\u00fdch a inova\u010dn\u00edch \u010dinnost\u00ed vyvinut\u00fdch v r\u00e1mci projektu AgriLink:<\/h2>\n\n<p>1. <strong>O nez\u00e1visl\u00e9m poradenstv\u00ed<\/strong>: Vymezen\u00ed hranic, kdo se pova\u017euje za &#8222;nez\u00e1visl\u00e9ho a nestrann\u00e9ho&#8220; poradce, m\u016f\u017ee b\u00fdt velmi obt\u00ed\u017en\u00e9 a nen\u00ed dosta\u010duj\u00edc\u00ed. Domn\u00edv\u00e1me se, \u017ee je rovn\u011b\u017e nutn\u00e9 p\u0159ijmout opat\u0159en\u00ed, kter\u00e1 umo\u017en\u00ed &#8222;transparentnost a robustnost&#8220; obsahu poradenstv\u00ed. Pro dosa\u017een\u00ed tohoto c\u00edle hraj\u00ed kl\u00ed\u010dovou roli ve\u0159ejn\u00e9 subjekty, kter\u00e9 podporuj\u00ed, investuj\u00ed a kontroluj\u00ed back-office rozm\u011br zem\u011bd\u011blsk\u00e9ho poradenstv\u00ed.  <\/p>\n\n<p>2. <strong>O \u0161kolen\u00ed poradc\u016f:<\/strong> Pro zd\u016frazn\u011bn\u00ed nedostatk\u016f a pot\u0159eb v poskytov\u00e1n\u00ed poradensk\u00fdch slu\u017eeb v konkr\u00e9tn\u00edch podm\u00ednk\u00e1ch by m\u011bl b\u00fdt pou\u017eit p\u0159\u00edstup zam\u011b\u0159en\u00fd na zem\u011bd\u011blce, kter\u00fd vych\u00e1z\u00ed z pochopen\u00ed pot\u0159eb zem\u011bd\u011blc\u016f a jejich osobn\u00edch s\u00edt\u00ed. Existuje potenci\u00e1l l\u00e9pe za\u010dlenit pokroky spole\u010densk\u00fdch v\u011bd o rozhodov\u00e1n\u00ed zem\u011bd\u011blc\u016f (nap\u0159. Triggering Change Model, microAKIS) do vzd\u011bl\u00e1vac\u00edch a \u0161kolic\u00edch modul\u016f pro poradce. <\/p>\n\n<p>3. <strong>O inkluzivn\u00edm poradenstv\u00ed:<\/strong> Na\u0161e zji\u0161t\u011bn\u00ed ukazuj\u00ed, \u017ee n\u011bkter\u00e9 profily nejsou zahrnuty mezi p\u0159\u00edjemce zem\u011bd\u011blsk\u00e9ho poradenstv\u00ed. \u010c\u00e1st t\u011bchto &#8222;t\u011b\u017eko dosa\u017eiteln\u00fdch&#8220; skupin obyvatelstva je dob\u0159e zn\u00e1ma (mal\u00e9 farmy, zem\u011bd\u011blci na \u010d\u00e1ste\u010dn\u00fd \u00favazek, nov\u00ed \u00fa\u010dastn\u00edci trhu, \u017eeny). Identifikovali jsme v\u0161ak i dal\u0161\u00ed venkovsk\u00e9 a zem\u011bd\u011blsk\u00e9 populace, kter\u00e9 jsou m\u00e9n\u011b \u010dasto br\u00e1ny v \u00favahu v r\u00e1mci rodinn\u00e9 pracovn\u00ed s\u00edly, ale i mimo ni (n\u00e1mezdn\u00ed pracovn\u00edci, dodavatel\u00e9, vyslan\u00ed pracovn\u00edci). Domn\u00edv\u00e1me se, \u017ee je t\u0159eba l\u00e9pe porozum\u011bt tomu, kdo jsou obt\u00ed\u017en\u011b dosa\u017eiteln\u00e9 skupiny obyvatel a jak\u00e9 jsou jejich pot\u0159eby, pokud jde o r\u016fzn\u00e9 typy inovac\u00ed.   <\/p>\n\n<p>4. <strong>O integrovan\u00e9m poradenstv\u00ed:<\/strong> Chceme-li stimulovat poskytov\u00e1n\u00ed integrovan\u00fdch poradensk\u00fdch slu\u017eeb, kter\u00e9 p\u0159isp\u00edvaj\u00ed k udr\u017eiteln\u011bj\u0161\u00edmu zem\u011bd\u011blstv\u00ed v jeho \u0161ir\u0161\u00edm soci\u00e1ln\u00edm a politick\u00e9m kontextu, mus\u00edme investovat do situac\u00ed, kter\u00e9 se vyzna\u010duj\u00ed nejistotou, nedostatky a kontroverz\u00ed. Domn\u00edv\u00e1me se, \u017ee k identifikaci t\u011bchto situac\u00ed a n\u00e1sledn\u00e9 podpo\u0159e transforma\u010dn\u00edch zm\u011bn jak na \u00farovni zem\u011bd\u011blsk\u00fdch podnik\u016f, tak na \u00farovni spoluvytv\u00e1\u0159en\u00ed slu\u017eeb na podporu inovac\u00ed by bylo mo\u017en\u00e9 vyu\u017e\u00edt v\u00edce poznatk\u016f ze spole\u010densk\u00fdch v\u011bd. <\/p>\n\n<hr class=\"wp-block-separator has-css-opacity\"\/>\n\n<p><\/p>\n\n<p>For more information, please download the full report on policy recommendations for strengthening farm advice for innovation and sustainability:<\/p>\n<p><a href=\"https:\/\/old.agrilink2020.eu\/wp-content\/uploads\/2022\/01\/AgriLink.Policy.recommendations.report_Deliverable_26.pdf\">AgriLink.Policy.recommendations.report_Deliverable_26<\/a><\/p>\n","protected":false},"excerpt":{"rendered":"<p>Navrhli jsme \u010dty\u0159i kl\u00ed\u010dov\u00e1 politick\u00e1 doporu\u010den\u00ed odvozen\u00e1 z v\u00fdzkumn\u00fdch a inova\u010dn\u00edch \u010dinnost\u00ed vyvinut\u00fdch v r\u00e1mci projektu AgriLink: 1. O nez\u00e1visl\u00e9m poradenstv\u00ed: Vymezen\u00ed hranic, kdo se pova\u017euje za &#8222;nez\u00e1visl\u00e9ho a nestrann\u00e9ho&#8220; poradce, m\u016f\u017ee b\u00fdt velmi obt\u00ed\u017en\u00e9 a nen\u00ed dosta\u010duj\u00edc\u00ed. Domn\u00edv\u00e1me se, \u017ee je rovn\u011b\u017e nutn\u00e9 p\u0159ijmout opat\u0159en\u00ed, kter\u00e1 umo\u017en\u00ed &#8222;transparentnost a robustnost&#8220; obsahu poradenstv\u00ed. Pro dosa\u017een\u00ed &hellip; <a href=\"https:\/\/www.agrilink2020.eu\/cs\/vyzkumnici\/politicka-doporuceni\">Continued<\/a><\/p>\n","protected":false},"author":2,"featured_media":3690,"comment_status":"open","ping_status":"open","sticky":false,"template":"","format":"standard","meta":[],"categories":[121,122,148,149,150],"tags":[435],"region":[],"country":[],"work_package":[433],"keyword":[434],"_links":{"self":[{"href":"https:\/\/www.agrilink2020.eu\/cs\/wp-json\/wp\/v2\/posts\/6457"}],"collection":[{"href":"https:\/\/www.agrilink2020.eu\/cs\/wp-json\/wp\/v2\/posts"}],"about":[{"href":"https:\/\/www.agrilink2020.eu\/cs\/wp-json\/wp\/v2\/types\/post"}],"author":[{"embeddable":true,"href":"https:\/\/www.agrilink2020.eu\/cs\/wp-json\/wp\/v2\/users\/2"}],"replies":[{"embeddable":true,"href":"https:\/\/www.agrilink2020.eu\/cs\/wp-json\/wp\/v2\/comments?post=6457"}],"version-history":[{"count":7,"href":"https:\/\/www.agrilink2020.eu\/cs\/wp-json\/wp\/v2\/posts\/6457\/revisions"}],"predecessor-version":[{"id":9292,"href":"https:\/\/www.agrilink2020.eu\/cs\/wp-json\/wp\/v2\/posts\/6457\/revisions\/9292"}],"wp:featuredmedia":[{"embeddable":true,"href":"https:\/\/www.agrilink2020.eu\/cs\/wp-json\/wp\/v2\/media\/3690"}],"wp:attachment":[{"href":"https:\/\/www.agrilink2020.eu\/cs\/wp-json\/wp\/v2\/media?parent=6457"}],"wp:term":[{"taxonomy":"category","embeddable":true,"href":"https:\/\/www.agrilink2020.eu\/cs\/wp-json\/wp\/v2\/categories?post=6457"},{"taxonomy":"post_tag","embeddable":true,"href":"https:\/\/www.agrilink2020.eu\/cs\/wp-json\/wp\/v2\/tags?post=6457"},{"taxonomy":"region","embeddable":true,"href":"https:\/\/www.agrilink2020.eu\/cs\/wp-json\/wp\/v2\/region?post=6457"},{"taxonomy":"country","embeddable":true,"href":"https:\/\/www.agrilink2020.eu\/cs\/wp-json\/wp\/v2\/country?post=6457"},{"taxonomy":"work_package","embeddable":true,"href":"https:\/\/www.agrilink2020.eu\/cs\/wp-json\/wp\/v2\/work_package?post=6457"},{"taxonomy":"keyword","embeddable":true,"href":"https:\/\/www.agrilink2020.eu\/cs\/wp-json\/wp\/v2\/keyword?post=6457"}],"curies":[{"name":"wp","href":"https:\/\/api.w.org\/{rel}","templated":true}]}}