{"id":6837,"date":"2021-10-03T10:39:54","date_gmt":"2021-10-03T10:39:54","guid":{"rendered":"https:\/\/legacy.agrilink2020.eu\/uncategorized-cs\/uloha-poradenskych-sluzeb-pri-rozhodovani-zemedelcu-o-zavedeni-presneho-zemedelstvi-v-ceske-republice"},"modified":"2022-07-26T07:58:20","modified_gmt":"2022-07-26T07:58:20","slug":"uloha-poradenskych-sluzeb-pri-rozhodovani-zemedelcu-o-zavedeni-presneho-zemedelstvi-v-ceske-republice","status":"publish","type":"post","link":"https:\/\/www.agrilink2020.eu\/cs\/vyzkumnici\/uloha-poradenskych-sluzeb-pri-rozhodovani-zemedelcu-o-zavedeni-presneho-zemedelstvi-v-ceske-republice","title":{"rendered":"\u00daloha poradensk\u00fdch slu\u017eeb p\u0159i rozhodov\u00e1n\u00ed zem\u011bd\u011blc\u016f o zaveden\u00ed precizn\u00ed zem\u011bd\u011blstv\u00ed v \u010cesk\u00e9 republice"},"content":{"rendered":"\n<h2>Region<\/h2>\n\n<p>Jihomoravsk\u00fd a St\u0159edo\u010desk\u00fd kraj jsou zem\u011bd\u011blsk\u00e9 regiony soused\u00edc\u00ed s m\u011bsty Praha a Brno v \u010cesk\u00e9 republice. Oba regiony se pot\u00fdkaj\u00ed s velk\u00fdmi probl\u00e9my spojen\u00fdmi s nedostatkem vody a eroz\u00ed p\u016fdy. <img decoding=\"async\" loading=\"lazy\" src=\"http:\/\/www.agrilink2020.eu\/wp-content\/uploads\/2019\/02\/F.1.jpg\" srcset=\"https:\/\/www.agrilink2020.eu\/wp-content\/uploads\/2019\/02\/F.1.jpg 842w, https:\/\/www.agrilink2020.eu\/wp-content\/uploads\/2019\/02\/F.1-300x213.jpg 300w, https:\/\/www.agrilink2020.eu\/wp-content\/uploads\/2019\/02\/F.1-768x545.jpg 768w, https:\/\/www.agrilink2020.eu\/wp-content\/uploads\/2019\/02\/F.1-225x160.jpg 225w\" alt=\"\" width=\"842\" height=\"598\"\/><\/p>\n\n<p class=\"has-text-align-center\">Mapa regionu<\/p>\n\n<p>Tyto regiony byly vybr\u00e1ny jako c\u00edlov\u00e9 pro studium zav\u00e1d\u011bn\u00ed p\u0159esn\u00e9ho zem\u011bd\u011blstv\u00ed, proto\u017ee v nich p\u016fsob\u00ed mnoho dodavatel\u016f a univerzit, kter\u00e9 vyv\u00edjej\u00ed nov\u00e9 technologie a spolupracuj\u00ed s pr\u016fkopnick\u00fdmi zem\u011bd\u011blci na jejich \u00faprav\u011b a p\u0159izp\u016fsoben\u00ed pot\u0159eb\u00e1m zem\u011bd\u011blc\u016f.<\/p>\n\n<h2>Zam\u011b\u0159en\u00ed studie<\/h2>\n\n<p>Precizn\u00ed zem\u011bd\u011blstv\u00ed zahrnuje vyu\u017eit\u00ed digit\u00e1ln\u00edch a satelitn\u00edch technologi\u00ed k \u00faprav\u011b agrochemick\u00fdch vstup\u016f podle m\u00edstn\u00edch p\u016fdn\u00edch podm\u00ednek. V \u010cesk\u00e9 republice se jedn\u00e1 o potenci\u00e1ln\u011b velmi v\u00fdznamnou inovaci, proto\u017ee v\u011bt\u0161ina zem\u011bd\u011blsk\u00fdch podnik\u016f je velmi velk\u00fdch (pr\u016fm\u011brn\u00e1 velikost podnik\u016f ve studii 1 546 ha) a maj\u00ed velmi velk\u00e1 pole (\u010dasto v\u00edce ne\u017e 30 ha), co\u017e vytv\u00e1\u0159\u00ed dobr\u00e9 podm\u00ednky pro vyu\u017eit\u00ed technologi\u00ed precizn\u00ed zem\u011bd\u011blstv\u00ed. <\/p>\n\n<div class=\"wp-block-image is-style-default\"><figure class=\"aligncenter\"><img decoding=\"async\" src=\"http:\/\/www.agrilink2020.eu\/wp-content\/uploads\/2020\/09\/Agrolink_CZ_Tech_03-1024x767.jpg\" alt=\"\" class=\"wp-image-2864\"\/><\/figure><\/div>\n\n<p>Studie se zam\u011b\u0159ila na tok znalost\u00ed k zem\u011bd\u011blc\u016fm a mezi zem\u011bd\u011blci, kte\u0159\u00ed se aktivn\u011b rozhodovali o p\u0159ijet\u00ed cel\u00e9 \u0159ady nov\u00fdch syst\u00e9m\u016f precizn\u00ed zem\u011bd\u011blstv\u00ed, je\u017e nab\u00edzej\u00ed dostupn\u00e9 satelitn\u00ed a digit\u00e1ln\u00ed technologie. Zvl\u00e1\u0161tn\u00ed pozornost byla v\u011bnov\u00e1na rozli\u0161en\u00ed mezi r\u016fzn\u00fdmi zdroji znalost\u00ed a doporu\u010den\u00ed, kter\u00e9 vyu\u017e\u00edvaj\u00ed pr\u016fkopn\u00edci a firmy, kter\u00e9 v kr\u00e1tk\u00e9 dob\u011b vyzkou\u0161ely nov\u00fd produkt, ve srovn\u00e1n\u00ed s t\u011bmi, kte\u0159\u00ed je nepou\u017e\u00edvaj\u00ed. <\/p>\n\n<p>Celou zpr\u00e1vu (v angli\u010dtin\u011b) naleznete<a href=\"https:\/\/www.agrilink2020.eu\/wp-content\/uploads\/2020\/04\/D2.2_CZ.GDPR_.pdf\">zde<\/a><\/p>\n\n<hr class=\"wp-block-separator\"\/>\n\n<h2>Partner a kontaktn\u00ed osoba<\/h2>\n\n<h2>\u00dastav zem\u011bd\u011blsk\u00e9 ekonomiky a informac\u00ed (\u00daZEI)<\/h2>\n\n<figure class=\"wp-block-image is-style-default\"><a href=\"https:\/\/www.uzei.cz\/\"><img decoding=\"async\" src=\"https:\/\/www.agrilink2020.eu\/wp-content\/uploads\/2019\/02\/UZEI_medium.png\" alt=\"\"\/><\/a><\/figure>\n\n<p>Marta Mrnu\u0161t\u00edk Kone\u010dn\u00e1, <a href=\"mailto:konecna.marta@uzei.cz\">konecna.marta@uzei.cz<\/a><\/p>\n\n<p><\/p>\n\n<h2>Z\u00edskan\u00e9 poznatky<\/h2>\n\n<ol><li>Zem\u011bd\u011blci v t\u011bchto regionech zav\u00e1d\u011bj\u00ed inovace v oblasti precizn\u00ed zem\u011bd\u011blstv\u00ed p\u0159edev\u0161\u00edm v reakci na a) nov\u00e9 vnitrost\u00e1tn\u00ed p\u0159edpisy; b) rostouc\u00ed nedostatek vody v d\u016fsledku zm\u011bny klimatu; c) zlep\u0161en\u00ed digit\u00e1ln\u00ed infrastruktury a ve\u0159ejnou dostupnost kvalitn\u00edho sign\u00e1lu GPS a d) zku\u0161enosti pr\u016fkopnick\u00fdch zem\u011bd\u011blc\u016f, kte\u0159\u00ed dos\u00e1hli v\u00fdznamn\u00fdch \u00faspor n\u00e1klad\u016f na agrochemick\u00e9 vstupy p\u0159i zachov\u00e1n\u00ed nebo zv\u00fd\u0161en\u00ed rostlinn\u00fdch v\u00fdnos\u016f.    <\/li><li>Zem\u011bd\u011blci, kte\u0159\u00ed maj\u00ed nejv\u011bt\u0161\u00ed z\u00e1jem a motivaci shroma\u017e\u010fovat informace o nov\u00fdch technologi\u00edch a za\u0159\u00edzen\u00edch pro precizn\u00ed zem\u011bd\u011blstv\u00ed, zam\u011bstn\u00e1vaj\u00ed vlastn\u00ed specialisty na inovace a aktivn\u011b spolupracuj\u00ed na zkou\u0161k\u00e1ch v ter\u00e9nu a v\u00fdzkumu.<\/li><li>\u00daloha ve\u0159ejn\u00fdch\/st\u00e1tn\u00edch zem\u011bd\u011blsk\u00fdch poradensk\u00fdch slu\u017eeb p\u0159i podpo\u0159e rozhodov\u00e1n\u00ed zem\u011bd\u011blc\u016f se li\u0161\u00ed podle inova\u010dn\u00edho profilu zem\u011bd\u011blce. <\/li><li>Hlavn\u00ed p\u0159ek\u00e1\u017ekou zav\u00e1d\u011bn\u00ed inovac\u00ed v precizn\u00ed zem\u011bd\u011blstv\u00ed je nejistota ohledn\u011b budoucnosti (trhy, m\u011bn\u00edc\u00ed se politiky, nov\u00e9 pr\u00e1vn\u00ed p\u0159edpisy atd.).<\/li><\/ol>\n","protected":false},"excerpt":{"rendered":"<p>Region Jihomoravsk\u00fd a St\u0159edo\u010desk\u00fd kraj jsou zem\u011bd\u011blsk\u00e9 regiony soused\u00edc\u00ed s m\u011bsty Praha a Brno v \u010cesk\u00e9 republice. Oba regiony se pot\u00fdkaj\u00ed s velk\u00fdmi probl\u00e9my spojen\u00fdmi s nedostatkem vody a eroz\u00ed p\u016fdy. Mapa regionu Tyto regiony byly vybr\u00e1ny jako c\u00edlov\u00e9 pro studium zav\u00e1d\u011bn\u00ed p\u0159esn\u00e9ho zem\u011bd\u011blstv\u00ed, proto\u017ee v nich p\u016fsob\u00ed mnoho dodavatel\u016f a univerzit, kter\u00e9 vyv\u00edjej\u00ed nov\u00e9 &hellip; <a href=\"https:\/\/www.agrilink2020.eu\/cs\/vyzkumnici\/uloha-poradenskych-sluzeb-pri-rozhodovani-zemedelcu-o-zavedeni-presneho-zemedelstvi-v-ceske-republice\">Continued<\/a><\/p>\n","protected":false},"author":2,"featured_media":3999,"comment_status":"open","ping_status":"open","sticky":false,"template":"","format":"standard","meta":[],"categories":[121,122,148,149,150],"tags":[468],"region":[531],"country":[532],"work_package":[232],"keyword":[268],"_links":{"self":[{"href":"https:\/\/www.agrilink2020.eu\/cs\/wp-json\/wp\/v2\/posts\/6837"}],"collection":[{"href":"https:\/\/www.agrilink2020.eu\/cs\/wp-json\/wp\/v2\/posts"}],"about":[{"href":"https:\/\/www.agrilink2020.eu\/cs\/wp-json\/wp\/v2\/types\/post"}],"author":[{"embeddable":true,"href":"https:\/\/www.agrilink2020.eu\/cs\/wp-json\/wp\/v2\/users\/2"}],"replies":[{"embeddable":true,"href":"https:\/\/www.agrilink2020.eu\/cs\/wp-json\/wp\/v2\/comments?post=6837"}],"version-history":[{"count":4,"href":"https:\/\/www.agrilink2020.eu\/cs\/wp-json\/wp\/v2\/posts\/6837\/revisions"}],"predecessor-version":[{"id":10109,"href":"https:\/\/www.agrilink2020.eu\/cs\/wp-json\/wp\/v2\/posts\/6837\/revisions\/10109"}],"wp:featuredmedia":[{"embeddable":true,"href":"https:\/\/www.agrilink2020.eu\/cs\/wp-json\/wp\/v2\/media\/3999"}],"wp:attachment":[{"href":"https:\/\/www.agrilink2020.eu\/cs\/wp-json\/wp\/v2\/media?parent=6837"}],"wp:term":[{"taxonomy":"category","embeddable":true,"href":"https:\/\/www.agrilink2020.eu\/cs\/wp-json\/wp\/v2\/categories?post=6837"},{"taxonomy":"post_tag","embeddable":true,"href":"https:\/\/www.agrilink2020.eu\/cs\/wp-json\/wp\/v2\/tags?post=6837"},{"taxonomy":"region","embeddable":true,"href":"https:\/\/www.agrilink2020.eu\/cs\/wp-json\/wp\/v2\/region?post=6837"},{"taxonomy":"country","embeddable":true,"href":"https:\/\/www.agrilink2020.eu\/cs\/wp-json\/wp\/v2\/country?post=6837"},{"taxonomy":"work_package","embeddable":true,"href":"https:\/\/www.agrilink2020.eu\/cs\/wp-json\/wp\/v2\/work_package?post=6837"},{"taxonomy":"keyword","embeddable":true,"href":"https:\/\/www.agrilink2020.eu\/cs\/wp-json\/wp\/v2\/keyword?post=6837"}],"curies":[{"name":"wp","href":"https:\/\/api.w.org\/{rel}","templated":true}]}}