{"id":7127,"date":"2022-03-10T09:01:26","date_gmt":"2022-03-10T09:01:26","guid":{"rendered":"https:\/\/legacy.agrilink2020.eu\/uncategorized-cs\/vyvoj-technik-integrovane-ochrany-proti-skudcum-ipm-a-souvisejici-regionalni-poradenske-sluzby"},"modified":"2022-04-17T10:20:35","modified_gmt":"2022-04-17T10:20:35","slug":"vyvoj-technik-integrovane-ochrany-proti-skudcum-ipm-a-souvisejici-regionalni-poradenske-sluzby","status":"publish","type":"post","link":"https:\/\/www.agrilink2020.eu\/cs\/vyzkumnici\/vyvoj-technik-integrovane-ochrany-proti-skudcum-ipm-a-souvisejici-regionalni-poradenske-sluzby","title":{"rendered":"V\u00fdvoj technik integrovan\u00e9 ochrany proti \u0161k\u016fdc\u016fm (IPM) a souvisej\u00edc\u00ed region\u00e1ln\u00ed poradensk\u00e9 slu\u017eby"},"content":{"rendered":"\n<h2>Region<\/h2>\n\n<p>Navarra se nach\u00e1z\u00ed na severu \u0160pan\u011blska a soused\u00ed s Franci\u00ed. Jedn\u00e1 se o mal\u00fd region s mnoha r\u016fzn\u00fdmi druhy zem\u011bd\u011blsk\u00e9 produkce. Na severu p\u0159eva\u017euje chov skotu a ovc\u00ed na maso a ml\u00e9ko, zat\u00edmco na jihu je d\u016fle\u017eit\u00e9 intenzivn\u00ed zahradnictv\u00ed spojen\u00e9 s potravin\u00e1\u0159sk\u00fdm pr\u016fmyslem.  <\/p>\n\n<div class=\"wp-block-image\"><figure class=\"aligncenter size-full\"><img decoding=\"async\" loading=\"lazy\" width=\"852\" height=\"605\" src=\"https:\/\/agrilink2020.eu\/wp-content\/uploads\/2022\/03\/F.2.jpg\" alt=\"\" class=\"wp-image-3541\" srcset=\"https:\/\/www.agrilink2020.eu\/wp-content\/uploads\/2022\/03\/F.2.jpg 852w, https:\/\/www.agrilink2020.eu\/wp-content\/uploads\/2022\/03\/F.2-300x213.jpg 300w, https:\/\/www.agrilink2020.eu\/wp-content\/uploads\/2022\/03\/F.2-768x545.jpg 768w\" sizes=\"(max-width: 852px) 100vw, 852px\" \/><figcaption>Mapa regionu<\/figcaption><\/figure><\/div>\n\n<h2>Zam\u011b\u0159en\u00ed studie<\/h2>\n\n<p>Historicky bylo uplat\u0148ov\u00e1n\u00ed technik integrovan\u00e9 ochrany proti \u0161k\u016fdc\u016fm (IPM) v Nava\u0159e zalo\u017eeno na pou\u017e\u00edv\u00e1n\u00ed preventivn\u00edch opat\u0159en\u00ed spou\u0161t\u011bn\u00fdch syst\u00e9mem monitorov\u00e1n\u00ed a varov\u00e1n\u00ed p\u0159ed \u0161k\u016fdci s technickou podporou region\u00e1ln\u00ed poradensk\u00e9 slu\u017eby (INTIA) financovan\u00e9 z ve\u0159ejn\u00fdch zdroj\u016f, kter\u00e1 zem\u011bd\u011blc\u016fm poskytuje p\u0159\u00edslu\u0161n\u00e9 znalosti. Dal\u0161\u00ed techniky IPM, jako je biologick\u00e1 kontrola a pou\u017e\u00edv\u00e1n\u00ed feromon\u016f, byly vyu\u017e\u00edv\u00e1ny p\u0159edev\u0161\u00edm ve sklen\u00edc\u00edch a na vinic\u00edch ekologick\u00fdmi zem\u011bd\u011blci a t\u011bmi, kte\u0159\u00ed se v\u00edce zaj\u00edmali o ot\u00e1zky \u017eivotn\u00edho prost\u0159ed\u00ed a zdrav\u00ed. <\/p>\n\n<div class=\"wp-block-image\"><figure class=\"aligncenter size-full\"><img decoding=\"async\" loading=\"lazy\" width=\"667\" height=\"376\" src=\"https:\/\/agrilink2020.eu\/wp-content\/uploads\/2022\/03\/CS_Navarra_Spain_IPM_2.jpeg\" alt=\"\" class=\"wp-image-3556\" srcset=\"https:\/\/www.agrilink2020.eu\/wp-content\/uploads\/2022\/03\/CS_Navarra_Spain_IPM_2.jpeg 667w, https:\/\/www.agrilink2020.eu\/wp-content\/uploads\/2022\/03\/CS_Navarra_Spain_IPM_2-300x169.jpeg 300w\" sizes=\"(max-width: 667px) 100vw, 667px\" \/><\/figure><\/div>\n\n<p>V posledn\u00edch letech se v\u0161ak zem\u011bd\u011blci za\u010dali zaj\u00edmat o pou\u017e\u00edv\u00e1n\u00ed technik IPM u jin\u00fdch plodin v d\u016fsledku zaveden\u00ed nov\u00fdch p\u0159edpis\u016f EU, m\u011bn\u00edc\u00edch se po\u017eadavk\u016f spot\u0159ebitel\u016f a sn\u00ed\u017een\u00e9 dostupnosti konven\u010dn\u00edch chemick\u00fdch p\u0159\u00edpravk\u016f na ochranu rostlin. <\/p>\n\n<p>Sou\u010dasn\u011b se tak\u00e9 roz\u0161\u00ed\u0159ila \u0161k\u00e1la organizac\u00ed a podnik\u016f, kter\u00e9 poskytuj\u00ed zem\u011bd\u011blc\u016fm poradenstv\u00ed v oblasti inovativn\u00edho vyu\u017e\u00edv\u00e1n\u00ed technik IPM. Pr\u016fzkumy proveden\u00e9 v regionu uk\u00e1zaly, \u017ee zem\u011bd\u011blci vyu\u017e\u00edvaj\u00ed \u0161irokou \u0161k\u00e1lu zdroj\u016f informac\u00ed a poradenstv\u00ed (ve\u0159ejn\u00ed a soukrom\u00ed poradci, pr\u016fmyslov\u00e1 odv\u011btv\u00ed, dru\u017estva, internet atd.), nav\u00edc n\u00e1zory a zku\u0161enosti ostatn\u00edch zem\u011bd\u011blc\u016f jsou pova\u017eov\u00e1ny za kl\u00ed\u010dov\u00e9 p\u0159i rozhodov\u00e1n\u00ed o zaveden\u00ed inovace. <\/p>\n\n<p>Rozhodnut\u00ed nep\u0159ijmout techniky IPM je zp\u016fsobeno n\u011bkolika faktory, mezi n\u011b\u017e pat\u0159\u00ed: a) n\u00e1zor, \u017ee tyto techniky jsou technicky slo\u017eit\u011bj\u0161\u00ed a dra\u017e\u0161\u00ed; b) nedostate\u010dn\u00e1 popt\u00e1vka na trhu po plodin\u00e1ch p\u011bstovan\u00fdch pomoc\u00ed technik IPM a\/nebo c) obavy ze sn\u00ed\u017een\u00ed produktivity plodin. Zaj\u00edmav\u00e9 je, \u017ee pouze n\u011bkolik zem\u011bd\u011blc\u016f upustilo od inovativn\u00edch technik IPM pot\u00e9, co je p\u0159ijali a zavedli.    <\/p>\n\n<p>Celou zpr\u00e1vu (v angli\u010dtin\u011b) naleznete zde<\/p>\n\n<div class=\"wp-block-file\"><object class=\"wp-block-file__embed\" data=\"https:\/\/agrilink2020.eu\/wp-content\/uploads\/2021\/06\/D2.2_SP.GDPR_.pdf\" type=\"application\/pdf\" style=\"width:100%;height:600px\" aria-label=\"Vlo\u017eit z Embed of D2.2_SP.GDPR..\"><\/object><a id=\"wp-block-file--media-92c8d45c-128e-45b0-84a1-1c63374130e8\" href=\"https:\/\/agrilink2020.eu\/wp-content\/uploads\/2021\/06\/D2.2_SP.GDPR_.pdf\">D2.2_SP.GDPR<\/a><a href=\"https:\/\/agrilink2020.eu\/wp-content\/uploads\/2021\/06\/D2.2_SP.GDPR_.pdf\" class=\"wp-block-file__button\" download=\"\" aria-describedby=\"wp-block-file--media-92c8d45c-128e-45b0-84a1-1c63374130e8\">St\u00e1hnout<\/a><\/div>\n\n<hr class=\"wp-block-separator\"\/>\n\n<h2>Partner a kontaktn\u00ed osoba<\/h2>\n\n<div class=\"wp-block-image\"><figure class=\"aligncenter size-full\"><img decoding=\"async\" loading=\"lazy\" width=\"300\" height=\"63\" src=\"https:\/\/agrilink2020.eu\/wp-content\/uploads\/2021\/11\/INTIA_large.png\" alt=\"\" class=\"wp-image-588\"\/><\/figure><\/div>\n\n<h2>INTIA<\/h2>\n\n<p>Noelia Telletxea, <a href=\"mailto:ntelletxea@intiasa.es\">ntelletxea@intiasa.es<\/a><\/p>\n\n<hr class=\"wp-block-separator\"\/>\n\n<h2>Z\u00edskan\u00e9 poznatky<\/h2>\n\n<ol><li>V Nava\u0159e roste z\u00e1jem o inovace zalo\u017een\u00e9 na pou\u017e\u00edv\u00e1n\u00ed alternativn\u00edch metod, kter\u00e9 sni\u017euj\u00ed pou\u017e\u00edv\u00e1n\u00ed p\u0159\u00edpravk\u016f na ochranu rostlin a zlep\u0161uj\u00ed biologickou rozmanitost t\u00edm, \u017ee zm\u00edr\u0148uj\u00ed negativn\u00ed dopad konven\u010dn\u00edch metod ochrany plodin na \u017eivotn\u00ed prost\u0159ed\u00ed.<\/li><li>Zem\u011bd\u011blci v regionu vyu\u017e\u00edvaj\u00ed ke shroma\u017e\u010fov\u00e1n\u00ed informac\u00ed o technik\u00e1ch IPM \u0161irokou \u0161k\u00e1lu zdroj\u016f znalost\u00ed a poradenstv\u00ed (ve\u0159ejn\u00e9 poradenstv\u00ed, dodavatel\u00e9 produkt\u016f, zem\u011bd\u011blsk\u00e9 podniky, dru\u017estva atd.). V\u011bt\u0161ina z nich m\u00e1 d\u016fv\u011bryhodn\u00e9ho poradce, kter\u00fd pravideln\u011b nav\u0161t\u011bvuje jejich farmu, poskytuje \u0159e\u0161en\u00ed jejich probl\u00e9m\u016f a hraje d\u016fle\u017eitou roli p\u0159i propagaci inovac\u00ed u nich. Tento poradce v\u0161ak nem\u00e1 jedin\u00fd vliv na rozhodnut\u00ed zem\u011bd\u011blc\u016f p\u0159ijmout \u010di nep\u0159ijmout inovaci. Rozhodovac\u00ed proces ovliv\u0148uj\u00ed i dal\u0161\u00ed akt\u00e9\u0159i.   <\/li><li>Zem\u011bd\u011blci, s nimi\u017e byly vedeny rozhovory v r\u00e1mci p\u0159\u00edpadov\u00e9 studie, zd\u016fraznili v\u00fdznam \u0161kolen\u00ed zem\u011bd\u011blsk\u00fdch poradc\u016f o alternativn\u00edch technik\u00e1ch IPM, aby mohli propagovat pou\u017e\u00edv\u00e1n\u00ed t\u011bchto technik mezi sv\u00fdmi zem\u011bd\u011blci prost\u0159ednictv\u00edm pr\u016fb\u011b\u017en\u00e9ho \u0161kolen\u00ed, demonstrace technick\u00e9 a ekonomick\u00e9 proveditelnosti technik na pozemc\u00edch zem\u011bd\u011blc\u016f a v\u00fdm\u011bny zku\u0161enost\u00ed a osv\u011bd\u010den\u00fdch postup\u016f.<\/li><\/ol>\n","protected":false},"excerpt":{"rendered":"<p>Region Navarra se nach\u00e1z\u00ed na severu \u0160pan\u011blska a soused\u00ed s Franci\u00ed. Jedn\u00e1 se o mal\u00fd region s mnoha r\u016fzn\u00fdmi druhy zem\u011bd\u011blsk\u00e9 produkce. Na severu p\u0159eva\u017euje chov skotu a ovc\u00ed na maso a ml\u00e9ko, zat\u00edmco na jihu je d\u016fle\u017eit\u00e9 intenzivn\u00ed zahradnictv\u00ed spojen\u00e9 s potravin\u00e1\u0159sk\u00fdm pr\u016fmyslem. Zam\u011b\u0159en\u00ed studie Historicky bylo uplat\u0148ov\u00e1n\u00ed technik integrovan\u00e9 ochrany proti \u0161k\u016fdc\u016fm (IPM) &hellip; <a href=\"https:\/\/www.agrilink2020.eu\/cs\/vyzkumnici\/vyvoj-technik-integrovane-ochrany-proti-skudcum-ipm-a-souvisejici-regionalni-poradenske-sluzby\">Continued<\/a><\/p>\n","protected":false},"author":2,"featured_media":4756,"comment_status":"open","ping_status":"open","sticky":false,"template":"","format":"standard","meta":[],"categories":[121,122,148,150],"tags":[468],"region":[394],"country":[395],"work_package":[232],"keyword":[268,298],"_links":{"self":[{"href":"https:\/\/www.agrilink2020.eu\/cs\/wp-json\/wp\/v2\/posts\/7127"}],"collection":[{"href":"https:\/\/www.agrilink2020.eu\/cs\/wp-json\/wp\/v2\/posts"}],"about":[{"href":"https:\/\/www.agrilink2020.eu\/cs\/wp-json\/wp\/v2\/types\/post"}],"author":[{"embeddable":true,"href":"https:\/\/www.agrilink2020.eu\/cs\/wp-json\/wp\/v2\/users\/2"}],"replies":[{"embeddable":true,"href":"https:\/\/www.agrilink2020.eu\/cs\/wp-json\/wp\/v2\/comments?post=7127"}],"version-history":[{"count":1,"href":"https:\/\/www.agrilink2020.eu\/cs\/wp-json\/wp\/v2\/posts\/7127\/revisions"}],"predecessor-version":[{"id":7128,"href":"https:\/\/www.agrilink2020.eu\/cs\/wp-json\/wp\/v2\/posts\/7127\/revisions\/7128"}],"wp:featuredmedia":[{"embeddable":true,"href":"https:\/\/www.agrilink2020.eu\/cs\/wp-json\/wp\/v2\/media\/4756"}],"wp:attachment":[{"href":"https:\/\/www.agrilink2020.eu\/cs\/wp-json\/wp\/v2\/media?parent=7127"}],"wp:term":[{"taxonomy":"category","embeddable":true,"href":"https:\/\/www.agrilink2020.eu\/cs\/wp-json\/wp\/v2\/categories?post=7127"},{"taxonomy":"post_tag","embeddable":true,"href":"https:\/\/www.agrilink2020.eu\/cs\/wp-json\/wp\/v2\/tags?post=7127"},{"taxonomy":"region","embeddable":true,"href":"https:\/\/www.agrilink2020.eu\/cs\/wp-json\/wp\/v2\/region?post=7127"},{"taxonomy":"country","embeddable":true,"href":"https:\/\/www.agrilink2020.eu\/cs\/wp-json\/wp\/v2\/country?post=7127"},{"taxonomy":"work_package","embeddable":true,"href":"https:\/\/www.agrilink2020.eu\/cs\/wp-json\/wp\/v2\/work_package?post=7127"},{"taxonomy":"keyword","embeddable":true,"href":"https:\/\/www.agrilink2020.eu\/cs\/wp-json\/wp\/v2\/keyword?post=7127"}],"curies":[{"name":"wp","href":"https:\/\/api.w.org\/{rel}","templated":true}]}}