{"id":7704,"date":"2022-03-09T11:59:16","date_gmt":"2022-03-09T11:59:16","guid":{"rendered":"https:\/\/www.agrilink2020.eu\/uncategorized-cs\/uloha-poradenskych-sluzeb-pri-rozhodovani-zemedelcu-o-zavadeni-inovaci-v-oblasti-obnovitelnych-zdroju-energie-anaerobni-digesce-v-malem-meritku"},"modified":"2022-04-23T09:17:25","modified_gmt":"2022-04-23T09:17:25","slug":"uloha-poradenskych-sluzeb-pri-rozhodovani-zemedelcu-o-zavadeni-inovaci-v-oblasti-obnovitelnych-zdroju-energie-anaerobni-digesce-v-malem-meritku","status":"publish","type":"post","link":"https:\/\/www.agrilink2020.eu\/cs\/vyzkumnici\/uloha-poradenskych-sluzeb-pri-rozhodovani-zemedelcu-o-zavadeni-inovaci-v-oblasti-obnovitelnych-zdroju-energie-anaerobni-digesce-v-malem-meritku","title":{"rendered":"\u00daloha poradensk\u00fdch slu\u017eeb p\u0159i rozhodov\u00e1n\u00ed zem\u011bd\u011blc\u016f o zav\u00e1d\u011bn\u00ed inovac\u00ed v oblasti obnoviteln\u00fdch zdroj\u016f energie (anaerobn\u00ed digesce v mal\u00e9m m\u011b\u0159\u00edtku)"},"content":{"rendered":"\n<h2>Region<\/h2>\n\n<p>P\u0159ibli\u017en\u011b 92 500 hektar\u016f (asi 1\/3) rozlohy provincie Antverpy v Belgii se vyu\u017e\u00edv\u00e1 pro zem\u011bd\u011blstv\u00ed. V provincii se nach\u00e1z\u00ed 3 627 zem\u011bd\u011blsk\u00fdch a zahradnick\u00fdch podnik\u016f. P\u011bstov\u00e1n\u00ed p\u00edcnin tvo\u0159\u00ed 79 % zem\u011bd\u011blsk\u00e9 plochy v provincii. Z nich se nejv\u00edce p\u011bstuje kuku\u0159ice a tr\u00e1va.   <\/p>\n\n<div class=\"wp-block-image\"><figure class=\"aligncenter size-full\"><img decoding=\"async\" loading=\"lazy\" width=\"834\" height=\"591\" src=\"https:\/\/agrilink2020.eu\/wp-content\/uploads\/2022\/03\/F.6.jpg\" alt=\"\" class=\"wp-image-3493\" srcset=\"https:\/\/www.agrilink2020.eu\/wp-content\/uploads\/2022\/03\/F.6.jpg 834w, https:\/\/www.agrilink2020.eu\/wp-content\/uploads\/2022\/03\/F.6-300x213.jpg 300w, https:\/\/www.agrilink2020.eu\/wp-content\/uploads\/2022\/03\/F.6-768x544.jpg 768w\" sizes=\"(max-width: 834px) 100vw, 834px\" \/><figcaption>Mapa regionu<\/figcaption><\/figure><\/div>\n\n<p>V\u00edce ne\u017e polovinu zem\u011bd\u011blsk\u00fdch podnik\u016f v provincii vlastn\u00ed chovatel\u00e9 skotu, co\u017e vysv\u011btluje velkou plochu p\u00edcnin. Existuj\u00ed zde tak\u00e9 vysoce specializovan\u00e9 farmy na chov dojnic (koz), telat a dr\u016fbe\u017ee. Antverp\u0161t\u00ed chovatel\u00e9 ml\u00e9\u010dn\u00e9ho skotu jsou pova\u017eov\u00e1ni za jedny z nejinovativn\u011bj\u0161\u00edch zem\u011bd\u011blc\u016f v cel\u00e9m Flandersku.  <\/p>\n\n<h2>Zam\u011b\u0159en\u00ed studie<\/h2>\n\n<p>Tato studie se zam\u011b\u0159ila na inovaci v oblasti v\u00fdroby obnoviteln\u00e9 energie na farm\u011b nazvanou &#8222;kapesn\u00ed digesce&#8220;. Obliba kapesn\u00ed digesce v posledn\u00edch n\u011bkolika letech v\u00fdrazn\u011b vzrostla ve vl\u00e1msk\u00e9m regionu Belgie i v n\u011bkolika sousedn\u00edch zem\u00edch. Ve Vl\u00e1msku bylo dosud prod\u00e1no p\u0159ibli\u017en\u011b 120 kapesn\u00edch fermentor\u016f.  <\/p>\n\n<div class=\"wp-block-image\"><figure class=\"aligncenter size-full\"><img decoding=\"async\" loading=\"lazy\" width=\"788\" height=\"430\" src=\"https:\/\/agrilink2020.eu\/wp-content\/uploads\/2022\/03\/pocketvergister_Biolectric.jpeg\" alt=\"\" class=\"wp-image-3520\" srcset=\"https:\/\/www.agrilink2020.eu\/wp-content\/uploads\/2022\/03\/pocketvergister_Biolectric.jpeg 788w, https:\/\/www.agrilink2020.eu\/wp-content\/uploads\/2022\/03\/pocketvergister_Biolectric-300x164.jpeg 300w, https:\/\/www.agrilink2020.eu\/wp-content\/uploads\/2022\/03\/pocketvergister_Biolectric-768x419.jpeg 768w\" sizes=\"(max-width: 788px) 100vw, 788px\" \/><\/figure><\/div>\n\n<p>Neexistuje \u017e\u00e1dn\u00e1 mezin\u00e1rodn\u011b uzn\u00e1van\u00e1 definice &#8222;kapesn\u00edho tr\u00e1ven\u00ed&#8220;. Jedn\u00e1 se o term\u00edn, kter\u00fd se vyvinul pro ozna\u010den\u00ed mal\u00fdch anaerobn\u00edch fermenta\u010dn\u00edch proces\u016f na farm\u011b, kter\u00e9 vyu\u017e\u00edvaj\u00ed denn\u00ed toky odpadn\u00edho materi\u00e1lu (hlavn\u011b hnoje) k v\u00fdrob\u011b bioplynu na m\u00edst\u011b. Tento bioplyn se pak spaluje v za\u0159\u00edzen\u00edch pro kombinovanou v\u00fdrobu tepla a elekt\u0159iny, kde se vyr\u00e1b\u00ed obnoviteln\u00e1 energie ve form\u011b elekt\u0159iny a tepla, kter\u00e9 se v co nejv\u011bt\u0161\u00ed m\u00ed\u0159e vyu\u017e\u00edv\u00e1 na farm\u011b nebo v p\u0159idru\u017een\u00e9m podniku.  <\/p>\n\n<p>C\u00edlem t\u00e9to studie bylo l\u00e9pe porozum\u011bt roli, kterou hraj\u00ed poradensk\u00e9 organizace p\u0159i v\u00fdvoji a hodnocen\u00ed t\u011bchto technologi\u00ed obnoviteln\u00fdch zdroj\u016f energie, a faktor\u016fm, kter\u00e9 ovliv\u0148uj\u00ed rozhodnut\u00ed zem\u011bd\u011blc\u016f o jejich p\u0159ijet\u00ed \u010di nep\u0159ijet\u00ed.<\/p>\n\n<p>Celou zpr\u00e1vu (v angli\u010dtin\u011b) naleznete zde<\/p>\n\n<div class=\"wp-block-file\"><object class=\"wp-block-file__embed\" data=\"https:\/\/agrilink2020.eu\/wp-content\/uploads\/2021\/06\/D2.2_BE.GDPR_.pdf\" type=\"application\/pdf\" style=\"width:100%;height:600px\" aria-label=\"Vlo\u017eit z Embed of D2.2_BE.GDPR..\"><\/object><a id=\"wp-block-file--media-42578fe1-bf5e-4763-b271-2195bfd78ca4\" href=\"https:\/\/agrilink2020.eu\/wp-content\/uploads\/2021\/06\/D2.2_BE.GDPR_.pdf\">D2.2_BE.GDPR<\/a><a href=\"https:\/\/agrilink2020.eu\/wp-content\/uploads\/2021\/06\/D2.2_BE.GDPR_.pdf\" class=\"wp-block-file__button\" download=\"\" aria-describedby=\"wp-block-file--media-42578fe1-bf5e-4763-b271-2195bfd78ca4\">St\u00e1hnout<\/a><\/div>\n\n<hr class=\"wp-block-separator\"\/>\n\n<h2>Partner a kontaktn\u00ed osoba<\/h2>\n\n<div class=\"wp-block-image\"><figure class=\"aligncenter size-full\"><img decoding=\"async\" loading=\"lazy\" width=\"214\" height=\"42\" src=\"https:\/\/agrilink2020.eu\/wp-content\/uploads\/2021\/11\/Innovatiesteunpunt-logo.png\" alt=\"\" class=\"wp-image-587\"\/><\/figure><\/div>\n\n<h2>Innovatiesteunpunt (ISP)<\/h2>\n\n<p>Stijn Bossin, <a href=\"mailto:stijn.bossin@innovatiesteunpunt.be\">stijn.bossin@innovatiesteunpunt.be<\/a><\/p>\n\n<hr class=\"wp-block-separator\"\/>\n\n<h2>Z\u00edskan\u00e9 poznatky<\/h2>\n\n<ol><li>Zem\u011bd\u011blci vysv\u011btlili, \u017ee vyu\u017e\u00edvaj\u00ed r\u016fzn\u00e9 zdroje znalost\u00ed o inovac\u00edch a \u010dasto se o existenci kapesn\u00edho fermentoru do\u010dtou v odborn\u00fdch \u010dasopisech nebo na internetov\u00fdch str\u00e1nk\u00e1ch poradensk\u00fdch organizac\u00ed \u010di zem\u011bd\u011blsk\u00fdch dru\u017estev. Dal\u0161\u00edm v\u00fdznamn\u00fdm zdrojem informac\u00ed byl individu\u00e1ln\u00ed kontakt s jin\u00fdmi zem\u011bd\u011blci, kte\u0159\u00ed ji\u017e inovaci zavedli. Zem\u011bd\u011blci \u010dasto nav\u0161t\u011bvovali farmy sv\u00fdch koleg\u016f, kte\u0159\u00ed ned\u00e1vno kapesn\u00ed fermentor instalovali.  <\/li><li>Pot\u00e9, co se z\u00e1jemci o inovaci dozv\u011bd\u011bli, se zem\u011bd\u011blci setkali se z\u00e1stupci spole\u010dnost\u00ed, kter\u00e9 kapesn\u00ed fermentory dod\u00e1vaj\u00ed a instaluj\u00ed. Zem\u011bd\u011blci vysv\u011btlovali, \u017ee zem\u011bd\u011blsk\u00e9 veletrhy jsou dobrou p\u0159\u00edle\u017eitost\u00ed k nalezen\u00ed t\u011bchto spole\u010dnost\u00ed a tak\u00e9 k objeven\u00ed dal\u0161\u00edch podobn\u00fdch souvisej\u00edc\u00edch inovac\u00ed. <\/li><li>Z\u00e1jemci z \u0159ad zem\u011bd\u011blc\u016f se tak\u00e9 obraceli na zem\u011bd\u011blsk\u00e1 dru\u017estva, kde se mohli setkat s poradci nebo se p\u0159ihl\u00e1sit na odborn\u00e9 semin\u00e1\u0159e. Tato dru\u017estva tak\u00e9 poskytovala dal\u0161\u00ed slu\u017eby, nap\u0159\u00edklad studie proveditelnosti. Jako velmi u\u017eite\u010dn\u00e9 se ve f\u00e1zi posuzov\u00e1n\u00ed uk\u00e1zaly i n\u011bkter\u00e9 odborn\u00e9 publikace, kter\u00e9 vznikly spoluprac\u00ed r\u016fzn\u00fdch organizac\u00ed.  <\/li><li>Z\u00e1stupci instala\u010dn\u00ed firmy byli hlavn\u00edm (a \u010dasto jedin\u00fdm) zdrojem podpory v realiza\u010dn\u00ed f\u00e1zi zav\u00e1d\u011bn\u00ed inovace. Nap\u0159\u00edklad technici\/in\u017een\u00fd\u0159i spole\u010dnosti sledovali instalaci kapesn\u00edho fermentoru t\u00edm, \u017ee osobn\u011b nav\u0161t\u00edvili farmu, nebo se v n\u011bkter\u00fdch p\u0159\u00edpadech p\u0159\u00edmo zapojili do instalace. <\/li><\/ol>\n","protected":false},"excerpt":{"rendered":"<p>Region P\u0159ibli\u017en\u011b 92 500 hektar\u016f (asi 1\/3) rozlohy provincie Antverpy v Belgii se vyu\u017e\u00edv\u00e1 pro zem\u011bd\u011blstv\u00ed. V provincii se nach\u00e1z\u00ed 3 627 zem\u011bd\u011blsk\u00fdch a zahradnick\u00fdch podnik\u016f. P\u011bstov\u00e1n\u00ed p\u00edcnin tvo\u0159\u00ed 79 % zem\u011bd\u011blsk\u00e9 plochy v provincii. Z nich se nejv\u00edce p\u011bstuje kuku\u0159ice a tr\u00e1va. V\u00edce ne\u017e polovinu zem\u011bd\u011blsk\u00fdch podnik\u016f v provincii vlastn\u00ed chovatel\u00e9 skotu, co\u017e vysv\u011btluje &hellip; <a href=\"https:\/\/www.agrilink2020.eu\/cs\/vyzkumnici\/uloha-poradenskych-sluzeb-pri-rozhodovani-zemedelcu-o-zavadeni-inovaci-v-oblasti-obnovitelnych-zdroju-energie-anaerobni-digesce-v-malem-meritku\">Continued<\/a><\/p>\n","protected":false},"author":2,"featured_media":4741,"comment_status":"open","ping_status":"open","sticky":false,"template":"","format":"standard","meta":[],"categories":[121,122,148,150],"tags":[468],"region":[687],"country":[214],"work_package":[232],"keyword":[268],"_links":{"self":[{"href":"https:\/\/www.agrilink2020.eu\/cs\/wp-json\/wp\/v2\/posts\/7704"}],"collection":[{"href":"https:\/\/www.agrilink2020.eu\/cs\/wp-json\/wp\/v2\/posts"}],"about":[{"href":"https:\/\/www.agrilink2020.eu\/cs\/wp-json\/wp\/v2\/types\/post"}],"author":[{"embeddable":true,"href":"https:\/\/www.agrilink2020.eu\/cs\/wp-json\/wp\/v2\/users\/2"}],"replies":[{"embeddable":true,"href":"https:\/\/www.agrilink2020.eu\/cs\/wp-json\/wp\/v2\/comments?post=7704"}],"version-history":[{"count":1,"href":"https:\/\/www.agrilink2020.eu\/cs\/wp-json\/wp\/v2\/posts\/7704\/revisions"}],"predecessor-version":[{"id":7705,"href":"https:\/\/www.agrilink2020.eu\/cs\/wp-json\/wp\/v2\/posts\/7704\/revisions\/7705"}],"wp:featuredmedia":[{"embeddable":true,"href":"https:\/\/www.agrilink2020.eu\/cs\/wp-json\/wp\/v2\/media\/4741"}],"wp:attachment":[{"href":"https:\/\/www.agrilink2020.eu\/cs\/wp-json\/wp\/v2\/media?parent=7704"}],"wp:term":[{"taxonomy":"category","embeddable":true,"href":"https:\/\/www.agrilink2020.eu\/cs\/wp-json\/wp\/v2\/categories?post=7704"},{"taxonomy":"post_tag","embeddable":true,"href":"https:\/\/www.agrilink2020.eu\/cs\/wp-json\/wp\/v2\/tags?post=7704"},{"taxonomy":"region","embeddable":true,"href":"https:\/\/www.agrilink2020.eu\/cs\/wp-json\/wp\/v2\/region?post=7704"},{"taxonomy":"country","embeddable":true,"href":"https:\/\/www.agrilink2020.eu\/cs\/wp-json\/wp\/v2\/country?post=7704"},{"taxonomy":"work_package","embeddable":true,"href":"https:\/\/www.agrilink2020.eu\/cs\/wp-json\/wp\/v2\/work_package?post=7704"},{"taxonomy":"keyword","embeddable":true,"href":"https:\/\/www.agrilink2020.eu\/cs\/wp-json\/wp\/v2\/keyword?post=7704"}],"curies":[{"name":"wp","href":"https:\/\/api.w.org\/{rel}","templated":true}]}}