{"id":6105,"date":"2021-11-11T14:21:40","date_gmt":"2021-11-11T14:21:40","guid":{"rendered":"https:\/\/legacy.agrilink2020.eu\/unkategorisiert\/lebenden-labors-fruchtfolge-zwischen-landwirtschaftlichen-betrieben-entwicklung-innovationsfoerdernder-dienstleistungen-und-instrumente"},"modified":"2022-04-12T19:47:24","modified_gmt":"2022-04-12T19:47:24","slug":"lebenden-labors-fruchtfolge-zwischen-landwirtschaftlichen-betrieben-entwicklung-innovationsfoerdernder-dienstleistungen-und-instrumente","status":"publish","type":"post","link":"https:\/\/www.agrilink2020.eu\/de\/forscher\/lebenden-labors-fruchtfolge-zwischen-landwirtschaftlichen-betrieben-entwicklung-innovationsfoerdernder-dienstleistungen-und-instrumente","title":{"rendered":"Lebenden Labors: Fruchtfolge zwischen landwirtschaftlichen Betrieben: Entwicklung innovationsf\u00f6rdernder Dienstleistungen und Instrumente"},"content":{"rendered":"\n<h2 id=\"trondelag-county-norway\">Tr\u00f8ndelag County, Norway<\/h2>\n\n<p>Ziel des norwegischen Lebenden Labors war es, die Entwicklung von Beratungsmethoden und -Instrumenten zu unterst\u00fctzen, die die Zusammenarbeit zwischen Landwirten bei der Einf\u00fchrung vielf\u00e4ltigerer Fruchtfolgen &#8211; sowohl in den einzelnen Betrieben als auch \u201egemeinsam&#8220; zwischen Betrieben &#8211; f\u00f6rdern, indem vielf\u00e4ltigere Kombinationen verschiedener Getreidearten, (ges\u00e4tes) Wechselgr\u00fcnland, Kartoffeln und\/oder Gem\u00fcse darin einbezogen werden.<\/p>\n\n<figure class=\"wp-block-image is-style-default\"><img decoding=\"async\" src=\"https:\/\/www.agrilink2020.eu\/wp-content\/uploads\/2020\/04\/Norway.2-e1587023076382.jpg\" alt=\"\"\/><\/figure>\n\n<h2 id=\"context-theme-and-target-group\">Kontext, Thema und Zielgruppe<\/h2>\n\n<figure class=\"wp-block-table\"><table><tbody><tr><td>Das Living Lab war in ein vom norwegischen landwirtschaftlichen Beratungsdienst Tr\u00f8ndelag (einer landwirtschaftlichen Genossenschaft) organisiertes Fruchtfolge-Projekt eingebunden. Die Hauptzielgruppen waren Berater der Genossenschaft sowie Landwirte in der Region. <\/td><\/tr><tr><td>Die Provinz Tr\u00f8ndelag liegt in Mittelnorwegen und ist mit insgesamt 5.600 landwirtschaftlichen Betrieben eine der drei wichtigsten landwirtschaftlichen Regionen des Landes. Milchwirtschaft und Getreideanbau sind die am weitesten verbreiteten landwirtschaftlichen T\u00e4tigkeiten. Ein erheblicher Anteil (31%) der Ackerfl\u00e4che der Provinz wird f\u00fcr den Getreideanbau genutzt, wobei die speziellen Fruchtfolgen in der Regel 85 % Gerste, 10 % Hafer und 5 % Weizen umfassen. Ein kleiner Teil der Ackerfl\u00e4chen wird auch f\u00fcr den Anbau von Kartoffeln und Gem\u00fcse genutzt.   <\/td><\/tr><\/tbody><\/table><\/figure>\n\n<figure class=\"is-layout-flex wp-block-gallery-1 wp-block-gallery has-nested-images columns-default is-cropped\">\n<figure class=\"wp-block-image size-large\"><img decoding=\"async\" loading=\"lazy\" width=\"694\" height=\"925\" data-id=\"622\"  src=\"https:\/\/agrilink.staging.nvt.agency\/wp-content\/uploads\/2021\/11\/Norway.4.jpg\" alt=\"\" class=\"wp-image-622\" srcset=\"https:\/\/www.agrilink2020.eu\/wp-content\/uploads\/2021\/11\/Norway.4.jpg 694w, https:\/\/www.agrilink2020.eu\/wp-content\/uploads\/2021\/11\/Norway.4-225x300.jpg 225w\" sizes=\"(max-width: 694px) 100vw, 694px\" \/><\/figure>\n\n\n\n<figure class=\"wp-block-image size-large\"><img decoding=\"async\" loading=\"lazy\" width=\"1024\" height=\"825\" data-id=\"620\"  src=\"https:\/\/agrilink.staging.nvt.agency\/wp-content\/uploads\/2021\/11\/Norway.1-1024x825.jpg\" alt=\"\" class=\"wp-image-620\" srcset=\"https:\/\/www.agrilink2020.eu\/wp-content\/uploads\/2021\/11\/Norway.1-1024x825.jpg 1024w, https:\/\/www.agrilink2020.eu\/wp-content\/uploads\/2021\/11\/Norway.1-300x242.jpg 300w, https:\/\/www.agrilink2020.eu\/wp-content\/uploads\/2021\/11\/Norway.1-768x619.jpg 768w, https:\/\/www.agrilink2020.eu\/wp-content\/uploads\/2021\/11\/Norway.1-1536x1238.jpg 1536w, https:\/\/www.agrilink2020.eu\/wp-content\/uploads\/2021\/11\/Norway.1.jpg 1645w\" sizes=\"(max-width: 1024px) 100vw, 1024px\" \/><\/figure>\n\n\n\n<figure class=\"wp-block-image size-large\"><img decoding=\"async\" loading=\"lazy\" width=\"1024\" height=\"768\" data-id=\"621\"  src=\"https:\/\/agrilink.staging.nvt.agency\/wp-content\/uploads\/2021\/11\/Norway.3-1024x768.jpg\" alt=\"\" class=\"wp-image-621\" srcset=\"https:\/\/www.agrilink2020.eu\/wp-content\/uploads\/2021\/11\/Norway.3-1024x768.jpg 1024w, https:\/\/www.agrilink2020.eu\/wp-content\/uploads\/2021\/11\/Norway.3-300x225.jpg 300w, https:\/\/www.agrilink2020.eu\/wp-content\/uploads\/2021\/11\/Norway.3-768x576.jpg 768w, https:\/\/www.agrilink2020.eu\/wp-content\/uploads\/2021\/11\/Norway.3.jpg 1315w\" sizes=\"(max-width: 1024px) 100vw, 1024px\" \/><\/figure>\n<figcaption class=\"blocks-gallery-caption\"><br><\/figcaption><\/figure>\n\n<figure class=\"wp-block-table\"><table><tbody><tr><td>Die Fruchtfolgen in den einzelnen landwirtschaftlichen Betrieben der Region sind tendenziell stark spezialisiert und in einigen F\u00e4llen einfache Monokulturen. Es werden vielf\u00e4ltigere Fruchtfolgen ben\u00f6tigt, um a) die Bodenfruchtbarkeit, die Pflanzengesundheit und die Ertr\u00e4ge zu verbessern, b) den Bedarf an D\u00fcngemitteln und Pestiziden (und damit die Kosten) zu reduzieren und c) den Landwirten folglich einen wirtschaftlichen Nutzen zu verschaffen. Eine M\u00f6glichkeit, zus\u00e4tzliche Kulturen in die Fruchtfolge einzuf\u00fchren, ist die Zusammenarbeit zwischen benachbarten Betrieben, insbesondere wenn die Nachbarn auf komplement\u00e4re Kulturen spezialisiert sind.      <\/td><\/tr><tr><td>So k\u00f6nnte beispielsweise ein auf den Anbau von Gerste und Kartoffeln spezialisierter Ackerbaubetrieb, der neben einem Milchviehbetrieb liegt, Grasanbau f\u00fcr Silage in seine Fruchtfolge aufnehmen, w\u00e4hrend sein Nachbar im gleichen Zeitraum auf einer oder mehrerer seiner Grasfl\u00e4chen Gerste oder Kartoffeln anbaut. <\/td><\/tr><\/tbody><\/table><\/figure>\n\n<h2 id=\"partner-and-responsible-person-contact\">Partner und Ansprechpartner<\/h2>\n<div class=\"block2-partner\">\n\n        <div class=\"block2-content\">\n            <h3 class=\"block2-title text-h3\">Ruralis<\/h3>\n\n                                                <div class=\"block2-contact-item\">\n                        <span class=\"block2-name\">\n                            Egil Petter Str\u00e6te,                        <\/span>\n                        <a class=\"block2-email\" href=\"mailto:egil.petter.strate@ruralis.no\">\n                            egil.petter.strate@ruralis.no                        <\/a>\n                    <\/div>\n                                    <div class=\"block2-contact-item\">\n                        <span class=\"block2-name\">\n                            Gunn-Turid Kvam,                        <\/span>\n                        <a class=\"block2-email\" href=\"mailto:gunn.turid.kvam@ruralis.no\">\n                            gunn.turid.kvam@ruralis.no                        <\/a>\n                    <\/div>\n                            \n            <div class=\"block2-description\">Ruralis arbeitet mit dem Norwegischen Landwirtschaftlichen Beratungsdienst Tr\u00f8ndelag zusammen (Astrid Johansen, astrid.johansen@nlr.no)<\/div>\n        <\/div>\n\n\n        <div class=\"block2-logo-wrapper\">\n            <div class=\"block2-logo\">\n                <img width=\"200\" height=\"49\" src=\"https:\/\/www.agrilink2020.eu\/wp-content\/uploads\/2021\/11\/ruralis-logo-hor-en_medium.png\" class=\"attachment-full size-full\" alt=\"\" decoding=\"async\" loading=\"lazy\" \/>            <\/div>\n            <a class=\"block-link text-detail\" href=\"www.ruralis.no\">\n                www.ruralis.no            <\/a>\n        <\/div>\n\n<\/div>\n\n<h2 id=\"the-living-lab-story\">Geschichte des Lebenden Labors<\/h2>\n\n<p>Das Lebende Labor startete im Herbst 2017. Anfangs konzentrierten sich die Aktivit\u00e4ten des Lebenden Labors auf den Aufbau der Kommunikation, die Vertrauensbildung und die Organisation von Arbeitsabl\u00e4ufen mit dem Fruchtfolge-Projekt, in das das Lebende Labor integriert wurde.  <\/p>\n\n<figure class=\"is-layout-flex wp-block-gallery-3 wp-block-gallery has-nested-images columns-default is-cropped\">\n<figure class=\"wp-block-image size-large\"><img decoding=\"async\" loading=\"lazy\" width=\"1024\" height=\"576\" data-id=\"580\"  src=\"https:\/\/agrilink.staging.nvt.agency\/wp-content\/uploads\/2021\/11\/AgriLink.Living.Lab_.Norway.3-1024x576.jpg\" alt=\"\" class=\"wp-image-580\" srcset=\"https:\/\/www.agrilink2020.eu\/wp-content\/uploads\/2021\/11\/AgriLink.Living.Lab_.Norway.3-1024x576.jpg 1024w, https:\/\/www.agrilink2020.eu\/wp-content\/uploads\/2021\/11\/AgriLink.Living.Lab_.Norway.3-300x169.jpg 300w, https:\/\/www.agrilink2020.eu\/wp-content\/uploads\/2021\/11\/AgriLink.Living.Lab_.Norway.3-768x432.jpg 768w, https:\/\/www.agrilink2020.eu\/wp-content\/uploads\/2021\/11\/AgriLink.Living.Lab_.Norway.3-1536x864.jpg 1536w, https:\/\/www.agrilink2020.eu\/wp-content\/uploads\/2021\/11\/AgriLink.Living.Lab_.Norway.3.jpg 1645w\" sizes=\"(max-width: 1024px) 100vw, 1024px\" \/><\/figure>\n\n\n\n<figure class=\"wp-block-image size-large\"><img decoding=\"async\" loading=\"lazy\" width=\"1024\" height=\"576\" data-id=\"579\"  src=\"https:\/\/agrilink.staging.nvt.agency\/wp-content\/uploads\/2021\/11\/AgriLink.Living.Lab_.Norway.2-1024x576.jpg\" alt=\"\" class=\"wp-image-579\" srcset=\"https:\/\/www.agrilink2020.eu\/wp-content\/uploads\/2021\/11\/AgriLink.Living.Lab_.Norway.2-1024x576.jpg 1024w, https:\/\/www.agrilink2020.eu\/wp-content\/uploads\/2021\/11\/AgriLink.Living.Lab_.Norway.2-300x169.jpg 300w, https:\/\/www.agrilink2020.eu\/wp-content\/uploads\/2021\/11\/AgriLink.Living.Lab_.Norway.2-768x432.jpg 768w, https:\/\/www.agrilink2020.eu\/wp-content\/uploads\/2021\/11\/AgriLink.Living.Lab_.Norway.2-1536x864.jpg 1536w, https:\/\/www.agrilink2020.eu\/wp-content\/uploads\/2021\/11\/AgriLink.Living.Lab_.Norway.2.jpg 1645w\" sizes=\"(max-width: 1024px) 100vw, 1024px\" \/><\/figure>\n\n\n\n<figure class=\"wp-block-image size-large\"><img decoding=\"async\" loading=\"lazy\" width=\"1024\" height=\"768\" data-id=\"623\"  src=\"https:\/\/agrilink.staging.nvt.agency\/wp-content\/uploads\/2021\/11\/Norway.5-1024x768.jpg\" alt=\"\" class=\"wp-image-623\" srcset=\"https:\/\/www.agrilink2020.eu\/wp-content\/uploads\/2021\/11\/Norway.5-1024x768.jpg 1024w, https:\/\/www.agrilink2020.eu\/wp-content\/uploads\/2021\/11\/Norway.5-300x225.jpg 300w, https:\/\/www.agrilink2020.eu\/wp-content\/uploads\/2021\/11\/Norway.5-768x576.jpg 768w, https:\/\/www.agrilink2020.eu\/wp-content\/uploads\/2021\/11\/Norway.5-1536x1152.jpg 1536w, https:\/\/www.agrilink2020.eu\/wp-content\/uploads\/2021\/11\/Norway.5-2048x1536.jpg 2048w\" sizes=\"(max-width: 1024px) 100vw, 1024px\" \/><\/figure>\n<figcaption class=\"blocks-gallery-caption\"><br><\/figcaption><\/figure>\n\n<figure class=\"wp-block-table\"><table><tbody><tr><td>Zwischen den teilnehmenden Landwirten, Beratern und Forschern wurden drei Haupt-\u201eDialoge\u201c entwickelt: Der erste Dialog erfolgte zwischen Beratern und Landwirten. Die Berater kontaktierten Gruppen von Landwirten mit Erfahrung in der Fruchtfolge, um von ihnen zu lernen. Der zweite Dialog fand zwischen Forschern und Landwirten statt. In pers\u00f6nlichen Gespr\u00e4chen und Fokusgruppen erfuhren die Forscher, welche Bedingungen f\u00fcr die Zusammenarbeit mit den Landwirten am besten geeignet sind, und diskutierten m\u00f6gliche Elemente eines neuen Beratungsdienstes. Der dritte Dialog erfolgte zwischen Beratern und Landwirten bei Treffen, in denen a) Wissen und Erfahrungen aus den mit den Landwirten gef\u00fchrten Gespr\u00e4chen ausgetauscht wurden; b) diese Erfahrungen reflektiert wurden, und; c) Ideen und Konzepte f\u00fcr einen neuen landwirtschaftlichen Beratungsdienst diskutiert wurden.       <\/td><\/tr><tr><td>Leider verz\u00f6gerte sich das Mitgestaltungselement des Lebenden Labors und wurde nicht vollst\u00e4ndig abgeschlossen. Hierf\u00fcr gab es mehrere Gr\u00fcnde: Im Fruchtfolge-Projekt fand eine Reorganisation statt, mit neuer Projektinhaberschaft, neuer Projektleitung und einer Reduzierung von Budget und Aktivit\u00e4ten. Daraus ergaben sich auch Auswirkungen auf das Lebende Labor. Der allgemeine Mangel an Wissen und Erfahrung mit der Living-Lab-Methode schr\u00e4nkte den Fortschritt bei der Umsetzung ein. Die landwirtschaftlichen Berater und die Forscher waren mit anderen Aufgaben besch\u00e4ftigt und konnten sich nicht immer im Lebenden Labor einbringen. Das Living Lab lief gut an und alle Teilnehmer hatten ausreichend Zeit, einander kennenzulernen und die notwendige Offenheit und das ben\u00f6tigte Vertrauen zu entwickeln. Die Covid-19-Beschr\u00e4nkungen ab M\u00e4rz 2020 stoppten das Lebende Labor jedoch, bevor der Mitgestaltungs-Prozess abgeschlossen werden konnte.    <\/td><\/tr><\/tbody><\/table><\/figure>\n\n<h2 id=\"lessons-learned\">Gewonnene Erkenntnisse<\/h2>\n\n<figure class=\"wp-block-table\"><table><tbody><tr><td><strong>Bestehen eines Problems oder einer Chance<\/strong><br\/>Die Teilnehmer eines Lebenden Labors m\u00fcssen erkennen, dass es ein Problem gibt oder aber eine Chance besteht, die es zu nutzen gilt. Andernfalls gibt es keine Grundlage f\u00fcr die Einrichtung eines Lebenden Labors und keine Motivation, sich einzubringen. <\/td><\/tr><tr><td><strong>Partnerschaft und Zusammenarbeit<\/strong><br\/>Die Teilnehmer eines Lebenden Labors m\u00fcssen erkennen, dass die Zusammenarbeit zwischen verschiedenen Partnern das Potenzial birgt, eine L\u00f6sung f\u00fcr ein Problem zu entwickeln oder eine Chance zu nutzen. Ein Lebendes Labor muss nicht unbedingt eine breit angelegte Partnerschaft mit vielen Teilnehmern sein; in einigen F\u00e4llen wird dies jedoch n\u00f6tig sein. <\/td><\/tr><tr><td><strong>Motivation, Engagement und Verantwortung <\/strong><br\/>Die Teilnehmer m\u00fcssen Verantwortung f\u00fcr den Living-Lab-Prozess \u00fcbernehmen. Andernfalls wird es schwierig, zusammenzuarbeiten und Fortschritte zu erzielen. Ein Lebendes Labor muss daher realistisch durchf\u00fchrbar sein und so konzipiert und verwaltet werden, dass es auf die tats\u00e4chlichen Bed\u00fcrfnisse der Teilnehmer eingeht. Bei fehlender Motivation kann es erforderlich werden, das Lebende Labor anzupassen und sich auf vorrangigere Bed\u00fcrfnisse zu konzentrieren. Die Finanzierung sollte idealerweise vor Beginn des Projekts gekl\u00e4rt sein, damit die Teilnehmer wissen, dass sie \u00fcber ein Budget verf\u00fcgen. Alle Aktivit\u00e4ten, die aus diesem Budget unterst\u00fctzt werden sollen, sollten genau definiert werden.    <\/td><\/tr><tr><td><strong>Prozessbegleitung und Zusammenarbeit<\/strong><br\/>Ein Lebendes Labor ben\u00f6tigt die Unterst\u00fctzung eines Prozessbegleiters, der \u00fcber die notwendige Kompetenz und Unabh\u00e4ngigkeit verf\u00fcgt, um die Teilnehmer zu unterst\u00fctzen, einschlie\u00dflich derjenigen, die die Verantwortung f\u00fcr die Arbeit und\/oder die Leitung des Prozesses \u00fcbernommen haben. Gegenseitiges Vertrauen ist f\u00fcr die effektive Zusammenarbeit mit dem Prozessbegleiter unabdingbar.  <\/td><\/tr><tr><td><strong>Beratungsdienst<\/strong><br\/>Die Errichtung eines Beratungsdienstes zur Unterst\u00fctzung der Zusammenarbeit zwischen Landwirten zur Einf\u00fchrung von mehr \u201egemeinsamen&#8220; Fruchtfolgen zwischen den Betrieben war eine komplexe und anspruchsvolle Aufgabe. Die Berater ben\u00f6tigten a) fach\u00fcbergreifendes Fachwissen \u00fcber die verschiedenen Fruchtfolgesysteme, deren Entwicklung sie unterst\u00fctzten; b) die F\u00e4higkeiten und Erfahrungen, um Gruppenberatungsaktivit\u00e4ten ein- und durchzuf\u00fchren, und c) spezielle Kompetenzen und Instrumente, um Mitgestaltungsprozesse zu erleichtern.     <\/td><\/tr><\/tbody><\/table><\/figure>\n\n<hr class=\"wp-block-separator\"\/>\n\n<p><strong>More info about the Norway Living Lab<\/strong> (in English)<\/p>\n\n<p><a href=\"https:\/\/www.agrilink2020.eu\/wp-content\/uploads\/2020\/04\/PA7-Crop-rotation-between-farms-in-Norway-Developing-innovation-support-services-and-tools-through-Living-Lab_RUR.pdf\">Practice Abstract 7 \u2013 <strong>Crop rotation between farms in Norway: Developing innovation support services and tools through Living Lab<\/strong> (RURALIS)<\/a><\/p>\n\n<p><a href=\"https:\/\/www.agrilink2020.eu\/wp-content\/uploads\/2020\/04\/PA44-How-to-make-a-Living-Lab-work-in-an-agricultural-advisory-service.pdf\">Practice Abstract 44 <strong>\u2013 How to make a Living Lab work in an agricultural advisory service<\/strong><\/a><\/p>\n\n<p><a href=\"https:\/\/www.agrilink2020.eu\/wp-content\/uploads\/2020\/04\/PA50-Factors-delaying-co-creation-and-progress-of-a-Living-Lab.pdf\">Practice Abstract 50 \u2013 <strong>Factors delaying co-creation and progress of a Living Lab<\/strong><\/a><\/p>\n\n<p>Info on Ruralis website:<\/p>\n\n<ul><li><a href=\"https:\/\/ruralis.no\/en\/2018\/03\/06\/living-lab\/\">https:\/\/ruralis.no\/en\/2018\/03\/06\/living-lab\/<\/a><\/li><li><a href=\"https:\/\/ruralis.no\/en\/2017\/01\/13\/new-eu-project-will-contribute-to-increased-knowledge-and-better-farm-advice-in-european-agriculture\/\">https:\/\/ruralis.no\/en\/2017\/01\/13\/new-eu-project-will-contribute-to-increased-knowledge-and-better-farm-advice-in-european-agriculture\/<\/a><\/li><\/ul>\n\n<p>Blog post on AgriLink website:<\/p>\n\n<ul><li><a href=\"https:\/\/www.agrilink2020.eu\/news-mobilizing-farmers-for-crop-rotation-in-norwegian-living-lab\/\">https:\/\/www.agrilink2020.eu\/news-mobilizing-farmers-for-crop-rotation-in-norwegian-living-lab\/<\/a><\/li><\/ul>\n","protected":false},"excerpt":{"rendered":"<p>Tr\u00f8ndelag County, Norway Ziel des norwegischen Lebenden Labors war es, die Entwicklung von Beratungsmethoden und -Instrumenten zu unterst\u00fctzen, die die Zusammenarbeit zwischen Landwirten bei der Einf\u00fchrung vielf\u00e4ltigerer Fruchtfolgen &#8211; sowohl in den einzelnen Betrieben als auch \u201egemeinsam&#8220; zwischen Betrieben &#8211; f\u00f6rdern, indem vielf\u00e4ltigere Kombinationen verschiedener Getreidearten, (ges\u00e4tes) Wechselgr\u00fcnland, Kartoffeln und\/oder Gem\u00fcse darin einbezogen werden. Kontext, &hellip; <a href=\"https:\/\/www.agrilink2020.eu\/de\/forscher\/lebenden-labors-fruchtfolge-zwischen-landwirtschaftlichen-betrieben-entwicklung-innovationsfoerdernder-dienstleistungen-und-instrumente\">Continued<\/a><\/p>\n","protected":false},"author":2,"featured_media":2064,"comment_status":"open","ping_status":"open","sticky":false,"template":"","format":"standard","meta":[],"categories":[124,125,153,154,155],"tags":[196],"region":[505],"country":[331],"work_package":[242],"keyword":[302,299],"_links":{"self":[{"href":"https:\/\/www.agrilink2020.eu\/de\/wp-json\/wp\/v2\/posts\/6105"}],"collection":[{"href":"https:\/\/www.agrilink2020.eu\/de\/wp-json\/wp\/v2\/posts"}],"about":[{"href":"https:\/\/www.agrilink2020.eu\/de\/wp-json\/wp\/v2\/types\/post"}],"author":[{"embeddable":true,"href":"https:\/\/www.agrilink2020.eu\/de\/wp-json\/wp\/v2\/users\/2"}],"replies":[{"embeddable":true,"href":"https:\/\/www.agrilink2020.eu\/de\/wp-json\/wp\/v2\/comments?post=6105"}],"version-history":[{"count":6,"href":"https:\/\/www.agrilink2020.eu\/de\/wp-json\/wp\/v2\/posts\/6105\/revisions"}],"predecessor-version":[{"id":6145,"href":"https:\/\/www.agrilink2020.eu\/de\/wp-json\/wp\/v2\/posts\/6105\/revisions\/6145"}],"wp:featuredmedia":[{"embeddable":true,"href":"https:\/\/www.agrilink2020.eu\/de\/wp-json\/wp\/v2\/media\/2064"}],"wp:attachment":[{"href":"https:\/\/www.agrilink2020.eu\/de\/wp-json\/wp\/v2\/media?parent=6105"}],"wp:term":[{"taxonomy":"category","embeddable":true,"href":"https:\/\/www.agrilink2020.eu\/de\/wp-json\/wp\/v2\/categories?post=6105"},{"taxonomy":"post_tag","embeddable":true,"href":"https:\/\/www.agrilink2020.eu\/de\/wp-json\/wp\/v2\/tags?post=6105"},{"taxonomy":"region","embeddable":true,"href":"https:\/\/www.agrilink2020.eu\/de\/wp-json\/wp\/v2\/region?post=6105"},{"taxonomy":"country","embeddable":true,"href":"https:\/\/www.agrilink2020.eu\/de\/wp-json\/wp\/v2\/country?post=6105"},{"taxonomy":"work_package","embeddable":true,"href":"https:\/\/www.agrilink2020.eu\/de\/wp-json\/wp\/v2\/work_package?post=6105"},{"taxonomy":"keyword","embeddable":true,"href":"https:\/\/www.agrilink2020.eu\/de\/wp-json\/wp\/v2\/keyword?post=6105"}],"curies":[{"name":"wp","href":"https:\/\/api.w.org\/{rel}","templated":true}]}}