{"id":7193,"date":"2022-03-10T09:21:22","date_gmt":"2022-03-10T09:21:22","guid":{"rendered":"https:\/\/legacy.agrilink2020.eu\/sin-categorizar\/el-papel-de-los-servicios-de-asesoramiento-en-la-toma-de-decisiones-de-los-agricultores-respecto-a-las-innovaciones-para-mejorar-la-infraestructura-ecologica-de-los-vinedos"},"modified":"2022-04-17T11:09:34","modified_gmt":"2022-04-17T11:09:34","slug":"el-papel-de-los-servicios-de-asesoramiento-en-la-toma-de-decisiones-de-los-agricultores-respecto-a-las-innovaciones-para-mejorar-la-infraestructura-ecologica-de-los-vinedos","status":"publish","type":"post","link":"https:\/\/www.agrilink2020.eu\/es\/investigadores-es\/el-papel-de-los-servicios-de-asesoramiento-en-la-toma-de-decisiones-de-los-agricultores-respecto-a-las-innovaciones-para-mejorar-la-infraestructura-ecologica-de-los-vinedos","title":{"rendered":"El papel de los servicios de asesoramiento en la toma de decisiones de los agricultores respecto a las innovaciones para mejorar la infraestructura ecol\u00f3gica de los vi\u00f1edos"},"content":{"rendered":"\n<h2>Regi\u00f3n<\/h2>\n\n<p>El Duero es una regi\u00f3n predominantemente agr\u00edcola del noreste de Portugal con una superficie de 4.112 km<sup>2<\/sup> dividida en 19 municipios. Es una zona poco poblada que se caracteriza por un declive demogr\u00e1fico a largo plazo (despoblaci\u00f3n y envejecimiento), t\u00edpico de muchas zonas rurales portuguesas. <\/p>\n\n<div class=\"wp-block-image\"><figure class=\"aligncenter size-full\"><img decoding=\"async\" loading=\"lazy\" width=\"852\" height=\"605\" src=\"https:\/\/agrilink2020.eu\/wp-content\/uploads\/2022\/03\/F.2.jpg\" alt=\"\" class=\"wp-image-3541\" srcset=\"https:\/\/www.agrilink2020.eu\/wp-content\/uploads\/2022\/03\/F.2.jpg 852w, https:\/\/www.agrilink2020.eu\/wp-content\/uploads\/2022\/03\/F.2-300x213.jpg 300w, https:\/\/www.agrilink2020.eu\/wp-content\/uploads\/2022\/03\/F.2-768x545.jpg 768w\" sizes=\"(max-width: 852px) 100vw, 852px\" \/><figcaption>Mapa de la regi\u00f3n<\/figcaption><\/figure><\/div>\n\n<p>El Duero es una de las regiones vitivin\u00edcolas m\u00e1s antiguas del mundo y se cre\u00f3 en 1756 para regular y proteger la producci\u00f3n y venta de vino de Oporto. El rasgo m\u00e1s distintivo de la regi\u00f3n del Duero es el paisaje, dominado por los vi\u00f1edos (sostenidos por muros de piedra hechos a mano) que se cultivan en las empinadas laderas del valle superior del r\u00edo Duero. La singularidad de este paisaje creado por el hombre, junto con la historia, la socioeconom\u00eda y la cultura interconectadas, fue reconocida por la UNESCO en 2001 con la designaci\u00f3n de Patrimonio Mundial. Esta designaci\u00f3n contribuye ahora al \u00e9xito actual de los vinos DOC (Denominaci\u00f3n de Origen Controlada) producidos en la regi\u00f3n y ha contribuido a convertir el Duero en una regi\u00f3n vin\u00edcola de marca mundial y en un destino tur\u00edstico de \u00e9xito.   <\/p>\n\n<h2>Enfoque del estudio<\/h2>\n\n<p>El estudio de caso se centr\u00f3 en una serie de estrategias innovadoras para mejorar las \u00abinfraestructuras ecol\u00f3gicas\u00bb (IE) asociadas a los vi\u00f1edos. Se trata de un enfoque introducido originalmente en la d\u00e9cada de 1990 por viticultores pioneros y que ahora se est\u00e1 haciendo cada vez m\u00e1s popular entre los viticultores de la regi\u00f3n. Las nuevas estrategias de IE incluyen la integraci\u00f3n de pr\u00e1cticas agr\u00edcolas agroecol\u00f3gicas (por ejemplo, el cultivo de vegetaci\u00f3n herb\u00e1cea en los vi\u00f1edos y en las terrazas en pendiente) con el restablecimiento y la mejora de los elementos tradicionales del paisaje (por ejemplo, setos, muros de piedra, vi\u00f1as viejas, manchas de olivares y otra vegetaci\u00f3n mediterr\u00e1nea aut\u00f3ctona).  <\/p>\n\n<div class=\"wp-block-image\"><figure class=\"aligncenter size-full\"><img decoding=\"async\" loading=\"lazy\" width=\"1024\" height=\"768\" src=\"https:\/\/agrilink2020.eu\/wp-content\/uploads\/2022\/03\/PICT2962-1024x768-1.jpeg\" alt=\"\" class=\"wp-image-3591\" srcset=\"https:\/\/www.agrilink2020.eu\/wp-content\/uploads\/2022\/03\/PICT2962-1024x768-1.jpeg 1024w, https:\/\/www.agrilink2020.eu\/wp-content\/uploads\/2022\/03\/PICT2962-1024x768-1-300x225.jpeg 300w, https:\/\/www.agrilink2020.eu\/wp-content\/uploads\/2022\/03\/PICT2962-1024x768-1-768x576.jpeg 768w\" sizes=\"(max-width: 1024px) 100vw, 1024px\" \/><\/figure><\/div>\n\n<p>El paisaje tradicional en mosaico de la regi\u00f3n vitivin\u00edcola del alto valle del Duero se est\u00e1 recuperando progresivamente, en parte gracias a la aplicaci\u00f3n de normas de protecci\u00f3n del paisaje, pero sobre todo al redescubrimiento por parte de los viticultores de las ventajas ecol\u00f3gicas y de marketing que supone la \u00abrenaturalizaci\u00f3n\u00bb de los vi\u00f1edos. Sin embargo, se trata de un proceso a largo plazo. Las estrategias de IE son en gran medida exclusivas de cada explotaci\u00f3n y exigen una inversi\u00f3n a largo plazo en actividades de experimentaci\u00f3n y seguimiento sobre el terreno. Para tener \u00e9xito, los viticultores tienen que integrar los nuevos conocimientos cient\u00edficos en sus conocimientos locales t\u00e1citos en un proceso continuo de aprendizaje en la pr\u00e1ctica.   <\/p>\n\n<p>Este estudio de caso puso de relieve el papel de una innovadora organizaci\u00f3n de agricultores fundada por un destacado grupo de viticultores en 1982 para ayudarse a s\u00ed mismos y a la DOC Duero a hacer frente a los retos provocados por la creciente competencia en los mercados mundiales del vino por parte de un n\u00famero cada vez mayor de productores de pa\u00edses del Nuevo Mundo. Esta organizaci\u00f3n se cre\u00f3 para capacitar a los viticultores y permitirles anticiparse y responder a las tendencias del mercado mundial. Para ello, invirtieron en el desarrollo de s\u00f3lidas competencias y habilidades de \u00abback-office\u00bb, lo que supuso una intensa conexi\u00f3n con instituciones de investigaci\u00f3n y expertos de todo el mundo. Para ello, contaron con asesores bien cualificados que participaban directamente en las actividades de investigaci\u00f3n e innovaci\u00f3n y que eran expertos en la creaci\u00f3n conjunta de nuevos conocimientos con los investigadores y los viticultores.   <\/p>\n\n<p>El informe completo (en ingl\u00e9s) est\u00e1 aqu\u00ed:<\/p>\n\n<div class=\"wp-block-file\"><object class=\"wp-block-file__embed\" data=\"https:\/\/agrilink2020.eu\/wp-content\/uploads\/2021\/06\/D2.2_PT.GDPR_.pdf\" type=\"application\/pdf\" style=\"width:100%;height:600px\" aria-label=\"Incrustado de Embed of D2.2_PT.GDPR..\"><\/object><a id=\"wp-block-file--media-2f619f71-934b-40ea-8691-17a70083bb45\" href=\"https:\/\/agrilink2020.eu\/wp-content\/uploads\/2021\/06\/D2.2_PT.GDPR_.pdf\">D2.2_PT.GDPR<\/a><a href=\"https:\/\/agrilink2020.eu\/wp-content\/uploads\/2021\/06\/D2.2_PT.GDPR_.pdf\" class=\"wp-block-file__button\" download=\"\" aria-describedby=\"wp-block-file--media-2f619f71-934b-40ea-8691-17a70083bb45\">Download<\/a><\/div>\n\n<hr class=\"wp-block-separator\"\/>\n\n<h2>Socio y persona de contacto<\/h2>\n\n<div class=\"wp-block-image\"><figure class=\"aligncenter size-full\"><img decoding=\"async\" loading=\"lazy\" width=\"902\" height=\"148\" src=\"https:\/\/agrilink2020.eu\/wp-content\/uploads\/2022\/01\/UTAD.jpeg\" alt=\"\" class=\"wp-image-778\" srcset=\"https:\/\/www.agrilink2020.eu\/wp-content\/uploads\/2022\/01\/UTAD.jpeg 902w, https:\/\/www.agrilink2020.eu\/wp-content\/uploads\/2022\/01\/UTAD-300x49.jpeg 300w, https:\/\/www.agrilink2020.eu\/wp-content\/uploads\/2022\/01\/UTAD-768x126.jpeg 768w\" sizes=\"(max-width: 902px) 100vw, 902px\" \/><\/figure><\/div>\n\n<h2>Universidad de Tr\u00e1s-os-Montes e Alto Douro (UTAD)<\/h2>\n\n<p>L\u00edvia Madureira, <a href=\"mailto:lmadurei@utad.pt\">lmadurei@utad.pt<\/a><\/p>\n\n<hr class=\"wp-block-separator\"\/>\n\n<h2>Lecciones aprendidas<\/h2>\n\n<ol><li>La mejora de las \u00abinfraestructuras ecol\u00f3gicas\u00bb (IE) en los vi\u00f1edos del Duero fue impulsada e implementada por un \u00absistema de conocimiento e innovaci\u00f3n\u00bb local construido sobre una triple asociaci\u00f3n informal que uni\u00f3 a viticultores, investigadores y asesores. Las redes informales entre iguales, compuestas por gestores de explotaciones agr\u00edcolas, viticultores y bodegueros, han desempe\u00f1ado un papel fundamental en la consolidaci\u00f3n y el anclaje de estos conocimientos e innovaciones en la regi\u00f3n a trav\u00e9s de un proceso de aprendizaje pr\u00e1ctico. <\/li><li>La pol\u00edtica agroambiental de la UE ha fomentado el apoyo de los asesores a la gesti\u00f3n integrada de plagas (GIP) en los vi\u00f1edos portugueses desde la d\u00e9cada de 1990 y fue un motor clave para la adopci\u00f3n de innovaciones para mejorar las IE en los vi\u00f1edos del Duero. El apoyo pol\u00edtico a los asesores permiti\u00f3 que los conocimientos y la experiencia sobre las IE aprendidos de los agricultores y los investigadores se acumularan y fueran mejor comunicados por los asesores, muchos de los cuales se graduaron en la UTAD. <\/li><li>Los proyectos de investigaci\u00f3n e innovaci\u00f3n en los que participan muchos actores diferentes, como agricultores, investigadores y asesores, desempe\u00f1aron un papel clave en la difusi\u00f3n de las innovaciones de las IE en la regi\u00f3n del Duero. La disponibilidad de financiaci\u00f3n para estos proyectos tuvo un impacto importante en el desarrollo de innovaciones para la mejora de las IE en los vi\u00f1edos del Duero. <\/li><\/ol>\n","protected":false},"excerpt":{"rendered":"<p>Regi\u00f3n El Duero es una regi\u00f3n predominantemente agr\u00edcola del noreste de Portugal con una superficie de 4.112 km2 dividida en 19 municipios. Es una zona poco poblada que se caracteriza por un declive demogr\u00e1fico a largo plazo (despoblaci\u00f3n y envejecimiento), t\u00edpico de muchas zonas rurales portuguesas. El Duero es una de las regiones vitivin\u00edcolas m\u00e1s &hellip; <a href=\"https:\/\/www.agrilink2020.eu\/es\/investigadores-es\/el-papel-de-los-servicios-de-asesoramiento-en-la-toma-de-decisiones-de-los-agricultores-respecto-a-las-innovaciones-para-mejorar-la-infraestructura-ecologica-de-los-vinedos\">Continued<\/a><\/p>\n","protected":false},"author":2,"featured_media":3590,"comment_status":"open","ping_status":"open","sticky":false,"template":"","format":"standard","meta":[],"categories":[133,134,177,179],"tags":[472],"region":[646],"country":[603],"work_package":[236],"keyword":[314,465],"_links":{"self":[{"href":"https:\/\/www.agrilink2020.eu\/es\/wp-json\/wp\/v2\/posts\/7193"}],"collection":[{"href":"https:\/\/www.agrilink2020.eu\/es\/wp-json\/wp\/v2\/posts"}],"about":[{"href":"https:\/\/www.agrilink2020.eu\/es\/wp-json\/wp\/v2\/types\/post"}],"author":[{"embeddable":true,"href":"https:\/\/www.agrilink2020.eu\/es\/wp-json\/wp\/v2\/users\/2"}],"replies":[{"embeddable":true,"href":"https:\/\/www.agrilink2020.eu\/es\/wp-json\/wp\/v2\/comments?post=7193"}],"version-history":[{"count":5,"href":"https:\/\/www.agrilink2020.eu\/es\/wp-json\/wp\/v2\/posts\/7193\/revisions"}],"predecessor-version":[{"id":7198,"href":"https:\/\/www.agrilink2020.eu\/es\/wp-json\/wp\/v2\/posts\/7193\/revisions\/7198"}],"wp:featuredmedia":[{"embeddable":true,"href":"https:\/\/www.agrilink2020.eu\/es\/wp-json\/wp\/v2\/media\/3590"}],"wp:attachment":[{"href":"https:\/\/www.agrilink2020.eu\/es\/wp-json\/wp\/v2\/media?parent=7193"}],"wp:term":[{"taxonomy":"category","embeddable":true,"href":"https:\/\/www.agrilink2020.eu\/es\/wp-json\/wp\/v2\/categories?post=7193"},{"taxonomy":"post_tag","embeddable":true,"href":"https:\/\/www.agrilink2020.eu\/es\/wp-json\/wp\/v2\/tags?post=7193"},{"taxonomy":"region","embeddable":true,"href":"https:\/\/www.agrilink2020.eu\/es\/wp-json\/wp\/v2\/region?post=7193"},{"taxonomy":"country","embeddable":true,"href":"https:\/\/www.agrilink2020.eu\/es\/wp-json\/wp\/v2\/country?post=7193"},{"taxonomy":"work_package","embeddable":true,"href":"https:\/\/www.agrilink2020.eu\/es\/wp-json\/wp\/v2\/work_package?post=7193"},{"taxonomy":"keyword","embeddable":true,"href":"https:\/\/www.agrilink2020.eu\/es\/wp-json\/wp\/v2\/keyword?post=7193"}],"curies":[{"name":"wp","href":"https:\/\/api.w.org\/{rel}","templated":true}]}}