{"id":10119,"date":"2022-03-10T10:09:15","date_gmt":"2022-03-10T10:09:15","guid":{"rendered":"https:\/\/www.agrilink2020.eu\/non-classifiee\/la-retro-innovation-dans-la-diversification-des-produits-laitiers"},"modified":"2022-07-26T08:51:59","modified_gmt":"2022-07-26T08:51:59","slug":"la-retro-innovation-dans-la-diversification-des-produits-laitiers","status":"publish","type":"post","link":"https:\/\/www.agrilink2020.eu\/fr\/chercheurs\/la-retro-innovation-dans-la-diversification-des-produits-laitiers","title":{"rendered":"La r\u00e9tro-innovation dans la diversification des produits laitiers"},"content":{"rendered":"\n<h2>R\u00e9gion<\/h2>\n\n<p>La Navarre et le Pays basque sont deux petites r\u00e9gions situ\u00e9es au nord de l&rsquo;Espagne. La production de lait de vache et de brebis est importante dans les deux r\u00e9gions, mais au cours des 10 \u00e0 20 derni\u00e8res ann\u00e9es, la diversit\u00e9 des produits laitiers a diminu\u00e9. De nombreux agriculteurs se sont concentr\u00e9s sur la production du fromage Idiazabal (un fromage \u00e0 p\u00e2te press\u00e9e dure fabriqu\u00e9 \u00e0 partir de lait de brebis non pasteuris\u00e9) ou ont vendu le lait. Par cons\u00e9quent, on a de plus en plus tendance \u00e0 oublier les anciennes recettes et les connaissances existantes sur les autres types de fromage.<\/p>\n\n<div class=\"wp-block-image\"><figure class=\"aligncenter size-full\"><img decoding=\"async\" loading=\"lazy\" width=\"830\" height=\"584\" src=\"https:\/\/agrilink2020.eu\/wp-content\/uploads\/2022\/03\/F.4.jpg\" alt=\"\" class=\"wp-image-3633\" srcset=\"https:\/\/www.agrilink2020.eu\/wp-content\/uploads\/2022\/03\/F.4.jpg 830w, https:\/\/www.agrilink2020.eu\/wp-content\/uploads\/2022\/03\/F.4-300x211.jpg 300w, https:\/\/www.agrilink2020.eu\/wp-content\/uploads\/2022\/03\/F.4-768x540.jpg 768w\" sizes=\"(max-width: 830px) 100vw, 830px\" \/><figcaption>Carte de la r\u00e9gion<\/figcaption><\/figure><\/div>\n\n<p>Plus r\u00e9cemment, les crises financi\u00e8res, les conditions de march\u00e9 d\u00e9favorables et l&rsquo;\u00e9volution des pr\u00e9f\u00e9rences des consommateurs ont conduit les agriculteurs locaux \u00e0 innover et \u00e0 r\u00e9introduire plusieurs \u00ab\u00a0anciens\u00a0\u00bb produits laitiers avec de nouvelles marques et un nouveau marketing (par exemple, <a href=\"https:\/\/izoriabaserria.blogspot.com\" target=\"_blank\" rel=\"noopener\">https:\/\/izoriabaserria.blogspot.com<\/a> et <a href=\"http:\/\/www.jauregia.net\/).\" target=\"_blank\" rel=\"noopener\">http:\/\/www.jauregia.net\/).<\/a> Ces produits de r\u00e9tro-innovation ont le potentiel d&rsquo;am\u00e9liorer la rentabilit\u00e9 de l&rsquo;\u00e9levage de moutons et de vaches dans les deux r\u00e9gions, surtout lorsqu&rsquo;ils vont de pair avec l&rsquo;adoption de la commercialisation directe par l&rsquo;exploitation (ce qui ajoute une valeur suppl\u00e9mentaire). Cependant, ces nouvelles opportunit\u00e9s commerciales cr\u00e9ent \u00e9galement une plus grande charge de travail, n\u00e9cessitent des investissements et g\u00e9n\u00e8rent de nouveaux probl\u00e8mes techniques et administratifs complexes pour l&rsquo;exploitation.&#13;\n&#13;\n\u00a0<\/p>\n\n<h2>Objet de l&rsquo;\u00e9tude<\/h2>\n\n<p>Cette \u00e9tude s&rsquo;est concentr\u00e9e sur deux phases diff\u00e9rentes dans les processus d\u00e9cisionnels associ\u00e9s \u00e0 la r\u00e9tro-innovation dans la diversification des produits laitiers.<\/p>\n\n<div class=\"wp-block-image\"><figure class=\"aligncenter size-full\"><img decoding=\"async\" loading=\"lazy\" width=\"720\" height=\"481\" src=\"https:\/\/agrilink2020.eu\/wp-content\/uploads\/2022\/03\/CS_Navarra_Spain_RIN_3.jpeg\" alt=\"\" class=\"wp-image-3649\" srcset=\"https:\/\/www.agrilink2020.eu\/wp-content\/uploads\/2022\/03\/CS_Navarra_Spain_RIN_3.jpeg 720w, https:\/\/www.agrilink2020.eu\/wp-content\/uploads\/2022\/03\/CS_Navarra_Spain_RIN_3-300x200.jpeg 300w\" sizes=\"(max-width: 720px) 100vw, 720px\" \/><\/figure><\/div>\n\n<p>Dans la premi\u00e8re phase, une s\u00e9rie de conseillers de confiance non sp\u00e9cialis\u00e9s (pas n\u00e9cessairement li\u00e9s \u00e0 l&rsquo;innovation) ont apport\u00e9 leur soutien pour trouver des solutions potentielles ou analyser la faisabilit\u00e9 de diff\u00e9rentes options. Les associations et les agences de d\u00e9veloppement rural ont \u00e9galement jou\u00e9 un r\u00f4le dans cette phase.<\/p>\n\n<p>Dans la deuxi\u00e8me phase, les agriculteurs ont recherch\u00e9 un soutien sp\u00e9cifique concernant les nouveaux produits.\u00a0 Les centres de recherche et d&rsquo;innovation alimentaire se sont av\u00e9r\u00e9s \u00eatre des sources importantes de soutien au cours de cette phase, plusieurs d&rsquo;entre eux ayant des projets visant \u00e0 encourager davantage la r\u00e9tro-innovation dans les produits alimentaires locaux.\u00a0 Au Pays basque, il existe \u00e9galement des organisations appel\u00e9es Centres de gestion qui offrent un soutien cibl\u00e9 aux agriculteurs (technique, \u00e9conomique, li\u00e9 aux imp\u00f4ts, \u00e0 la PAC, etc.) en fonction de leurs besoins sp\u00e9cifiques tout au long du processus de d\u00e9cision.&#13;\n<\/p>\n\n<p>Le rapport complet (en anglais) est ici :<\/p>\n\n<div class=\"wp-block-file\"><object class=\"wp-block-file__embed\" data=\"https:\/\/agrilink2020.eu\/wp-content\/uploads\/2021\/06\/D2.2_SP.GDPR_.pdf\" type=\"application\/pdf\" style=\"width:100%;height:600px\" aria-label=\"Contenu embarqu\u00e9 Embed of D2.2_SP.GDPR..\"><\/object><a id=\"wp-block-file--media-588a5fd8-1057-41bd-98e3-45422377f551\" href=\"https:\/\/agrilink2020.eu\/wp-content\/uploads\/2021\/06\/D2.2_SP.GDPR_.pdf\">D2.2_SP.GDPR<\/a><a href=\"https:\/\/agrilink2020.eu\/wp-content\/uploads\/2021\/06\/D2.2_SP.GDPR_.pdf\" class=\"wp-block-file__button\" download=\"\" aria-describedby=\"wp-block-file--media-588a5fd8-1057-41bd-98e3-45422377f551\">Download<\/a><\/div>\n\n<hr class=\"wp-block-separator\"\/>\n\n<h2>Partenaire et personne de contact<\/h2>\n\n<div class=\"wp-block-image\"><figure class=\"aligncenter size-full\"><img decoding=\"async\" loading=\"lazy\" width=\"300\" height=\"63\" src=\"https:\/\/agrilink2020.eu\/wp-content\/uploads\/2021\/11\/INTIA_large.png\" alt=\"\" class=\"wp-image-588\"\/><\/figure><\/div>\n\n<h2>INTIA<\/h2>\n\n<p>Noelia Telletxea, <a href=\"mailto:ntelletxea@intiasa.es\">ntelletxea@intiasa.es<\/a><\/p>\n\n<h2>Les le\u00e7ons apprises<\/h2>\n\n<ol><li>Les \u00e9l\u00e9ments d\u00e9clencheurs de cette r\u00e9tro-innovation ont \u00e9t\u00e9 : a) la n\u00e9cessit\u00e9 de rechercher de nouvelles opportunit\u00e9s commerciales et des solutions \u00e0 divers probl\u00e8mes sur l&rsquo;exploitation ; b) la demande de nouveaux produits par les clients r\u00e9guliers ; et c) le changement de g\u00e9n\u00e9ration sur l&rsquo;exploitation, notamment l&rsquo;arriv\u00e9e de fils ou de filles dans l&rsquo;entreprise agricole avec de nouvelles id\u00e9es et strat\u00e9gies, etc.<\/li><li>La r\u00e9tro-innovation est li\u00e9e \u00e0 la famille, au territoire et \u00e0 la tradition.\u00a0 Il ne s&rsquo;agit pas d&rsquo;une innovation classique, mais elle pr\u00e9sente n\u00e9anmoins un grand potentiel en tant qu&rsquo;opportunit\u00e9 commerciale rentable qui peut contribuer \u00e0 maintenir les populations locales dans leurs zones rurales. Mais elle comporte aussi des d\u00e9fis, notamment (parmi beaucoup d&rsquo;autres) le respect de toutes les r\u00e9glementations en mati\u00e8re d&rsquo;hygi\u00e8ne et de s\u00e9curit\u00e9 alimentaire.<\/li><li>La d\u00e9cision d&rsquo;innover est un long processus qui n\u00e9cessite une \u00e9valuation intense (investissement, modification des installations, nouvelles recettes, etc.) En ce qui concerne le conseil, il existe deux phases cl\u00e9s dans la prise de d\u00e9cision telle que d\u00e9crite ci-dessus.<\/li><\/ol>\n","protected":false},"excerpt":{"rendered":"<p>R\u00e9gion La Navarre et le Pays basque sont deux petites r\u00e9gions situ\u00e9es au nord de l&rsquo;Espagne. La production de lait de vache et de brebis est importante dans les deux r\u00e9gions, mais au cours des 10 \u00e0 20 derni\u00e8res ann\u00e9es, la diversit\u00e9 des produits laitiers a diminu\u00e9. De nombreux agriculteurs se sont concentr\u00e9s sur la &hellip; <a href=\"https:\/\/www.agrilink2020.eu\/fr\/chercheurs\/la-retro-innovation-dans-la-diversification-des-produits-laitiers\">Continued<\/a><\/p>\n","protected":false},"author":2,"featured_media":3644,"comment_status":"open","ping_status":"open","sticky":false,"template":"","format":"standard","meta":[],"categories":[136,137,161,163],"tags":[484],"region":[742,405],"country":[406],"work_package":[237],"keyword":[],"_links":{"self":[{"href":"https:\/\/www.agrilink2020.eu\/fr\/wp-json\/wp\/v2\/posts\/10119"}],"collection":[{"href":"https:\/\/www.agrilink2020.eu\/fr\/wp-json\/wp\/v2\/posts"}],"about":[{"href":"https:\/\/www.agrilink2020.eu\/fr\/wp-json\/wp\/v2\/types\/post"}],"author":[{"embeddable":true,"href":"https:\/\/www.agrilink2020.eu\/fr\/wp-json\/wp\/v2\/users\/2"}],"replies":[{"embeddable":true,"href":"https:\/\/www.agrilink2020.eu\/fr\/wp-json\/wp\/v2\/comments?post=10119"}],"version-history":[{"count":1,"href":"https:\/\/www.agrilink2020.eu\/fr\/wp-json\/wp\/v2\/posts\/10119\/revisions"}],"predecessor-version":[{"id":10120,"href":"https:\/\/www.agrilink2020.eu\/fr\/wp-json\/wp\/v2\/posts\/10119\/revisions\/10120"}],"wp:featuredmedia":[{"embeddable":true,"href":"https:\/\/www.agrilink2020.eu\/fr\/wp-json\/wp\/v2\/media\/3644"}],"wp:attachment":[{"href":"https:\/\/www.agrilink2020.eu\/fr\/wp-json\/wp\/v2\/media?parent=10119"}],"wp:term":[{"taxonomy":"category","embeddable":true,"href":"https:\/\/www.agrilink2020.eu\/fr\/wp-json\/wp\/v2\/categories?post=10119"},{"taxonomy":"post_tag","embeddable":true,"href":"https:\/\/www.agrilink2020.eu\/fr\/wp-json\/wp\/v2\/tags?post=10119"},{"taxonomy":"region","embeddable":true,"href":"https:\/\/www.agrilink2020.eu\/fr\/wp-json\/wp\/v2\/region?post=10119"},{"taxonomy":"country","embeddable":true,"href":"https:\/\/www.agrilink2020.eu\/fr\/wp-json\/wp\/v2\/country?post=10119"},{"taxonomy":"work_package","embeddable":true,"href":"https:\/\/www.agrilink2020.eu\/fr\/wp-json\/wp\/v2\/work_package?post=10119"},{"taxonomy":"keyword","embeddable":true,"href":"https:\/\/www.agrilink2020.eu\/fr\/wp-json\/wp\/v2\/keyword?post=10119"}],"curies":[{"name":"wp","href":"https:\/\/api.w.org\/{rel}","templated":true}]}}