{"id":5880,"date":"2022-05-10T10:03:00","date_gmt":"2022-05-10T10:03:00","guid":{"rendered":"https:\/\/legacy.agrilink2020.eu\/non-classifiee\/regimes-de-conseil-agricole-de-lue"},"modified":"2022-04-10T10:48:39","modified_gmt":"2022-04-10T10:48:39","slug":"regimes-de-conseil-agricole-de-lue","status":"publish","type":"post","link":"https:\/\/www.agrilink2020.eu\/fr\/chercheurs\/regimes-de-conseil-agricole-de-lue","title":{"rendered":"R\u00e9gimes de conseil agricole de l&rsquo;UE"},"content":{"rendered":"\n<h2 id=\"analysis-of-the-governance-of-farm-advisory-systems-at-national-and-european-level\">Analyse de la gouvernance des syst\u00e8mes de conseil agricole au niveau national et europ\u00e9en<\/h2>\n\n<figure class=\"wp-block-table\"><table><tbody><tr><td>L&rsquo;un des objectifs sp\u00e9cifiques du projet AgriLink \u00e9tait d&rsquo;examiner de pr\u00e8s comment les syst\u00e8mes de conseil agricole sont g\u00e9r\u00e9s au niveau national \/ r\u00e9gional. L&rsquo;\u00e9quipe du projet \u00e9tait particuli\u00e8rement int\u00e9ress\u00e9e \u00e0 comprendre si les diff\u00e9rentes approches observ\u00e9es dans les diff\u00e9rents pays ont un impact sur l&rsquo;efficacit\u00e9 des syst\u00e8mes de conseil nationaux \/ r\u00e9gionaux et sur l&rsquo;acc\u00e8s des agriculteurs aux informations et aux services.  <\/td><\/tr><tr><td>Les travaux entrepris comprenaient un examen d\u00e9taill\u00e9 de la mise en \u0153uvre du r\u00e8glement de l&rsquo;UE sur les r\u00e9gimes de conseil agricole dans 13 pays et une analyse approfondie de la gouvernance des syst\u00e8mes de conseil agricole dans 7 pays.<\/td><\/tr><tr><td><\/td><\/tr><tr><td>Pour le rapport d\u00e9taill\u00e9 sur chacun des pays \u00e9tudi\u00e9s, veuillez rechercher le document pertinent en utilisant le filtre r\u00e9gion\/pays.<\/td><\/tr><\/tbody><\/table><\/figure>\n\n<p>Le rapport final de ce travail peut \u00eatre t\u00e9l\u00e9charg\u00e9 ici:<\/p>\n\n<div class=\"wp-block-file\"><object class=\"wp-block-file__embed\" data=\"https:\/\/agrilink2020.eu\/wp-content\/uploads\/2022\/01\/D4.1-AgriLink-EUFAS-assesment_without_annexes.pdf\" type=\"application\/pdf\" style=\"width:100%;height:600px\" aria-label=\"Contenu embarqu\u00e9 Embed of D4.1-AgriLink-EUFAS-assesment_without_annexes..\"><\/object><a id=\"wp-block-file--media-aa0c6120-22b2-4620-adba-38303ba88185\" href=\"https:\/\/agrilink2020.eu\/wp-content\/uploads\/2022\/01\/D4.1-AgriLink-EUFAS-assesment_without_annexes.pdf\">D4.1-AgriLink-EUFAS-assesment_without_annexes<\/a><a href=\"https:\/\/agrilink2020.eu\/wp-content\/uploads\/2022\/01\/D4.1-AgriLink-EUFAS-assesment_without_annexes.pdf\" class=\"wp-block-file__button\" download=\"\" aria-describedby=\"wp-block-file--media-aa0c6120-22b2-4620-adba-38303ba88185\">Download<\/a><\/div>\n","protected":false},"excerpt":{"rendered":"<p>Analyse de la gouvernance des syst\u00e8mes de conseil agricole au niveau national et europ\u00e9en L&rsquo;un des objectifs sp\u00e9cifiques du projet AgriLink \u00e9tait d&rsquo;examiner de pr\u00e8s comment les syst\u00e8mes de conseil agricole sont g\u00e9r\u00e9s au niveau national \/ r\u00e9gional. L&rsquo;\u00e9quipe du projet \u00e9tait particuli\u00e8rement int\u00e9ress\u00e9e \u00e0 comprendre si les diff\u00e9rentes approches observ\u00e9es dans les diff\u00e9rents pays &hellip; <a href=\"https:\/\/www.agrilink2020.eu\/fr\/chercheurs\/regimes-de-conseil-agricole-de-lue\">Continued<\/a><\/p>\n","protected":false},"author":2,"featured_media":2123,"comment_status":"open","ping_status":"open","sticky":false,"template":"","format":"standard","meta":[],"categories":[136,161,162],"tags":[189],"region":[],"country":[],"work_package":[253],"keyword":[280],"_links":{"self":[{"href":"https:\/\/www.agrilink2020.eu\/fr\/wp-json\/wp\/v2\/posts\/5880"}],"collection":[{"href":"https:\/\/www.agrilink2020.eu\/fr\/wp-json\/wp\/v2\/posts"}],"about":[{"href":"https:\/\/www.agrilink2020.eu\/fr\/wp-json\/wp\/v2\/types\/post"}],"author":[{"embeddable":true,"href":"https:\/\/www.agrilink2020.eu\/fr\/wp-json\/wp\/v2\/users\/2"}],"replies":[{"embeddable":true,"href":"https:\/\/www.agrilink2020.eu\/fr\/wp-json\/wp\/v2\/comments?post=5880"}],"version-history":[{"count":3,"href":"https:\/\/www.agrilink2020.eu\/fr\/wp-json\/wp\/v2\/posts\/5880\/revisions"}],"predecessor-version":[{"id":5883,"href":"https:\/\/www.agrilink2020.eu\/fr\/wp-json\/wp\/v2\/posts\/5880\/revisions\/5883"}],"wp:featuredmedia":[{"embeddable":true,"href":"https:\/\/www.agrilink2020.eu\/fr\/wp-json\/wp\/v2\/media\/2123"}],"wp:attachment":[{"href":"https:\/\/www.agrilink2020.eu\/fr\/wp-json\/wp\/v2\/media?parent=5880"}],"wp:term":[{"taxonomy":"category","embeddable":true,"href":"https:\/\/www.agrilink2020.eu\/fr\/wp-json\/wp\/v2\/categories?post=5880"},{"taxonomy":"post_tag","embeddable":true,"href":"https:\/\/www.agrilink2020.eu\/fr\/wp-json\/wp\/v2\/tags?post=5880"},{"taxonomy":"region","embeddable":true,"href":"https:\/\/www.agrilink2020.eu\/fr\/wp-json\/wp\/v2\/region?post=5880"},{"taxonomy":"country","embeddable":true,"href":"https:\/\/www.agrilink2020.eu\/fr\/wp-json\/wp\/v2\/country?post=5880"},{"taxonomy":"work_package","embeddable":true,"href":"https:\/\/www.agrilink2020.eu\/fr\/wp-json\/wp\/v2\/work_package?post=5880"},{"taxonomy":"keyword","embeddable":true,"href":"https:\/\/www.agrilink2020.eu\/fr\/wp-json\/wp\/v2\/keyword?post=5880"}],"curies":[{"name":"wp","href":"https:\/\/api.w.org\/{rel}","templated":true}]}}