{"id":6113,"date":"2021-11-11T14:21:40","date_gmt":"2021-11-11T14:21:40","guid":{"rendered":"https:\/\/legacy.agrilink2020.eu\/non-classifiee\/laboratoire-vivant-rotation-des-cultures-entre-les-exploitations-developper-des-services-et-des-outils-de-soutien-a-linnovation"},"modified":"2022-04-12T19:18:53","modified_gmt":"2022-04-12T19:18:53","slug":"laboratoire-vivant-rotation-des-cultures-entre-les-exploitations-developper-des-services-et-des-outils-de-soutien-a-linnovation","status":"publish","type":"post","link":"https:\/\/www.agrilink2020.eu\/fr\/chercheurs\/laboratoire-vivant-rotation-des-cultures-entre-les-exploitations-developper-des-services-et-des-outils-de-soutien-a-linnovation","title":{"rendered":"Laboratoire vivant : Rotation des cultures entre les exploitations : D\u00e9velopper des services et des outils de soutien \u00e0 l&rsquo;innovation"},"content":{"rendered":"\n<h2 id=\"trondelag-county-norway\">Comt\u00e9 de Tr\u00f8ndelag, Norv\u00e8ge<\/h2>\n\n<p>L&rsquo;objectif du laboratoire vivant norv\u00e9gien \u00e9tait de soutenir le d\u00e9veloppement de m\u00e9thodes et d&rsquo;outils de conseil favorisant la coop\u00e9ration entre les agriculteurs pour \u00e9tablir des rotations de cultures plus diversifi\u00e9es &#8211; \u00e0 la fois sur les exploitations individuelles et \u00ab\u00a0partag\u00e9es\u00a0\u00bb entre les exploitations &#8211; en incluant des combinaisons plus vari\u00e9es de diff\u00e9rents types de cultures c\u00e9r\u00e9ali\u00e8res, de prairies temporaires (sem\u00e9es), de pommes de terre et\/ou de l\u00e9gumes.<\/p>\n\n<figure class=\"wp-block-image is-style-default\"><img decoding=\"async\" src=\"https:\/\/www.agrilink2020.eu\/wp-content\/uploads\/2020\/04\/Norway.2-e1587023076382.jpg\" alt=\"\"\/><\/figure>\n\n<h2 id=\"context-theme-and-target-group\">Contexte, th\u00e8me et groupe cible<\/h2>\n\n<figure class=\"wp-block-table\"><table><tbody><tr><td>Le laboratoire vivant a \u00e9t\u00e9 int\u00e9gr\u00e9 dans le cadre d&rsquo;un projet de rotation des cultures organis\u00e9 par le service de vulgarisation agricole norv\u00e9gien Tr\u00f8ndelag (une coop\u00e9rative appartenant \u00e0 des agriculteurs). Les conseillers de la coop\u00e9rative, ainsi que les agriculteurs de la r\u00e9gion, \u00e9taient les principaux groupes cibles. <\/td><\/tr><tr><td>Le comt\u00e9 de Tr\u00f8ndelag est situ\u00e9 dans le centre de la Norv\u00e8ge et est l&rsquo;une des trois r\u00e9gions les plus importantes pour l&rsquo;agriculture du pays avec un total de 5 600 exploitations agricoles. L&rsquo;\u00e9levage laitier et la production de c\u00e9r\u00e9ales sont les activit\u00e9s agricoles les plus courantes. Une proportion importante (31%) des terres arables du comt\u00e9 est utilis\u00e9e pour la production de c\u00e9r\u00e9ales avec des rotations de cultures sp\u00e9cialis\u00e9es comprenant g\u00e9n\u00e9ralement 85% d&rsquo;orge, 10% d&rsquo;avoine et 5% de bl\u00e9. De petites surfaces de terres arables sont \u00e9galement utilis\u00e9es pour la culture de pommes de terre et de l\u00e9gumes.   <\/td><\/tr><\/tbody><\/table><\/figure>\n\n<figure class=\"is-layout-flex wp-block-gallery-1 wp-block-gallery has-nested-images columns-default is-cropped\">\n<figure class=\"wp-block-image size-large\"><img decoding=\"async\" loading=\"lazy\" width=\"694\" height=\"925\" data-id=\"622\"  src=\"https:\/\/agrilink.staging.nvt.agency\/wp-content\/uploads\/2021\/11\/Norway.4.jpg\" alt=\"\" class=\"wp-image-622\" srcset=\"https:\/\/www.agrilink2020.eu\/wp-content\/uploads\/2021\/11\/Norway.4.jpg 694w, https:\/\/www.agrilink2020.eu\/wp-content\/uploads\/2021\/11\/Norway.4-225x300.jpg 225w\" sizes=\"(max-width: 694px) 100vw, 694px\" \/><\/figure>\n\n\n\n<figure class=\"wp-block-image size-large\"><img decoding=\"async\" loading=\"lazy\" width=\"1024\" height=\"825\" data-id=\"620\"  src=\"https:\/\/agrilink.staging.nvt.agency\/wp-content\/uploads\/2021\/11\/Norway.1-1024x825.jpg\" alt=\"\" class=\"wp-image-620\" srcset=\"https:\/\/www.agrilink2020.eu\/wp-content\/uploads\/2021\/11\/Norway.1-1024x825.jpg 1024w, https:\/\/www.agrilink2020.eu\/wp-content\/uploads\/2021\/11\/Norway.1-300x242.jpg 300w, https:\/\/www.agrilink2020.eu\/wp-content\/uploads\/2021\/11\/Norway.1-768x619.jpg 768w, https:\/\/www.agrilink2020.eu\/wp-content\/uploads\/2021\/11\/Norway.1-1536x1238.jpg 1536w, https:\/\/www.agrilink2020.eu\/wp-content\/uploads\/2021\/11\/Norway.1.jpg 1645w\" sizes=\"(max-width: 1024px) 100vw, 1024px\" \/><\/figure>\n\n\n\n<figure class=\"wp-block-image size-large\"><img decoding=\"async\" loading=\"lazy\" width=\"1024\" height=\"768\" data-id=\"621\"  src=\"https:\/\/agrilink.staging.nvt.agency\/wp-content\/uploads\/2021\/11\/Norway.3-1024x768.jpg\" alt=\"\" class=\"wp-image-621\" srcset=\"https:\/\/www.agrilink2020.eu\/wp-content\/uploads\/2021\/11\/Norway.3-1024x768.jpg 1024w, https:\/\/www.agrilink2020.eu\/wp-content\/uploads\/2021\/11\/Norway.3-300x225.jpg 300w, https:\/\/www.agrilink2020.eu\/wp-content\/uploads\/2021\/11\/Norway.3-768x576.jpg 768w, https:\/\/www.agrilink2020.eu\/wp-content\/uploads\/2021\/11\/Norway.3.jpg 1315w\" sizes=\"(max-width: 1024px) 100vw, 1024px\" \/><\/figure>\n<figcaption class=\"blocks-gallery-caption\"><br><\/figcaption><\/figure>\n\n<figure class=\"wp-block-table\"><table><tbody><tr><td>Les rotations de cultures sur les exploitations individuelles de la r\u00e9gion ont eu tendance \u00e0 devenir tr\u00e8s sp\u00e9cialis\u00e9es et dans certains cas, il s&rsquo;agit de simples monocultures. Des rotations de cultures plus diversifi\u00e9es sont n\u00e9cessaires pour a) am\u00e9liorer la fertilit\u00e9 des sols, la sant\u00e9 des plantes et les rendements ; b) r\u00e9duire les besoins en engrais et en pesticides (et donc les co\u00fbts), et ; c) par cons\u00e9quent, produire des avantages \u00e9conomiques pour les agriculteurs. Une option pour introduire des cultures suppl\u00e9mentaires dans la rotation est la coop\u00e9ration entre exploitations voisines, en particulier lorsque les voisins sont sp\u00e9cialis\u00e9s dans des cultures compl\u00e9mentaires.      <\/td><\/tr><tr><td>Par exemple, un agriculteur sp\u00e9cialis\u00e9 dans la culture de l&rsquo;orge et des pommes de terre, situ\u00e9 \u00e0 c\u00f4t\u00e9 d&rsquo;une exploitation laiti\u00e8re, pourrait introduire une culture d&rsquo;herbe pour l&rsquo;ensilage dans sa rotation, tandis que son voisin s\u00e8me de l&rsquo;orge ou des pommes de terre dans un ou plusieurs de ses champs d&rsquo;herbe au cours de la m\u00eame p\u00e9riode. <\/td><\/tr><\/tbody><\/table><\/figure>\n\n<h2 id=\"partner-and-responsible-person-contact\">Contact du partenaire et de la personne responsable<\/h2>\n<div class=\"block2-partner\">\n\n        <div class=\"block2-content\">\n            <h3 class=\"block2-title text-h3\">Ruralis<\/h3>\n\n                                                <div class=\"block2-contact-item\">\n                        <span class=\"block2-name\">\n                            Egil Petter Str\u00e6te,                        <\/span>\n                        <a class=\"block2-email\" href=\"mailto:egil.petter.strate@ruralis.no\">\n                            egil.petter.strate@ruralis.no                        <\/a>\n                    <\/div>\n                                    <div class=\"block2-contact-item\">\n                        <span class=\"block2-name\">\n                            Gunn-Turid Kvam,                        <\/span>\n                        <a class=\"block2-email\" href=\"mailto:gunn.turid.kvam@ruralis.no\">\n                            gunn.turid.kvam@ruralis.no                        <\/a>\n                    <\/div>\n                            \n            <div class=\"block2-description\">Ruralis travaille en collaboration avec le service de vulgarisation agricole norv\u00e9gien Tr\u00f8ndelag (Astrid Johansen, astrid.johansen@nlr.no).<\/div>\n        <\/div>\n\n\n        <div class=\"block2-logo-wrapper\">\n            <div class=\"block2-logo\">\n                <img width=\"200\" height=\"49\" src=\"https:\/\/www.agrilink2020.eu\/wp-content\/uploads\/2021\/11\/ruralis-logo-hor-en_medium.png\" class=\"attachment-full size-full\" alt=\"\" decoding=\"async\" loading=\"lazy\" \/>            <\/div>\n            <a class=\"block-link text-detail\" href=\"www.ruralis.no\">\n                www.ruralis.no            <\/a>\n        <\/div>\n\n<\/div>\n\n<h2 id=\"the-living-lab-story\">L&rsquo;histoire du Living Lab<\/h2>\n\n<p>Le laboratoire vivant a d\u00e9but\u00e9 \u00e0 l&rsquo;automne 2017. Les activit\u00e9s initiales du Living Lab se sont concentr\u00e9es sur l&rsquo;\u00e9tablissement de la communication, l&rsquo;instauration de la confiance et l&rsquo;organisation des routines de travail avec le projet de rotation des cultures auquel le Living Lab \u00e9tait int\u00e9gr\u00e9.  <\/p>\n\n<figure class=\"is-layout-flex wp-block-gallery-3 wp-block-gallery has-nested-images columns-default is-cropped\">\n<figure class=\"wp-block-image size-large\"><img decoding=\"async\" loading=\"lazy\" width=\"1024\" height=\"576\" data-id=\"580\"  src=\"https:\/\/agrilink.staging.nvt.agency\/wp-content\/uploads\/2021\/11\/AgriLink.Living.Lab_.Norway.3-1024x576.jpg\" alt=\"\" class=\"wp-image-580\" srcset=\"https:\/\/www.agrilink2020.eu\/wp-content\/uploads\/2021\/11\/AgriLink.Living.Lab_.Norway.3-1024x576.jpg 1024w, https:\/\/www.agrilink2020.eu\/wp-content\/uploads\/2021\/11\/AgriLink.Living.Lab_.Norway.3-300x169.jpg 300w, https:\/\/www.agrilink2020.eu\/wp-content\/uploads\/2021\/11\/AgriLink.Living.Lab_.Norway.3-768x432.jpg 768w, https:\/\/www.agrilink2020.eu\/wp-content\/uploads\/2021\/11\/AgriLink.Living.Lab_.Norway.3-1536x864.jpg 1536w, https:\/\/www.agrilink2020.eu\/wp-content\/uploads\/2021\/11\/AgriLink.Living.Lab_.Norway.3.jpg 1645w\" sizes=\"(max-width: 1024px) 100vw, 1024px\" \/><\/figure>\n\n\n\n<figure class=\"wp-block-image size-large\"><img decoding=\"async\" loading=\"lazy\" width=\"1024\" height=\"576\" data-id=\"579\"  src=\"https:\/\/agrilink.staging.nvt.agency\/wp-content\/uploads\/2021\/11\/AgriLink.Living.Lab_.Norway.2-1024x576.jpg\" alt=\"\" class=\"wp-image-579\" srcset=\"https:\/\/www.agrilink2020.eu\/wp-content\/uploads\/2021\/11\/AgriLink.Living.Lab_.Norway.2-1024x576.jpg 1024w, https:\/\/www.agrilink2020.eu\/wp-content\/uploads\/2021\/11\/AgriLink.Living.Lab_.Norway.2-300x169.jpg 300w, https:\/\/www.agrilink2020.eu\/wp-content\/uploads\/2021\/11\/AgriLink.Living.Lab_.Norway.2-768x432.jpg 768w, https:\/\/www.agrilink2020.eu\/wp-content\/uploads\/2021\/11\/AgriLink.Living.Lab_.Norway.2-1536x864.jpg 1536w, https:\/\/www.agrilink2020.eu\/wp-content\/uploads\/2021\/11\/AgriLink.Living.Lab_.Norway.2.jpg 1645w\" sizes=\"(max-width: 1024px) 100vw, 1024px\" \/><\/figure>\n\n\n\n<figure class=\"wp-block-image size-large\"><img decoding=\"async\" loading=\"lazy\" width=\"1024\" height=\"768\" data-id=\"623\"  src=\"https:\/\/agrilink.staging.nvt.agency\/wp-content\/uploads\/2021\/11\/Norway.5-1024x768.jpg\" alt=\"\" class=\"wp-image-623\" srcset=\"https:\/\/www.agrilink2020.eu\/wp-content\/uploads\/2021\/11\/Norway.5-1024x768.jpg 1024w, https:\/\/www.agrilink2020.eu\/wp-content\/uploads\/2021\/11\/Norway.5-300x225.jpg 300w, https:\/\/www.agrilink2020.eu\/wp-content\/uploads\/2021\/11\/Norway.5-768x576.jpg 768w, https:\/\/www.agrilink2020.eu\/wp-content\/uploads\/2021\/11\/Norway.5-1536x1152.jpg 1536w, https:\/\/www.agrilink2020.eu\/wp-content\/uploads\/2021\/11\/Norway.5-2048x1536.jpg 2048w\" sizes=\"(max-width: 1024px) 100vw, 1024px\" \/><\/figure>\n<figcaption class=\"blocks-gallery-caption\"><br><\/figcaption><\/figure>\n\n<figure class=\"wp-block-table\"><table><tbody><tr><td>Trois principaux \u00ab\u00a0dialogues\u00a0\u00bb ont \u00e9t\u00e9 d\u00e9velopp\u00e9s entre les agriculteurs participants, les conseillers et les chercheurs : le premier dialogue \u00e9tait entre les conseillers et les agriculteurs. Les conseillers ont contact\u00e9 des groupes d&rsquo;agriculteurs ayant une exp\u00e9rience de la rotation des cultures dans le but d&rsquo;apprendre d&rsquo;eux.Le deuxi\u00e8me dialogue \u00e9tait entre les chercheurs et les agriculteurs. Au cours d&rsquo;entretiens personnels et de groupes de discussion, les chercheurs ont appris quelles \u00e9taient les conditions les plus appropri\u00e9es pour coop\u00e9rer avec les agriculteurs et ont discut\u00e9 des \u00e9l\u00e9ments potentiels d&rsquo;un nouveau service de conseil. Le troisi\u00e8me dialogue s&rsquo;est d\u00e9roul\u00e9 entre les conseillers et les chercheurs lors de r\u00e9unions visant \u00e0 : a) partager les connaissances et les exp\u00e9riences acquises lors des dialogues avec les agriculteurs ; b) r\u00e9fl\u00e9chir \u00e0 ces exp\u00e9riences ; et c) discuter des id\u00e9es et des concepts d&rsquo;un nouveau service de conseil agricole.       <\/td><\/tr><tr><td>Malheureusement, l&rsquo;\u00e9l\u00e9ment de co-cr\u00e9ation du Living Lab a \u00e9t\u00e9 retard\u00e9 et n&rsquo;a pas \u00e9t\u00e9 enti\u00e8rement achev\u00e9. Le projet de rotation des cultures a fait l&rsquo;objet d&rsquo;une r\u00e9organisation impliquant un nouveau propri\u00e9taire, un nouveau chef de projet et une r\u00e9duction du budget et des activit\u00e9s. Le manque g\u00e9n\u00e9ral de connaissances et d&rsquo;exp\u00e9rience de la m\u00e9thodologie du laboratoire vivant a limit\u00e9 les progr\u00e8s de sa mise en \u0153uvre. Les conseillers agricoles et les chercheurs \u00e9taient occup\u00e9s par d&rsquo;autres t\u00e2ches et n&rsquo;\u00e9taient pas toujours en mesure de s&rsquo;engager dans le Labo vivant. Le Labo vivant a bien d\u00e9marr\u00e9 et tous les participants ont pris le temps de se conna\u00eetre et de d\u00e9velopper l&rsquo;ouverture et la confiance n\u00e9cessaires. Cependant, les restrictions impos\u00e9es par Covid-19 \u00e0 partir de mars 2020 ont mis fin au Labo avant que le processus de co-cr\u00e9ation ne puisse \u00eatre achev\u00e9.    <\/td><\/tr><\/tbody><\/table><\/figure>\n\n<h2 id=\"lessons-learned\">Les le\u00e7ons apprises<\/h2>\n\n<figure class=\"wp-block-table\"><table><tbody><tr><td><strong>Existence d&rsquo;un probl\u00e8me ou d&rsquo;une opportunit\u00e9<\/strong><br\/>Les participants \u00e0 un laboratoire vivant doivent reconna\u00eetre qu&rsquo;un probl\u00e8me se pose ou qu&rsquo;il existe une possibilit\u00e9 \u00e0 exploiter. Sans cette reconnaissance, il n&rsquo;y a aucune raison de cr\u00e9er un laboratoire vivant et aucune motivation pour s&rsquo;y engager. <\/td><\/tr><tr><td><strong>Partenariat et coop\u00e9ration<\/strong><br\/>Les participants \u00e0 un laboratoire vivant doivent reconna\u00eetre que la coop\u00e9ration entre divers partenaires peut permettre de trouver une solution \u00e0 un probl\u00e8me ou de tirer parti d&rsquo;une opportunit\u00e9. Un laboratoire vivant n&rsquo;a pas besoin d&rsquo;impliquer un large partenariat avec de nombreux participants, mais dans certains cas, cela sera n\u00e9cessaire. <\/td><\/tr><tr><td><strong>Motivation, engagement et appropriation <\/strong><br\/>Les participants doivent s&rsquo;approprier le processus du laboratoire vivant. Sans cette appropriation, il est difficile de coop\u00e9rer et de progresser. La r\u00e9alisation d&rsquo;un laboratoire vivant doit donc \u00eatre r\u00e9aliste et \u00eatre con\u00e7u\/g\u00e9r\u00e9 de mani\u00e8re \u00e0 r\u00e9pondre aux besoins r\u00e9els des participants. Si la motivation fait d\u00e9faut, il peut s&rsquo;av\u00e9rer n\u00e9cessaire d&rsquo;adapter le laboratoire vivant et de se concentrer sur des besoins plus pertinents. Toutes les activit\u00e9s devant \u00eatre financ\u00e9es par ce budget doivent \u00eatre bien d\u00e9finies.    <\/td><\/tr><tr><td><strong>Facilitation et coop\u00e9ration<\/strong><br\/>Un laboratoire vivant a besoin du soutien d&rsquo;un animateur ayant les comp\u00e9tences et l&rsquo;ind\u00e9pendance n\u00e9cessaires pour aider les participants, y compris ceux qui se sont appropri\u00e9s le travail et\/ou la responsabilit\u00e9 de diriger le processus. La confiance mutuelle est essentielle pour une coop\u00e9ration efficace avec un animateur.  <\/td><\/tr><tr><td><strong>Service de conseil<\/strong><br\/>La mise en place d&rsquo;un service de conseil visant \u00e0 soutenir la coop\u00e9ration entre les agriculteurs pour \u00e9tablir des rotations de cultures plus \u00ab\u00a0partag\u00e9es\u00a0\u00bb entre les exploitations \u00e9tait complexe et exigeante. Les conseillers avaient besoin a) de connaissances techniques transversales sur les divers syst\u00e8mes de rotation des cultures qu&rsquo;ils aidaient \u00e0 d\u00e9velopper ; b) de comp\u00e9tences et d&rsquo;exp\u00e9rience pour mettre en place et g\u00e9rer des activit\u00e9s de conseil en groupe, et c) de comp\u00e9tences et d&rsquo;outils sp\u00e9cifiques pour faciliter les processus de co-cr\u00e9ation.     <\/td><\/tr><\/tbody><\/table><\/figure>\n\n<hr class=\"wp-block-separator\"\/>\n\n<p><strong>More info about the Norway Living Lab<\/strong> (in English)<\/p>\n\n<p><a href=\"https:\/\/www.agrilink2020.eu\/wp-content\/uploads\/2020\/04\/PA7-Crop-rotation-between-farms-in-Norway-Developing-innovation-support-services-and-tools-through-Living-Lab_RUR.pdf\">Practice Abstract 7 \u2013 <strong>Crop rotation between farms in Norway: Developing innovation support services and tools through Living Lab<\/strong> (RURALIS)<\/a><\/p>\n\n<p><a href=\"https:\/\/www.agrilink2020.eu\/wp-content\/uploads\/2020\/04\/PA44-How-to-make-a-Living-Lab-work-in-an-agricultural-advisory-service.pdf\">Practice Abstract 44 <strong>\u2013 How to make a Living Lab work in an agricultural advisory service<\/strong><\/a><\/p>\n\n<p><a href=\"https:\/\/www.agrilink2020.eu\/wp-content\/uploads\/2020\/04\/PA50-Factors-delaying-co-creation-and-progress-of-a-Living-Lab.pdf\">Practice Abstract 50 \u2013 <strong>Factors delaying co-creation and progress of a Living Lab<\/strong><\/a><\/p>\n\n<p>Info on Ruralis website:<\/p>\n\n<ul><li><a href=\"https:\/\/ruralis.no\/en\/2018\/03\/06\/living-lab\/\">https:\/\/ruralis.no\/en\/2018\/03\/06\/living-lab\/<\/a><\/li><li><a href=\"https:\/\/ruralis.no\/en\/2017\/01\/13\/new-eu-project-will-contribute-to-increased-knowledge-and-better-farm-advice-in-european-agriculture\/\">https:\/\/ruralis.no\/en\/2017\/01\/13\/new-eu-project-will-contribute-to-increased-knowledge-and-better-farm-advice-in-european-agriculture\/<\/a><\/li><\/ul>\n\n<p>Blog post on AgriLink website:<\/p>\n\n<ul><li><a href=\"https:\/\/www.agrilink2020.eu\/news-mobilizing-farmers-for-crop-rotation-in-norwegian-living-lab\/\">https:\/\/www.agrilink2020.eu\/news-mobilizing-farmers-for-crop-rotation-in-norwegian-living-lab\/<\/a><\/li><\/ul>\n","protected":false},"excerpt":{"rendered":"<p>Comt\u00e9 de Tr\u00f8ndelag, Norv\u00e8ge L&rsquo;objectif du laboratoire vivant norv\u00e9gien \u00e9tait de soutenir le d\u00e9veloppement de m\u00e9thodes et d&rsquo;outils de conseil favorisant la coop\u00e9ration entre les agriculteurs pour \u00e9tablir des rotations de cultures plus diversifi\u00e9es &#8211; \u00e0 la fois sur les exploitations individuelles et \u00ab\u00a0partag\u00e9es\u00a0\u00bb entre les exploitations &#8211; en incluant des combinaisons plus vari\u00e9es de &hellip; <a href=\"https:\/\/www.agrilink2020.eu\/fr\/chercheurs\/laboratoire-vivant-rotation-des-cultures-entre-les-exploitations-developper-des-services-et-des-outils-de-soutien-a-linnovation\">Continued<\/a><\/p>\n","protected":false},"author":2,"featured_media":2063,"comment_status":"open","ping_status":"open","sticky":false,"template":"","format":"standard","meta":[],"categories":[136,137,161,162,163],"tags":[200],"region":[512],"country":[335],"work_package":[246],"keyword":[315,318],"_links":{"self":[{"href":"https:\/\/www.agrilink2020.eu\/fr\/wp-json\/wp\/v2\/posts\/6113"}],"collection":[{"href":"https:\/\/www.agrilink2020.eu\/fr\/wp-json\/wp\/v2\/posts"}],"about":[{"href":"https:\/\/www.agrilink2020.eu\/fr\/wp-json\/wp\/v2\/types\/post"}],"author":[{"embeddable":true,"href":"https:\/\/www.agrilink2020.eu\/fr\/wp-json\/wp\/v2\/users\/2"}],"replies":[{"embeddable":true,"href":"https:\/\/www.agrilink2020.eu\/fr\/wp-json\/wp\/v2\/comments?post=6113"}],"version-history":[{"count":3,"href":"https:\/\/www.agrilink2020.eu\/fr\/wp-json\/wp\/v2\/posts\/6113\/revisions"}],"predecessor-version":[{"id":6116,"href":"https:\/\/www.agrilink2020.eu\/fr\/wp-json\/wp\/v2\/posts\/6113\/revisions\/6116"}],"wp:featuredmedia":[{"embeddable":true,"href":"https:\/\/www.agrilink2020.eu\/fr\/wp-json\/wp\/v2\/media\/2063"}],"wp:attachment":[{"href":"https:\/\/www.agrilink2020.eu\/fr\/wp-json\/wp\/v2\/media?parent=6113"}],"wp:term":[{"taxonomy":"category","embeddable":true,"href":"https:\/\/www.agrilink2020.eu\/fr\/wp-json\/wp\/v2\/categories?post=6113"},{"taxonomy":"post_tag","embeddable":true,"href":"https:\/\/www.agrilink2020.eu\/fr\/wp-json\/wp\/v2\/tags?post=6113"},{"taxonomy":"region","embeddable":true,"href":"https:\/\/www.agrilink2020.eu\/fr\/wp-json\/wp\/v2\/region?post=6113"},{"taxonomy":"country","embeddable":true,"href":"https:\/\/www.agrilink2020.eu\/fr\/wp-json\/wp\/v2\/country?post=6113"},{"taxonomy":"work_package","embeddable":true,"href":"https:\/\/www.agrilink2020.eu\/fr\/wp-json\/wp\/v2\/work_package?post=6113"},{"taxonomy":"keyword","embeddable":true,"href":"https:\/\/www.agrilink2020.eu\/fr\/wp-json\/wp\/v2\/keyword?post=6113"}],"curies":[{"name":"wp","href":"https:\/\/api.w.org\/{rel}","templated":true}]}}