{"id":6475,"date":"2022-05-08T16:26:00","date_gmt":"2022-05-08T16:26:00","guid":{"rendered":"https:\/\/legacy.agrilink2020.eu\/non-classifiee\/recommandations-strategiques"},"modified":"2022-08-10T08:23:47","modified_gmt":"2022-08-10T08:23:47","slug":"recommandations-strategiques","status":"publish","type":"post","link":"https:\/\/www.agrilink2020.eu\/fr\/chercheurs\/recommandations-strategiques","title":{"rendered":"Recommandations strat\u00e9giques"},"content":{"rendered":"\n<h2>Nous avons propos\u00e9 quatre recommandations politiques cl\u00e9s d\u00e9riv\u00e9es des activit\u00e9s de recherche et d&rsquo;innovation d\u00e9velopp\u00e9es dans AgriLink :<\/h2>\n\n\n\n<p>1. <strong>A propos des conseils ind\u00e9pendants:<\/strong> Pour \u00e9viter la partialit\u00e9 du contenu des conseils agricoles, il peut \u00eatre tr\u00e8s difficile et il ne suffit pas de d\u00e9limiter les fronti\u00e8res de ceux qui comptent comme des conseillers \u00a0\u00bb ind\u00e9pendants et impartiaux \u00ab\u00a0. Nous consid\u00e9rons qu&rsquo;il est \u00e9galement n\u00e9cessaire de prendre des mesures pour permettre \u00ab\u00a0la transparence et la robustesse\u00a0\u00bb du contenu des conseils. Pour atteindre cet objectif, les acteurs publics ont un r\u00f4le cl\u00e9 \u00e0 jouer dans le soutien, l&rsquo;investissement et le contr\u00f4le de la dimension \u00ab\u00a0back-office\u00a0\u00bb des services de conseil agricole.  <\/p>\n\n\n\n<p>2. <strong>Sur la formation des conseillers<\/strong>: Une approche centr\u00e9e sur l&rsquo;agriculteur, bas\u00e9e sur la compr\u00e9hension de ses besoins et de ses r\u00e9seaux personnels, devrait \u00eatre utilis\u00e9e pour mettre en \u00e9vidence les lacunes et les besoins en mati\u00e8re d&rsquo;offre de services de conseil dans des contextes sp\u00e9cifiques. Il est possible de mieux int\u00e9grer les avanc\u00e9es des sciences sociales en mati\u00e8re de prise de d\u00e9cision des agriculteurs (par exemple, le mod\u00e8le Triggering Change, microAKIS) dans les modules d&rsquo;\u00e9ducation et de formation des conseillers. <\/p>\n\n\n\n<p>3. <strong>A propos du conseil inclusif<\/strong>: Nos r\u00e9sultats montrent que certains profils ne sont pas inclus dans les b\u00e9n\u00e9ficiaires du conseil agricole. Une partie de ces populations \u00a0\u00bb difficiles \u00e0 atteindre \u00a0\u00bb est bien connue (petites exploitations, agriculteurs \u00e0 temps partiel, nouveaux install\u00e9s, femmes). Mais nous avons identifi\u00e9 d&rsquo;autres populations rurales et agricoles qui sont moins souvent consid\u00e9r\u00e9es au sein de la main-d&rsquo;\u0153uvre familiale mais aussi au-del\u00e0 (salari\u00e9s, entrepreneurs, travailleurs d\u00e9tach\u00e9s). Nous consid\u00e9rons qu&rsquo;il est n\u00e9cessaire de mieux comprendre qui sont ces populations difficiles \u00e0 atteindre et quels sont leurs besoins concernant les diff\u00e9rents types d&rsquo;innovation.   <\/p>\n\n\n\n<p>4. <strong>A propos du conseil int\u00e9gr\u00e9<\/strong>: Nous devons investir dans des situations qui sont caract\u00e9ris\u00e9es par l&rsquo;incertitude, les lacunes et la controverse si nous voulons stimuler la fourniture de services de conseil int\u00e9gr\u00e9s qui contribuent \u00e0 une agriculture plus durable dans son contexte social et politique plus large. Nous consid\u00e9rons que davantage de connaissances issues des sciences sociales pourraient \u00eatre utilis\u00e9es pour identifier ces situations et, par la suite, soutenir les changements transformateurs \u00e0 la fois au niveau de l&rsquo;exploitation et au niveau de la co-conception des services de soutien \u00e0 l&rsquo;innovation. <\/p>\n\n\n\n<hr class=\"wp-block-separator has-css-opacity\"\/>\n\n\n\n<p><\/p>\n\n\n\n<p>Pour plus d&rsquo;informations, veuillez t\u00e9l\u00e9charger le rapport complet sur les recommandations politiques visant \u00e0 renforcer le conseil agricole pour l&rsquo;innovation et la durabilit\u00e9 :<\/p>\n\n\n<p><a href=\"https:\/\/old.agrilink2020.eu\/wp-content\/uploads\/2022\/01\/AgriLink.Policy.recommendations.report_Deliverable_26.pdf\">AgriLink.Policy.recommendations.report_Deliverable_26<\/a><\/p>","protected":false},"excerpt":{"rendered":"<p>Nous avons propos\u00e9 quatre recommandations politiques cl\u00e9s d\u00e9riv\u00e9es des activit\u00e9s de recherche et d&rsquo;innovation d\u00e9velopp\u00e9es dans AgriLink : 1. A propos des conseils ind\u00e9pendants: Pour \u00e9viter la partialit\u00e9 du contenu des conseils agricoles, il peut \u00eatre tr\u00e8s difficile et il ne suffit pas de d\u00e9limiter les fronti\u00e8res de ceux qui comptent comme des conseillers \u00a0\u00bb &hellip; <a href=\"https:\/\/www.agrilink2020.eu\/fr\/chercheurs\/recommandations-strategiques\">Continued<\/a><\/p>\n","protected":false},"author":2,"featured_media":1378,"comment_status":"open","ping_status":"open","sticky":false,"template":"","format":"standard","meta":[],"categories":[136,137,161,162,163],"tags":[450],"region":[],"country":[],"work_package":[448],"keyword":[449],"_links":{"self":[{"href":"https:\/\/www.agrilink2020.eu\/fr\/wp-json\/wp\/v2\/posts\/6475"}],"collection":[{"href":"https:\/\/www.agrilink2020.eu\/fr\/wp-json\/wp\/v2\/posts"}],"about":[{"href":"https:\/\/www.agrilink2020.eu\/fr\/wp-json\/wp\/v2\/types\/post"}],"author":[{"embeddable":true,"href":"https:\/\/www.agrilink2020.eu\/fr\/wp-json\/wp\/v2\/users\/2"}],"replies":[{"embeddable":true,"href":"https:\/\/www.agrilink2020.eu\/fr\/wp-json\/wp\/v2\/comments?post=6475"}],"version-history":[{"count":7,"href":"https:\/\/www.agrilink2020.eu\/fr\/wp-json\/wp\/v2\/posts\/6475\/revisions"}],"predecessor-version":[{"id":10343,"href":"https:\/\/www.agrilink2020.eu\/fr\/wp-json\/wp\/v2\/posts\/6475\/revisions\/10343"}],"wp:featuredmedia":[{"embeddable":true,"href":"https:\/\/www.agrilink2020.eu\/fr\/wp-json\/wp\/v2\/media\/1378"}],"wp:attachment":[{"href":"https:\/\/www.agrilink2020.eu\/fr\/wp-json\/wp\/v2\/media?parent=6475"}],"wp:term":[{"taxonomy":"category","embeddable":true,"href":"https:\/\/www.agrilink2020.eu\/fr\/wp-json\/wp\/v2\/categories?post=6475"},{"taxonomy":"post_tag","embeddable":true,"href":"https:\/\/www.agrilink2020.eu\/fr\/wp-json\/wp\/v2\/tags?post=6475"},{"taxonomy":"region","embeddable":true,"href":"https:\/\/www.agrilink2020.eu\/fr\/wp-json\/wp\/v2\/region?post=6475"},{"taxonomy":"country","embeddable":true,"href":"https:\/\/www.agrilink2020.eu\/fr\/wp-json\/wp\/v2\/country?post=6475"},{"taxonomy":"work_package","embeddable":true,"href":"https:\/\/www.agrilink2020.eu\/fr\/wp-json\/wp\/v2\/work_package?post=6475"},{"taxonomy":"keyword","embeddable":true,"href":"https:\/\/www.agrilink2020.eu\/fr\/wp-json\/wp\/v2\/keyword?post=6475"}],"curies":[{"name":"wp","href":"https:\/\/api.w.org\/{rel}","templated":true}]}}