{"id":6754,"date":"2021-06-25T10:51:08","date_gmt":"2021-06-25T10:51:08","guid":{"rendered":"https:\/\/legacy.agrilink2020.eu\/non-classifiee\/le-role-des-services-de-conseil-dans-la-prise-de-decision-des-agriculteurs-concernant-ladoption-dune-innovation-technologique-cloches-electroniques-en-norvege"},"modified":"2022-04-16T12:56:17","modified_gmt":"2022-04-16T12:56:17","slug":"le-role-des-services-de-conseil-dans-la-prise-de-decision-des-agriculteurs-concernant-ladoption-dune-innovation-technologique-cloches-electroniques-en-norvege","status":"publish","type":"post","link":"https:\/\/www.agrilink2020.eu\/fr\/chercheurs\/le-role-des-services-de-conseil-dans-la-prise-de-decision-des-agriculteurs-concernant-ladoption-dune-innovation-technologique-cloches-electroniques-en-norvege","title":{"rendered":"Le r\u00f4le des services de conseil dans la prise de d\u00e9cision des agriculteurs concernant l&rsquo;adoption d&rsquo;une innovation technologique (cloches \u00e9lectroniques) en Norv\u00e8ge"},"content":{"rendered":"\n<h2 id=\"region\">R\u00e9gion<\/h2>\n\n<p>Le comt\u00e9 de Sogn og Fjordane est situ\u00e9 sur la c\u00f4te ouest de la Norv\u00e8ge. Le comt\u00e9 poss\u00e8de de grands champs et de grandes zones montagneuses. Par rapport aux autres comt\u00e9s norv\u00e9giens, il est escarp\u00e9, pr\u00e9sente un terrain accident\u00e9, des fermes plus petites et des zones de p\u00e2turage beaucoup plus grandes.   <\/p>\n\n<div class=\"wp-block-image\"><figure class=\"aligncenter size-full\"><img decoding=\"async\" loading=\"lazy\" width=\"820\" height=\"607\" src=\"https:\/\/agrilink2020.eu\/wp-content\/uploads\/2021\/06\/Precision_fInal.jpeg\" alt=\"\" class=\"wp-image-3414\" srcset=\"https:\/\/www.agrilink2020.eu\/wp-content\/uploads\/2021\/06\/Precision_fInal.jpeg 820w, https:\/\/www.agrilink2020.eu\/wp-content\/uploads\/2021\/06\/Precision_fInal-300x222.jpeg 300w, https:\/\/www.agrilink2020.eu\/wp-content\/uploads\/2021\/06\/Precision_fInal-768x569.jpeg 768w\" sizes=\"(max-width: 820px) 100vw, 820px\" \/><figcaption>Carte de la r\u00e9gion<\/figcaption><\/figure><\/div>\n\n<p>Le comt\u00e9 poss\u00e8de la troisi\u00e8me plus grande part d&#8217;emploi dans l&rsquo;agriculture en Norv\u00e8ge. Le b\u00e9tail, les bovins, les moutons et, \u00e0 certains endroits, les ch\u00e8vres ou les fruits et les baies sont importants. La moiti\u00e9 des terres sont des p\u00e2turages pour l&rsquo;\u00e9levage (les moutons sont les plus importants). De nombreux \u00e9leveurs de moutons sont des agriculteurs \u00e0 temps partiel avec de petites exploitations. Pour certains, la ferme ressemble davantage \u00e0 un passe-temps et les agriculteurs ne se concentrent pas sur la production car ils sont occup\u00e9s par leur emploi principal.    <\/p>\n\n<p>Ce cas a \u00e9t\u00e9 choisi parce qu&rsquo;il combine la coop\u00e9ration pour la gestion des terres avec l&rsquo;introduction d&rsquo;une nouvelle technologie. Les cloches \u00e9lectroniques (e-bells) sont une nouvelle technologie qui a le potentiel d&rsquo;augmenter l&rsquo;utilisation durable des p\u00e2turages de montagne, mais la technologie n&rsquo;est pas encore totalement d\u00e9velopp\u00e9e. <\/p>\n\n<h2 id=\"study-focus\">Objet de l&rsquo;\u00e9tude<\/h2>\n\n<p>L&rsquo;\u00e9tude s&rsquo;est concentr\u00e9e sur la mise en \u0153uvre d&rsquo;une nouvelle technologie, les cloches \u00e9lectroniques (e-bells), qui permettent de suivre les moutons pendant la saison des p\u00e2turages. De nombreux \u00e9leveurs de moutons ont subi de lourdes pertes en 2009 \u00e0 cause des grands pr\u00e9dateurs et l&rsquo;administration du comt\u00e9 a lanc\u00e9 un projet visant \u00e0 offrir aux \u00e9leveurs de moutons des cloches \u00e9lectroniques \u00e0 un prix subventionn\u00e9 afin de tester si les cloches \u00e9lectroniques pouvaient contribuer \u00e0 r\u00e9duire la perte d&rsquo;animaux. <\/p>\n\n<div class=\"wp-block-image\"><figure class=\"aligncenter size-full\"><img decoding=\"async\" loading=\"lazy\" width=\"1024\" height=\"669\" src=\"https:\/\/agrilink.staging.nvt.agency\/wp-content\/uploads\/2021\/06\/no.pexel_.jpeg\" alt=\"\" class=\"wp-image-450\" srcset=\"https:\/\/www.agrilink2020.eu\/wp-content\/uploads\/2021\/06\/no.pexel_.jpeg 1024w, https:\/\/www.agrilink2020.eu\/wp-content\/uploads\/2021\/06\/no.pexel_-300x196.jpeg 300w, https:\/\/www.agrilink2020.eu\/wp-content\/uploads\/2021\/06\/no.pexel_-768x502.jpeg 768w\" sizes=\"(max-width: 1024px) 100vw, 1024px\" \/><\/figure><\/div>\n\n<p>Les \u00e9leveurs de moutons de la r\u00e9gion sont organis\u00e9s en groupes de p\u00e2turage qui ont le droit d&rsquo;utiliser des p\u00e2turages sp\u00e9cifiques dans les montagnes. Seul un groupe de p\u00e2turage officiel pouvait demander des subventions pour les cloches \u00e9lectroniques au nom de ses membres. Au total, 21 entretiens ont \u00e9t\u00e9 men\u00e9s avec des \u00e9leveurs de moutons de Sogn og Fjordane, dont 19 ont adopt\u00e9 les cloches \u00e9lectroniques et deux ne les ont pas adopt\u00e9es. En outre, cinq entretiens avec des experts de AKIS ont \u00e9t\u00e9 men\u00e9s.   <\/p>\n\n<p>Le rapport complet est disponible ici :<\/p>\n\n<div class=\"wp-block-file\"><object class=\"wp-block-file__embed\" data=\"https:\/\/agrilink2020.eu\/wp-content\/uploads\/2021\/06\/D2.2_NO.GDPR_.pdf\" type=\"application\/pdf\" style=\"width:100%;height:600px\" aria-label=\"Contenu embarqu\u00e9 Embed of D2.2_NO.GDPR..\"><\/object><a id=\"wp-block-file--media-83586161-5fd9-470a-9108-94006b629dd3\" href=\"https:\/\/agrilink2020.eu\/wp-content\/uploads\/2021\/06\/D2.2_NO.GDPR_.pdf\">D2.2_NO.GDPR<\/a><a href=\"https:\/\/agrilink2020.eu\/wp-content\/uploads\/2021\/06\/D2.2_NO.GDPR_.pdf\" class=\"wp-block-file__button\" download=\"\" aria-describedby=\"wp-block-file--media-83586161-5fd9-470a-9108-94006b629dd3\">Download<\/a><\/div>\n\n<hr class=\"wp-block-separator\"\/>\n\n<h2 id=\"partner-and-responsible-person-contact\">Contact du partenaire et de la personne responsable<\/h2>\n\n<figure class=\"wp-block-image size-medium is-resized\"><a href=\"https:\/\/ruralis.no\/\" target=\"_blank\" rel=\"noopener\"><img decoding=\"async\" loading=\"lazy\" src=\"https:\/\/agrilink.staging.nvt.agency\/wp-content\/uploads\/2021\/06\/Ruralis_logo-300x150.png\" alt=\"\" class=\"wp-image-442\" width=\"300\" height=\"150\"\/><\/a><\/figure>\n\n<p><\/p>\n\n<h2 id=\"ruralis\">Ruralis &#8211; Institut de recherche rurale et r\u00e9gionale<\/h2>\n\n<p>Gunn-Turid Kvam, <a href=\"mailto:gunn.turid.kvam@ruralis.no\">gunn.turid.kvam@ruralis.no<\/a><\/p>\n\n<hr class=\"wp-block-separator\"\/>\n\n<h2 id=\"lessons-learned\"><strong>Les le\u00e7ons apprises<\/strong><\/h2>\n\n<ol><li>Il y a g\u00e9n\u00e9ralement peu de ressources disponibles pour conseiller les \u00e9leveurs de moutons dans cette r\u00e9gion. Par cons\u00e9quent, les agriculteurs se sont appuy\u00e9s sur les conseils de leurs pairs par l&rsquo;interm\u00e9diaire de leur organisation norv\u00e9gienne des ovins et des caprins, d&rsquo;une coop\u00e9rative nationale de producteurs de viande et des groupes de p\u00e2turage locaux auxquels ils appartiennent. <\/li><li>Les petites entreprises de haute technologie qui vendent les cloches \u00e9lectroniques constituent une source de conseils potentiellement importante, mais elles sont situ\u00e9es loin de la r\u00e9gion et ne sont donc pas accessibles aux agriculteurs.<\/li><li>La diffusion de la technologie de la cloche \u00e9lectronique n&rsquo;a donc r\u00e9ussi qu&rsquo;avec le soutien de l&rsquo;administration du comt\u00e9.<\/li><li>Les agriculteurs qui poss\u00e8dent des cloches \u00e9lectroniques les trouvent tr\u00e8s utiles et ont beaucoup appris sur les d\u00e9placements de leurs moutons pendant la saison de p\u00e2turage. Cependant, sans un soutien et des conseils cibl\u00e9s, la viabilit\u00e9 \u00e0 long terme des cloches \u00e9lectroniques risque d&rsquo;\u00eatre limit\u00e9e car le prix est trop \u00e9lev\u00e9 pour les agriculteurs individuels et il n&rsquo;est pas \u00e9conomiquement viable d&rsquo;investir dans ces appareils. <\/li><\/ol>\n","protected":false},"excerpt":{"rendered":"<p>R\u00e9gion Le comt\u00e9 de Sogn og Fjordane est situ\u00e9 sur la c\u00f4te ouest de la Norv\u00e8ge. Le comt\u00e9 poss\u00e8de de grands champs et de grandes zones montagneuses. Par rapport aux autres comt\u00e9s norv\u00e9giens, il est escarp\u00e9, pr\u00e9sente un terrain accident\u00e9, des fermes plus petites et des zones de p\u00e2turage beaucoup plus grandes. Le comt\u00e9 poss\u00e8de &hellip; <a href=\"https:\/\/www.agrilink2020.eu\/fr\/chercheurs\/le-role-des-services-de-conseil-dans-la-prise-de-decision-des-agriculteurs-concernant-ladoption-dune-innovation-technologique-cloches-electroniques-en-norvege\">Continued<\/a><\/p>\n","protected":false},"author":1,"featured_media":1858,"comment_status":"open","ping_status":"open","sticky":false,"template":"","format":"standard","meta":[],"categories":[136,137,161,163],"tags":[484],"region":[485],"country":[335],"work_package":[237],"keyword":[264],"_links":{"self":[{"href":"https:\/\/www.agrilink2020.eu\/fr\/wp-json\/wp\/v2\/posts\/6754"}],"collection":[{"href":"https:\/\/www.agrilink2020.eu\/fr\/wp-json\/wp\/v2\/posts"}],"about":[{"href":"https:\/\/www.agrilink2020.eu\/fr\/wp-json\/wp\/v2\/types\/post"}],"author":[{"embeddable":true,"href":"https:\/\/www.agrilink2020.eu\/fr\/wp-json\/wp\/v2\/users\/1"}],"replies":[{"embeddable":true,"href":"https:\/\/www.agrilink2020.eu\/fr\/wp-json\/wp\/v2\/comments?post=6754"}],"version-history":[{"count":3,"href":"https:\/\/www.agrilink2020.eu\/fr\/wp-json\/wp\/v2\/posts\/6754\/revisions"}],"predecessor-version":[{"id":6757,"href":"https:\/\/www.agrilink2020.eu\/fr\/wp-json\/wp\/v2\/posts\/6754\/revisions\/6757"}],"wp:featuredmedia":[{"embeddable":true,"href":"https:\/\/www.agrilink2020.eu\/fr\/wp-json\/wp\/v2\/media\/1858"}],"wp:attachment":[{"href":"https:\/\/www.agrilink2020.eu\/fr\/wp-json\/wp\/v2\/media?parent=6754"}],"wp:term":[{"taxonomy":"category","embeddable":true,"href":"https:\/\/www.agrilink2020.eu\/fr\/wp-json\/wp\/v2\/categories?post=6754"},{"taxonomy":"post_tag","embeddable":true,"href":"https:\/\/www.agrilink2020.eu\/fr\/wp-json\/wp\/v2\/tags?post=6754"},{"taxonomy":"region","embeddable":true,"href":"https:\/\/www.agrilink2020.eu\/fr\/wp-json\/wp\/v2\/region?post=6754"},{"taxonomy":"country","embeddable":true,"href":"https:\/\/www.agrilink2020.eu\/fr\/wp-json\/wp\/v2\/country?post=6754"},{"taxonomy":"work_package","embeddable":true,"href":"https:\/\/www.agrilink2020.eu\/fr\/wp-json\/wp\/v2\/work_package?post=6754"},{"taxonomy":"keyword","embeddable":true,"href":"https:\/\/www.agrilink2020.eu\/fr\/wp-json\/wp\/v2\/keyword?post=6754"}],"curies":[{"name":"wp","href":"https:\/\/api.w.org\/{rel}","templated":true}]}}