{"id":7189,"date":"2022-03-10T09:21:22","date_gmt":"2022-03-10T09:21:22","guid":{"rendered":"https:\/\/legacy.agrilink2020.eu\/non-classifiee\/le-role-des-services-de-conseil-dans-la-prise-de-decision-des-agriculteurs-concernant-les-innovations-visant-a-ameliorer-linfrastructure-ecologique-des-vignobles"},"modified":"2022-04-17T11:07:29","modified_gmt":"2022-04-17T11:07:29","slug":"le-role-des-services-de-conseil-dans-la-prise-de-decision-des-agriculteurs-concernant-les-innovations-visant-a-ameliorer-linfrastructure-ecologique-des-vignobles","status":"publish","type":"post","link":"https:\/\/www.agrilink2020.eu\/fr\/chercheurs\/le-role-des-services-de-conseil-dans-la-prise-de-decision-des-agriculteurs-concernant-les-innovations-visant-a-ameliorer-linfrastructure-ecologique-des-vignobles","title":{"rendered":"Le r\u00f4le des services de conseil dans la prise de d\u00e9cision des agriculteurs concernant les innovations visant \u00e0 am\u00e9liorer l&rsquo;infrastructure \u00e9cologique des vignobles"},"content":{"rendered":"\n<h2>R\u00e9gion<\/h2>\n\n<p>Le Douro est une r\u00e9gion \u00e0 pr\u00e9dominance agricole du nord-est du Portugal, d&rsquo;une superficie de 4 112 km<sup>2<\/sup> r\u00e9partie en 19 municipalit\u00e9s. C&rsquo;est une r\u00e9gion faiblement peupl\u00e9e, caract\u00e9ris\u00e9e par un d\u00e9clin d\u00e9mographique \u00e0 long terme (d\u00e9peuplement et vieillissement), typique de nombreuses zones rurales portugaises. <\/p>\n\n<div class=\"wp-block-image\"><figure class=\"aligncenter size-full\"><img decoding=\"async\" loading=\"lazy\" width=\"852\" height=\"605\" src=\"https:\/\/agrilink2020.eu\/wp-content\/uploads\/2022\/03\/F.2.jpg\" alt=\"\" class=\"wp-image-3541\" srcset=\"https:\/\/www.agrilink2020.eu\/wp-content\/uploads\/2022\/03\/F.2.jpg 852w, https:\/\/www.agrilink2020.eu\/wp-content\/uploads\/2022\/03\/F.2-300x213.jpg 300w, https:\/\/www.agrilink2020.eu\/wp-content\/uploads\/2022\/03\/F.2-768x545.jpg 768w\" sizes=\"(max-width: 852px) 100vw, 852px\" \/><figcaption>Carte de la r\u00e9gion<\/figcaption><\/figure><\/div>\n\n<p>Le Douro est l&rsquo;une des plus anciennes r\u00e9gions viticoles du monde. Elle a \u00e9t\u00e9 cr\u00e9\u00e9e en 1756 pour r\u00e9glementer et prot\u00e9ger la production et la vente du vin de Porto. L&rsquo;\u00e9l\u00e9ment le plus distinctif de la r\u00e9gion du Douro est le paysage, domin\u00e9 par les vignobles (soutenus par des murs de pierre faits \u00e0 la main) qui sont cultiv\u00e9s sur les flancs abrupts de la vall\u00e9e sup\u00e9rieure du fleuve Douro. Le caract\u00e8re unique de ce paysage cr\u00e9\u00e9 par l&rsquo;homme, ainsi que l&rsquo;histoire, la socio-\u00e9conomie et la culture qui y sont li\u00e9es, ont \u00e9t\u00e9 reconnus par l&rsquo;UNESCO en 2001 avec la d\u00e9signation du statut de patrimoine mondial. Cette d\u00e9signation contribue aujourd&rsquo;hui au succ\u00e8s actuel des vins DOC (Designated Controlled Origin) produits dans la r\u00e9gion et a aid\u00e9 \u00e0 faire du Douro une r\u00e9gion viticole de marque mondiale et une destination touristique r\u00e9ussie.   <\/p>\n\n<h2>Objet de l&rsquo;\u00e9tude<\/h2>\n\n<p>L&rsquo;\u00e9tude de cas s&rsquo;est concentr\u00e9e sur une gamme innovante de strat\u00e9gies visant \u00e0 am\u00e9liorer les \u00ab\u00a0infrastructures \u00e9cologiques\u00a0\u00bb (IE) associ\u00e9es aux vignobles. Il s&rsquo;agit d&rsquo;une approche introduite \u00e0 l&rsquo;origine dans les ann\u00e9es 1990 par des viticulteurs pionniers et qui devient de plus en plus populaire parmi les viticulteurs de la r\u00e9gion. Les nouvelles strat\u00e9gies r\u00e9centes en mati\u00e8re d&rsquo;IE comprennent l&rsquo;int\u00e9gration de pratiques agricoles agro-\u00e9cologiques (par exemple, la culture de la v\u00e9g\u00e9tation herbac\u00e9e dans les vignobles et sur les terrasses en pente) avec le r\u00e9tablissement et la mise en valeur des caract\u00e9ristiques traditionnelles du paysage (par exemple, les haies, les murs de pierre, les vieilles vignes, les parcelles d&rsquo;oliveraies et d&rsquo;autres v\u00e9g\u00e9taux m\u00e9diterran\u00e9ens indig\u00e8nes).  <\/p>\n\n<div class=\"wp-block-image\"><figure class=\"aligncenter size-full\"><img decoding=\"async\" loading=\"lazy\" width=\"1024\" height=\"768\" src=\"https:\/\/agrilink2020.eu\/wp-content\/uploads\/2022\/03\/PICT2962-1024x768-1.jpeg\" alt=\"\" class=\"wp-image-3591\" srcset=\"https:\/\/www.agrilink2020.eu\/wp-content\/uploads\/2022\/03\/PICT2962-1024x768-1.jpeg 1024w, https:\/\/www.agrilink2020.eu\/wp-content\/uploads\/2022\/03\/PICT2962-1024x768-1-300x225.jpeg 300w, https:\/\/www.agrilink2020.eu\/wp-content\/uploads\/2022\/03\/PICT2962-1024x768-1-768x576.jpeg 768w\" sizes=\"(max-width: 1024px) 100vw, 1024px\" \/><\/figure><\/div>\n\n<p>Le paysage traditionnel en mosa\u00efque de la r\u00e9gion viticole de la haute vall\u00e9e du Douro se reconstitue progressivement, en partie gr\u00e2ce \u00e0 l&rsquo;application de r\u00e8gles de protection du paysage, mais surtout gr\u00e2ce \u00e0 la red\u00e9couverte par les viticulteurs des avantages \u00e9cologiques et commerciaux de la \u00ab\u00a0re-naturalisation\u00a0\u00bb des vignobles. Il s&rsquo;agit toutefois d&rsquo;un processus \u00e0 long terme. Les strat\u00e9gies d&rsquo;IE sont en grande partie uniques \u00e0 chaque exploitation et exigent un investissement \u00e0 long terme dans les activit\u00e9s d&rsquo;exp\u00e9rimentation et de suivi sur le terrain. Pour r\u00e9ussir, les viticulteurs doivent int\u00e9grer les nouvelles connaissances scientifiques \u00e0 leurs connaissances locales tacites dans un processus continu d&rsquo;apprentissage par la pratique.   <\/p>\n\n<p>Cette \u00e9tude de cas a mis en \u00e9vidence le r\u00f4le d&rsquo;une organisation innovante bas\u00e9e sur les agriculteurs, fond\u00e9e par un groupe de viticulteurs de premier plan en 1982 pour les aider, ainsi que le DOC Douro, \u00e0 faire face aux d\u00e9fis caus\u00e9s par la concurrence croissante sur les march\u00e9s mondiaux du vin de la part d&rsquo;un nombre croissant de producteurs des pays du Nouveau Monde. Cette FBO a \u00e9t\u00e9 cr\u00e9\u00e9e \u00e0 la fois pour donner du pouvoir aux vignerons et pour leur permettre d&rsquo;anticiper et de r\u00e9pondre aux tendances du march\u00e9 mondial. Pour ce faire, elle a investi dans le d\u00e9veloppement de comp\u00e9tences et d&rsquo;aptitudes solides en mati\u00e8re de \u00ab\u00a0back-office\u00a0\u00bb, ce qui a impliqu\u00e9 une mise en r\u00e9seau intense avec des institutions de recherche et des experts mondiaux. Cela a \u00e9t\u00e9 rendu possible gr\u00e2ce \u00e0 des conseillers qualifi\u00e9s, directement engag\u00e9s dans des activit\u00e9s de recherche et d&rsquo;innovation et capables de co-cr\u00e9er de nouvelles connaissances avec les chercheurs et les viticulteurs.   <\/p>\n\n<p>Le rapport complet (en anglais) est ici :<\/p>\n\n<div class=\"wp-block-file\"><object class=\"wp-block-file__embed\" data=\"https:\/\/agrilink2020.eu\/wp-content\/uploads\/2021\/06\/D2.2_PT.GDPR_.pdf\" type=\"application\/pdf\" style=\"width:100%;height:600px\" aria-label=\"Contenu embarqu\u00e9 Embed of D2.2_PT.GDPR..\"><\/object><a id=\"wp-block-file--media-2f619f71-934b-40ea-8691-17a70083bb45\" href=\"https:\/\/agrilink2020.eu\/wp-content\/uploads\/2021\/06\/D2.2_PT.GDPR_.pdf\">D2.2_PT.GDPR<\/a><a href=\"https:\/\/agrilink2020.eu\/wp-content\/uploads\/2021\/06\/D2.2_PT.GDPR_.pdf\" class=\"wp-block-file__button\" download=\"\" aria-describedby=\"wp-block-file--media-2f619f71-934b-40ea-8691-17a70083bb45\">Download<\/a><\/div>\n\n<hr class=\"wp-block-separator\"\/>\n\n<h2>Partenaire et personne de contact<\/h2>\n\n<div class=\"wp-block-image\"><figure class=\"aligncenter size-full\"><img decoding=\"async\" loading=\"lazy\" width=\"902\" height=\"148\" src=\"https:\/\/agrilink2020.eu\/wp-content\/uploads\/2022\/01\/UTAD.jpeg\" alt=\"\" class=\"wp-image-778\" srcset=\"https:\/\/www.agrilink2020.eu\/wp-content\/uploads\/2022\/01\/UTAD.jpeg 902w, https:\/\/www.agrilink2020.eu\/wp-content\/uploads\/2022\/01\/UTAD-300x49.jpeg 300w, https:\/\/www.agrilink2020.eu\/wp-content\/uploads\/2022\/01\/UTAD-768x126.jpeg 768w\" sizes=\"(max-width: 902px) 100vw, 902px\" \/><\/figure><\/div>\n\n<h2>University of Tr\u00e1s-os-Montes e Alto Douro (UTAD)<\/h2>\n\n<p>L\u00edvia Madureira, <a href=\"mailto:lmadurei@utad.pt\">lmadurei@utad.pt<\/a><\/p>\n\n<hr class=\"wp-block-separator\"\/>\n\n<h2>Les le\u00e7ons apprises<\/h2>\n\n<ol><li>L&rsquo;am\u00e9lioration des \u00ab\u00a0infrastructures \u00e9cologiques\u00a0\u00bb (IE) dans les vignobles du Douro a \u00e9t\u00e9 \u00e0 la fois favoris\u00e9e et mise en \u0153uvre par un \u00ab\u00a0syst\u00e8me de connaissances et d&rsquo;innovation\u00a0\u00bb local fond\u00e9 sur un triple partenariat informel r\u00e9unissant des viticulteurs, des chercheurs et des conseillers. Des r\u00e9seaux informels de pairs comprenant des gestionnaires d&rsquo;exploitation, des viticulteurs et des vinificateurs ont ensuite jou\u00e9 un r\u00f4le cl\u00e9 dans la consolidation et l&rsquo;ancrage de ces connaissances et de cette innovation dans la r\u00e9gion gr\u00e2ce \u00e0 un processus d&rsquo;apprentissage pratique par la pratique. <\/li><li>La politique agro-environnementale de l&rsquo;UE a encourag\u00e9 le soutien consultatif \u00e0 la lutte int\u00e9gr\u00e9e contre les parasites (IPM) dans les vignobles portugais depuis les ann\u00e9es 1990 et a \u00e9t\u00e9 un moteur essentiel pour l&rsquo;adoption d&rsquo;innovations visant \u00e0 am\u00e9liorer les IE dans les vignobles du Douro. Le soutien politique aux conseillers a permis aux connaissances et \u00e0 l&rsquo;exp\u00e9rience sur les IE acquises par les agriculteurs et les chercheurs de s&rsquo;accumuler et d&rsquo;\u00eatre mieux communiqu\u00e9es par les conseillers &#8211; dont beaucoup \u00e9taient dipl\u00f4m\u00e9s de l&rsquo;UTAD. <\/li><li>Les projets de recherche et d&rsquo;innovation impliquant de nombreux acteurs diff\u00e9rents, notamment des agriculteurs, des chercheurs et des conseillers, ont jou\u00e9 un r\u00f4le cl\u00e9 dans la diffusion des innovations en mati\u00e8re d&rsquo;IE dans la r\u00e9gion du Douro. La disponibilit\u00e9 de financements pour ces projets a eu un impact important sur le d\u00e9veloppement d&rsquo;innovations pour l&rsquo;am\u00e9lioration des IE dans les vignobles du Douro. <\/li><\/ol>\n","protected":false},"excerpt":{"rendered":"<p>R\u00e9gion Le Douro est une r\u00e9gion \u00e0 pr\u00e9dominance agricole du nord-est du Portugal, d&rsquo;une superficie de 4 112 km2 r\u00e9partie en 19 municipalit\u00e9s. C&rsquo;est une r\u00e9gion faiblement peupl\u00e9e, caract\u00e9ris\u00e9e par un d\u00e9clin d\u00e9mographique \u00e0 long terme (d\u00e9peuplement et vieillissement), typique de nombreuses zones rurales portugaises. Le Douro est l&rsquo;une des plus anciennes r\u00e9gions viticoles du &hellip; <a href=\"https:\/\/www.agrilink2020.eu\/fr\/chercheurs\/le-role-des-services-de-conseil-dans-la-prise-de-decision-des-agriculteurs-concernant-les-innovations-visant-a-ameliorer-linfrastructure-ecologique-des-vignobles\">Continued<\/a><\/p>\n","protected":false},"author":2,"featured_media":3586,"comment_status":"open","ping_status":"open","sticky":false,"template":"","format":"standard","meta":[],"categories":[136,137,161,163],"tags":[484],"region":[645],"country":[611],"work_package":[237],"keyword":[318,460],"_links":{"self":[{"href":"https:\/\/www.agrilink2020.eu\/fr\/wp-json\/wp\/v2\/posts\/7189"}],"collection":[{"href":"https:\/\/www.agrilink2020.eu\/fr\/wp-json\/wp\/v2\/posts"}],"about":[{"href":"https:\/\/www.agrilink2020.eu\/fr\/wp-json\/wp\/v2\/types\/post"}],"author":[{"embeddable":true,"href":"https:\/\/www.agrilink2020.eu\/fr\/wp-json\/wp\/v2\/users\/2"}],"replies":[{"embeddable":true,"href":"https:\/\/www.agrilink2020.eu\/fr\/wp-json\/wp\/v2\/comments?post=7189"}],"version-history":[{"count":3,"href":"https:\/\/www.agrilink2020.eu\/fr\/wp-json\/wp\/v2\/posts\/7189\/revisions"}],"predecessor-version":[{"id":7192,"href":"https:\/\/www.agrilink2020.eu\/fr\/wp-json\/wp\/v2\/posts\/7189\/revisions\/7192"}],"wp:featuredmedia":[{"embeddable":true,"href":"https:\/\/www.agrilink2020.eu\/fr\/wp-json\/wp\/v2\/media\/3586"}],"wp:attachment":[{"href":"https:\/\/www.agrilink2020.eu\/fr\/wp-json\/wp\/v2\/media?parent=7189"}],"wp:term":[{"taxonomy":"category","embeddable":true,"href":"https:\/\/www.agrilink2020.eu\/fr\/wp-json\/wp\/v2\/categories?post=7189"},{"taxonomy":"post_tag","embeddable":true,"href":"https:\/\/www.agrilink2020.eu\/fr\/wp-json\/wp\/v2\/tags?post=7189"},{"taxonomy":"region","embeddable":true,"href":"https:\/\/www.agrilink2020.eu\/fr\/wp-json\/wp\/v2\/region?post=7189"},{"taxonomy":"country","embeddable":true,"href":"https:\/\/www.agrilink2020.eu\/fr\/wp-json\/wp\/v2\/country?post=7189"},{"taxonomy":"work_package","embeddable":true,"href":"https:\/\/www.agrilink2020.eu\/fr\/wp-json\/wp\/v2\/work_package?post=7189"},{"taxonomy":"keyword","embeddable":true,"href":"https:\/\/www.agrilink2020.eu\/fr\/wp-json\/wp\/v2\/keyword?post=7189"}],"curies":[{"name":"wp","href":"https:\/\/api.w.org\/{rel}","templated":true}]}}