{"id":7232,"date":"2022-03-10T09:28:27","date_gmt":"2022-03-10T09:28:27","guid":{"rendered":"https:\/\/legacy.agrilink2020.eu\/non-classifiee\/le-role-des-services-de-conseil-dans-la-prise-de-decision-des-agriculteurs-concernant-la-culture-de-tagetes-soucis-francais-pour-la-lutte-contre-les-nematodes-dans-les-sols-sableux-des-pays-bas"},"modified":"2022-04-17T11:38:10","modified_gmt":"2022-04-17T11:38:10","slug":"le-role-des-services-de-conseil-dans-la-prise-de-decision-des-agriculteurs-concernant-la-culture-de-tagetes-soucis-francais-pour-la-lutte-contre-les-nematodes-dans-les-sols-sableux-des-pays-bas","status":"publish","type":"post","link":"https:\/\/www.agrilink2020.eu\/fr\/chercheurs\/le-role-des-services-de-conseil-dans-la-prise-de-decision-des-agriculteurs-concernant-la-culture-de-tagetes-soucis-francais-pour-la-lutte-contre-les-nematodes-dans-les-sols-sableux-des-pays-bas","title":{"rendered":"Le r\u00f4le des services de conseil dans la prise de d\u00e9cision des agriculteurs concernant la culture de Tagetes (soucis fran\u00e7ais) pour la lutte contre les n\u00e9matodes dans les sols sableux des Pays-Bas."},"content":{"rendered":"\n<h2>R\u00e9gion<\/h2>\n\n<p>Le Noord-Holland et le Limbourg sont deux r\u00e9gions de cultures arables et mara\u00eech\u00e8res des Pays-Bas. La province de Noord-Holland est situ\u00e9e dans le nord-est du pays et le Limbourg dans le sud-est. Les deux r\u00e9gions sont connues a) pour la culture de produits \u00e0 haute valeur ajout\u00e9e tels que les pommes de terre, les fraises, les fruits et les bulbes \u00e0 fleurs, et b) pour l&rsquo;important probl\u00e8me des n\u00e9matodes (et les pertes \u00e9conomiques associ\u00e9es) lors de la culture de ces produits sur des sols sablonneux.    <\/p>\n\n<div class=\"wp-block-image\"><figure class=\"aligncenter size-full\"><img decoding=\"async\" loading=\"lazy\" width=\"852\" height=\"605\" src=\"https:\/\/agrilink2020.eu\/wp-content\/uploads\/2022\/03\/F.2.jpg\" alt=\"\" class=\"wp-image-3541\" srcset=\"https:\/\/www.agrilink2020.eu\/wp-content\/uploads\/2022\/03\/F.2.jpg 852w, https:\/\/www.agrilink2020.eu\/wp-content\/uploads\/2022\/03\/F.2-300x213.jpg 300w, https:\/\/www.agrilink2020.eu\/wp-content\/uploads\/2022\/03\/F.2-768x545.jpg 768w\" sizes=\"(max-width: 852px) 100vw, 852px\" \/><figcaption>Carte de la r\u00e9gion<\/figcaption><\/figure><\/div>\n\n<h2>Objet de l&rsquo;\u00e9tude<\/h2>\n\n<p>Cette \u00e9tude a port\u00e9 sur le flux de connaissances des chercheurs et des conseillers agricoles vers les agriculteurs concernant la culture des soucis fran\u00e7ais (<em>Tagetes patula<\/em>) pour le contr\u00f4le des n\u00e9matodes. Cette pratique est encore relativement innovante et largement adopt\u00e9e dans certaines localit\u00e9s, mais moins dans d&rsquo;autres.  <\/p>\n\n<div class=\"wp-block-image\"><figure class=\"aligncenter size-full\"><img decoding=\"async\" loading=\"lazy\" width=\"1024\" height=\"682\" src=\"https:\/\/agrilink2020.eu\/wp-content\/uploads\/2022\/03\/NL.Agrilink.CS_.1-1024x682-1.jpg\" alt=\"\" class=\"wp-image-3606\" srcset=\"https:\/\/www.agrilink2020.eu\/wp-content\/uploads\/2022\/03\/NL.Agrilink.CS_.1-1024x682-1.jpg 1024w, https:\/\/www.agrilink2020.eu\/wp-content\/uploads\/2022\/03\/NL.Agrilink.CS_.1-1024x682-1-300x200.jpg 300w, https:\/\/www.agrilink2020.eu\/wp-content\/uploads\/2022\/03\/NL.Agrilink.CS_.1-1024x682-1-768x512.jpg 768w\" sizes=\"(max-width: 1024px) 100vw, 1024px\" \/><\/figure><\/div>\n\n<p>Les raisons pour lesquelles les agriculteurs ont mis en \u0153uvre l&rsquo;innovation ont \u00e9t\u00e9 analys\u00e9es et on a cherch\u00e9 \u00e0 savoir \u00e0 partir de quelles sources ils ont re\u00e7u les connaissances n\u00e9cessaires pour prendre une d\u00e9cision en connaissance de cause.<\/p>\n\n<p>La principale raison pour laquelle les agriculteurs ont commenc\u00e9 \u00e0 cultiver le <em>tag\u00e8te<\/em> est que les contr\u00f4les chimiques sont de plus en plus difficiles \u00e0 utiliser en raison des r\u00e8gles de plus en plus strictes r\u00e9gissant l&rsquo;utilisation des pesticides dans les exploitations agricoles. Les conseillers et les chercheurs s&rsquo;engagent donc \u00e0 faire conna\u00eetre aux agriculteurs les alternatives non chimiques et \u00e0 les aider \u00e0 les mettre en \u0153uvre. La recherche sur l&rsquo;utilisation de <em>Tagetes<\/em>pour le contr\u00f4le des n\u00e9matodes est principalement entreprise dans des fermes exp\u00e9rimentales dans les deux provinces et ces fermes ont \u00e9t\u00e9 clairement observ\u00e9es comme des points chauds pour l&rsquo;adoption de l&rsquo;innovation.  <\/p>\n\n<p>Les conseillers utilisent les donn\u00e9es de la recherche pour sensibiliser les agriculteurs au probl\u00e8me et \u00e0 la solution. Une fois qu&rsquo;ils sont conscients, les agriculteurs commencent \u00e0 chercher des conseils techniques sur la meilleure fa\u00e7on de cultiver les <em>Tagetes<\/em> pour contr\u00f4ler les n\u00e9matodes dans leurs cultures. Par exemple, des questions telles que le contr\u00f4le des mauvaises herbes dans les <em>Tagetes<\/em>sont des consid\u00e9rations pratiques importantes pour les agriculteurs. Dans l&rsquo;ensemble, l&rsquo;utilisation de la culture de<em>Tagetes<\/em> pour lutter contre les n\u00e9matodes est de plus en plus efficace, largement adopt\u00e9e et s&rsquo;av\u00e8re avoir d&rsquo;autres avantages pour les agriculteurs, tels que l&rsquo;am\u00e9lioration de la qualit\u00e9 du sol.   <\/p>\n\n<p>Le rapport complet (en anglais) est ici :<\/p>\n\n<div class=\"wp-block-file\"><object class=\"wp-block-file__embed\" data=\"https:\/\/agrilink2020.eu\/wp-content\/uploads\/2021\/06\/D2.2_NL.GDPR_.pdf\" type=\"application\/pdf\" style=\"width:100%;height:600px\" aria-label=\"Contenu embarqu\u00e9 Embed of D2.2_NL.GDPR..\"><\/object><a id=\"wp-block-file--media-230ae321-0dbf-4266-bf41-0adb268e3603\" href=\"https:\/\/agrilink2020.eu\/wp-content\/uploads\/2021\/06\/D2.2_NL.GDPR_.pdf\">D2.2_NL.GDPR<\/a><a href=\"https:\/\/agrilink2020.eu\/wp-content\/uploads\/2021\/06\/D2.2_NL.GDPR_.pdf\" class=\"wp-block-file__button\" download=\"\" aria-describedby=\"wp-block-file--media-230ae321-0dbf-4266-bf41-0adb268e3603\">Download<\/a><\/div>\n\n<hr class=\"wp-block-separator\"\/>\n\n<h2>Partenaire et personne de contact<\/h2>\n\n<div class=\"wp-block-image\"><figure class=\"aligncenter size-full\"><img decoding=\"async\" loading=\"lazy\" width=\"300\" height=\"57\" src=\"https:\/\/agrilink2020.eu\/wp-content\/uploads\/2021\/11\/WR_large.png\" alt=\"\" class=\"wp-image-591\"\/><\/figure><\/div>\n\n<h2>Wageningen University and Research<\/h2>\n\n<p>Leendert Molendijk, <a href=\"mailto:leender.molendijk@wur.nl\">leender.molendijk@wur.nl<\/a><\/p>\n\n<h2>Les le\u00e7ons apprises<\/h2>\n\n<ol><li>Tous les agriculteurs des Pays-Bas ont tendance \u00e0 rester en contact avec une forme d&rsquo;organisation consultative. Il existe diff\u00e9rents types et tailles d&rsquo;organisations consultatives dans les deux provinces qui fournissent des conseils aux agriculteurs sur la culture de la <em>tag\u00e8te<\/em>. Les grandes organisations ont des d\u00e9partements de connaissances (back-offices) qui traitent les informations provenant de diverses sources pour que les conseillers puissent les diffuser. Les petites organisations d\u00e9pendent des connaissances des conseillers individuels, de leur exp\u00e9rience et de leur conviction que des approches innovantes, telles que la culture de <em>Tagetes<\/em>, peuvent fonctionner et fonctionnent effectivement.   <\/li><li>Les organisations consultatives et d&rsquo;autres acteurs cl\u00e9s ont confirm\u00e9 que le principal d\u00e9clencheur de la culture de<em>Tagetes<\/em> a \u00e9t\u00e9 le contr\u00f4le plus strict des produits chimiques pour la lutte contre les n\u00e9matodes. Sans le changement de r\u00e9glementation sur les pesticides, il est probable que la plupart des agriculteurs auraient poursuivi leurs pratiques habituelles. Cependant, la d\u00e9cision finale d&rsquo;un agriculteur individuel de commencer \u00e0 cultiver des <em>Tagetes<\/em>(ou non) a \u00e9t\u00e9 grandement influenc\u00e9e par les exp\u00e9riences de recherche men\u00e9es dans les provinces touch\u00e9es, les exp\u00e9riences d&rsquo;autres agriculteurs et l&rsquo;\u00e9valuation active et\/ou l&rsquo;exp\u00e9rimentation sur leur ferme.   <\/li><li>Lorsqu&rsquo;ils ont d\u00e9cid\u00e9 de se lancer dans la culture de <em>Tagetes<\/em>, de nombreux agriculteurs ont visit\u00e9 des fermes voisines ou exp\u00e9rimentales qui avaient d\u00e9j\u00e0 adopt\u00e9 l&rsquo;innovation. Cet \u00e9change entre pairs s&rsquo;est r\u00e9v\u00e9l\u00e9 \u00eatre une source importante de conseils et de soutien. Certains agriculteurs ont directement commenc\u00e9 \u00e0 cultiver la <em>tag\u00e8te<\/em>apr\u00e8s avoir observ\u00e9 que cela fonctionnait pour leurs coll\u00e8gues, tandis que d&rsquo;autres ont \u00e9t\u00e9 plus prudents et ont d&rsquo;abord exp\u00e9riment\u00e9 sur une petite partie de leur exploitation avant d&rsquo;\u00e9tendre la culture.  <\/li><li>Au d\u00e9but de la mise en \u0153uvre de l&rsquo;innovation, les conseillers ont jou\u00e9 un r\u00f4le important en aidant les agriculteurs dans les aspects pratiques de la culture du <em>tag\u00e8te<\/em>. Le <em>tag\u00e8te<\/em>n&rsquo;est pas une culture facile \u00e0 r\u00e9ussir, et les agriculteurs se sont tourn\u00e9s vers les conseillers pour obtenir une assistance technique sur mesure, adapt\u00e9e \u00e0 leurs propres exploitations et aux syst\u00e8mes de gestion des cultures existants.<\/li><\/ol>\n","protected":false},"excerpt":{"rendered":"<p>R\u00e9gion Le Noord-Holland et le Limbourg sont deux r\u00e9gions de cultures arables et mara\u00eech\u00e8res des Pays-Bas. La province de Noord-Holland est situ\u00e9e dans le nord-est du pays et le Limbourg dans le sud-est. Les deux r\u00e9gions sont connues a) pour la culture de produits \u00e0 haute valeur ajout\u00e9e tels que les pommes de terre, les &hellip; <a href=\"https:\/\/www.agrilink2020.eu\/fr\/chercheurs\/le-role-des-services-de-conseil-dans-la-prise-de-decision-des-agriculteurs-concernant-la-culture-de-tagetes-soucis-francais-pour-la-lutte-contre-les-nematodes-dans-les-sols-sableux-des-pays-bas\">Continued<\/a><\/p>\n","protected":false},"author":2,"featured_media":3601,"comment_status":"open","ping_status":"open","sticky":false,"template":"","format":"standard","meta":[],"categories":[136,137,161,163],"tags":[484],"region":[655],"country":[210],"work_package":[237],"keyword":[318,460],"_links":{"self":[{"href":"https:\/\/www.agrilink2020.eu\/fr\/wp-json\/wp\/v2\/posts\/7232"}],"collection":[{"href":"https:\/\/www.agrilink2020.eu\/fr\/wp-json\/wp\/v2\/posts"}],"about":[{"href":"https:\/\/www.agrilink2020.eu\/fr\/wp-json\/wp\/v2\/types\/post"}],"author":[{"embeddable":true,"href":"https:\/\/www.agrilink2020.eu\/fr\/wp-json\/wp\/v2\/users\/2"}],"replies":[{"embeddable":true,"href":"https:\/\/www.agrilink2020.eu\/fr\/wp-json\/wp\/v2\/comments?post=7232"}],"version-history":[{"count":3,"href":"https:\/\/www.agrilink2020.eu\/fr\/wp-json\/wp\/v2\/posts\/7232\/revisions"}],"predecessor-version":[{"id":7235,"href":"https:\/\/www.agrilink2020.eu\/fr\/wp-json\/wp\/v2\/posts\/7232\/revisions\/7235"}],"wp:featuredmedia":[{"embeddable":true,"href":"https:\/\/www.agrilink2020.eu\/fr\/wp-json\/wp\/v2\/media\/3601"}],"wp:attachment":[{"href":"https:\/\/www.agrilink2020.eu\/fr\/wp-json\/wp\/v2\/media?parent=7232"}],"wp:term":[{"taxonomy":"category","embeddable":true,"href":"https:\/\/www.agrilink2020.eu\/fr\/wp-json\/wp\/v2\/categories?post=7232"},{"taxonomy":"post_tag","embeddable":true,"href":"https:\/\/www.agrilink2020.eu\/fr\/wp-json\/wp\/v2\/tags?post=7232"},{"taxonomy":"region","embeddable":true,"href":"https:\/\/www.agrilink2020.eu\/fr\/wp-json\/wp\/v2\/region?post=7232"},{"taxonomy":"country","embeddable":true,"href":"https:\/\/www.agrilink2020.eu\/fr\/wp-json\/wp\/v2\/country?post=7232"},{"taxonomy":"work_package","embeddable":true,"href":"https:\/\/www.agrilink2020.eu\/fr\/wp-json\/wp\/v2\/work_package?post=7232"},{"taxonomy":"keyword","embeddable":true,"href":"https:\/\/www.agrilink2020.eu\/fr\/wp-json\/wp\/v2\/keyword?post=7232"}],"curies":[{"name":"wp","href":"https:\/\/api.w.org\/{rel}","templated":true}]}}