{"id":7706,"date":"2022-03-09T11:59:16","date_gmt":"2022-03-09T11:59:16","guid":{"rendered":"https:\/\/www.agrilink2020.eu\/non-classifiee\/le-role-des-services-de-conseil-dans-la-prise-de-decision-des-agriculteurs-concernant-ladoption-dinnovations-en-matiere-denergie-renouvelable-digestion-anaerobie-a-petite-echelle"},"modified":"2022-04-23T09:19:22","modified_gmt":"2022-04-23T09:19:22","slug":"le-role-des-services-de-conseil-dans-la-prise-de-decision-des-agriculteurs-concernant-ladoption-dinnovations-en-matiere-denergie-renouvelable-digestion-anaerobie-a-petite-echelle","status":"publish","type":"post","link":"https:\/\/www.agrilink2020.eu\/fr\/chercheurs\/le-role-des-services-de-conseil-dans-la-prise-de-decision-des-agriculteurs-concernant-ladoption-dinnovations-en-matiere-denergie-renouvelable-digestion-anaerobie-a-petite-echelle","title":{"rendered":"Le r\u00f4le des services de conseil dans la prise de d\u00e9cision des agriculteurs concernant l&rsquo;adoption d&rsquo;innovations en mati\u00e8re d&rsquo;\u00e9nergie renouvelable (digestion ana\u00e9robie \u00e0 petite \u00e9chelle)"},"content":{"rendered":"\n<h2>R\u00e9gion<\/h2>\n\n<p>Environ 92 500 hectares (environ 1\/3) de la superficie de la province d&rsquo;Anvers en Belgique sont utilis\u00e9s pour l&rsquo;agriculture. La province compte 3 627 entreprises agricoles et horticoles. La culture de plantes fourrag\u00e8res repr\u00e9sente 79 % de la superficie agricole de la province. Parmi celles-ci, le ma\u00efs et l&rsquo;herbe sont les cultures les plus cultiv\u00e9es.   <\/p>\n\n<div class=\"wp-block-image\"><figure class=\"aligncenter size-full\"><img decoding=\"async\" loading=\"lazy\" width=\"834\" height=\"591\" src=\"https:\/\/agrilink2020.eu\/wp-content\/uploads\/2022\/03\/F.6.jpg\" alt=\"\" class=\"wp-image-3493\" srcset=\"https:\/\/www.agrilink2020.eu\/wp-content\/uploads\/2022\/03\/F.6.jpg 834w, https:\/\/www.agrilink2020.eu\/wp-content\/uploads\/2022\/03\/F.6-300x213.jpg 300w, https:\/\/www.agrilink2020.eu\/wp-content\/uploads\/2022\/03\/F.6-768x544.jpg 768w\" sizes=\"(max-width: 834px) 100vw, 834px\" \/><figcaption>Carte de la r\u00e9gion<\/figcaption><\/figure><\/div>\n\n<p>Plus de la moiti\u00e9 des exploitations de la province appartiennent \u00e0 des \u00e9leveurs de bovins, ce qui explique la grande superficie des cultures fourrag\u00e8res. Il existe \u00e9galement des exploitations laiti\u00e8res (caprines), des exploitations de veaux de boucherie et des exploitations avicoles hautement sp\u00e9cialis\u00e9es. Les producteurs laitiers anversois sont consid\u00e9r\u00e9s comme les agriculteurs les plus innovants de toute la Flandre.  <\/p>\n\n<h2>Objet de l&rsquo;\u00e9tude<\/h2>\n\n<p>Cette \u00e9tude s&rsquo;est concentr\u00e9e sur une innovation dans la production d&rsquo;\u00e9nergie renouvelable \u00e0 la ferme appel\u00e9e \u00ab\u00a0digestion en poche\u00a0\u00bb. La popularit\u00e9 de la digestion en poche a fortement augment\u00e9 ces derni\u00e8res ann\u00e9es dans la r\u00e9gion flamande de Belgique, ainsi que dans plusieurs pays voisins. En Flandre, environ 120 digesteurs de poche ont \u00e9t\u00e9 vendus \u00e0 ce jour.  <\/p>\n\n<div class=\"wp-block-image\"><figure class=\"aligncenter size-full\"><img decoding=\"async\" loading=\"lazy\" width=\"788\" height=\"430\" src=\"https:\/\/agrilink2020.eu\/wp-content\/uploads\/2022\/03\/pocketvergister_Biolectric.jpeg\" alt=\"\" class=\"wp-image-3520\" srcset=\"https:\/\/www.agrilink2020.eu\/wp-content\/uploads\/2022\/03\/pocketvergister_Biolectric.jpeg 788w, https:\/\/www.agrilink2020.eu\/wp-content\/uploads\/2022\/03\/pocketvergister_Biolectric-300x164.jpeg 300w, https:\/\/www.agrilink2020.eu\/wp-content\/uploads\/2022\/03\/pocketvergister_Biolectric-768x419.jpeg 768w\" sizes=\"(max-width: 788px) 100vw, 788px\" \/><\/figure><\/div>\n\n<p>Il n&rsquo;existe pas de d\u00e9finition internationalement reconnue de la \u00ab\u00a0digestion de poche\u00a0\u00bb. Il s&rsquo;agit d&rsquo;un terme qui a \u00e9volu\u00e9 pour d\u00e9crire des processus de digestion ana\u00e9robie \u00e0 petite \u00e9chelle dans une exploitation agricole utilisant des flux quotidiens de d\u00e9chets (principalement du fumier) pour la production sur place de biogaz. Ce biogaz est ensuite br\u00fbl\u00e9 dans une installation de production combin\u00e9e de chaleur et d&rsquo;\u00e9lectricit\u00e9 pour produire de l&rsquo;\u00e9nergie renouvelable sous forme d&rsquo;\u00e9lectricit\u00e9 et de chaleur \u00e0 utiliser autant que possible sur l&rsquo;exploitation ou dans une entreprise associ\u00e9e.  <\/p>\n\n<p>L&rsquo;objectif de cette \u00e9tude \u00e9tait de mieux comprendre le r\u00f4le jou\u00e9 par les organisations de conseil dans le d\u00e9veloppement et l&rsquo;\u00e9valuation de ces technologies d&rsquo;\u00e9nergie renouvelable, ainsi que les facteurs influen\u00e7ant la d\u00e9cision des agriculteurs de les adopter ou non.<\/p>\n\n<p>Le rapport complet (en anglais) est ici :<\/p>\n\n<div class=\"wp-block-file\"><object class=\"wp-block-file__embed\" data=\"https:\/\/agrilink2020.eu\/wp-content\/uploads\/2021\/06\/D2.2_BE.GDPR_.pdf\" type=\"application\/pdf\" style=\"width:100%;height:600px\" aria-label=\"Contenu embarqu\u00e9 Embed of D2.2_BE.GDPR..\"><\/object><a id=\"wp-block-file--media-42578fe1-bf5e-4763-b271-2195bfd78ca4\" href=\"https:\/\/agrilink2020.eu\/wp-content\/uploads\/2021\/06\/D2.2_BE.GDPR_.pdf\">D2.2_BE.GDPR<\/a><a href=\"https:\/\/agrilink2020.eu\/wp-content\/uploads\/2021\/06\/D2.2_BE.GDPR_.pdf\" class=\"wp-block-file__button\" download=\"\" aria-describedby=\"wp-block-file--media-42578fe1-bf5e-4763-b271-2195bfd78ca4\">Download<\/a><\/div>\n\n<hr class=\"wp-block-separator\"\/>\n\n<h2>Partenaire et personne de contact<\/h2>\n\n<div class=\"wp-block-image\"><figure class=\"aligncenter size-full\"><img decoding=\"async\" loading=\"lazy\" width=\"214\" height=\"42\" src=\"https:\/\/agrilink2020.eu\/wp-content\/uploads\/2021\/11\/Innovatiesteunpunt-logo.png\" alt=\"\" class=\"wp-image-587\"\/><\/figure><\/div>\n\n<h2>Innovatiesteunpunt (ISP)<\/h2>\n\n<p>Stijn Bossin, <a href=\"mailto:stijn.bossin@innovatiesteunpunt.be\">stijn.bossin@innovatiesteunpunt.be<\/a><\/p>\n\n<hr class=\"wp-block-separator\"\/>\n\n<h2>Les le\u00e7ons apprises<\/h2>\n\n<ol><li>Les agriculteurs ont expliqu\u00e9 qu&rsquo;ils utilisaient diverses sources de connaissance de l&rsquo;innovation et qu&rsquo;ils lisaient souvent l&rsquo;existence du digesteur de poche dans des magazines techniques ou sur des sites web d&rsquo;organisations de conseil ou de coop\u00e9ratives agricoles. Le contact individuel avec d&rsquo;autres agriculteurs qui avaient d\u00e9j\u00e0 mis en \u0153uvre l&rsquo;innovation \u00e9tait une autre source importante d&rsquo;information. Les agriculteurs allaient souvent visiter les fermes de leurs coll\u00e8gues qui avaient r\u00e9cemment install\u00e9 un digesteur \u00e0 poches.  <\/li><li>Une fois inform\u00e9s de l&rsquo;innovation, les agriculteurs int\u00e9ress\u00e9s ont ensuite rencontr\u00e9 les repr\u00e9sentants des entreprises qui fournissaient et installaient les digesteurs de poche. Les agriculteurs ont expliqu\u00e9 que les foires agricoles constituaient une bonne occasion de trouver ces entreprises, ainsi que de d\u00e9couvrir d&rsquo;autres innovations similaires. <\/li><li>Les agriculteurs int\u00e9ress\u00e9s se sont \u00e9galement tourn\u00e9s vers les coop\u00e9ratives agricoles o\u00f9 ils pouvaient rencontrer des conseillers ou s&rsquo;inscrire pour suivre des ateliers sp\u00e9cialis\u00e9s. Ces coop\u00e9ratives ont \u00e9galement fourni des services suppl\u00e9mentaires tels que des \u00e9tudes de faisabilit\u00e9. Certaines publications sp\u00e9cialis\u00e9es issues de la collaboration entre diff\u00e9rentes organisations se sont \u00e9galement av\u00e9r\u00e9es tr\u00e8s utiles au cours de la phase d&rsquo;\u00e9valuation.  <\/li><li>Les repr\u00e9sentants de l&rsquo;entreprise d&rsquo;installation ont \u00e9t\u00e9 la principale (et souvent la seule) source de soutien pendant la phase de mise en \u0153uvre de l&rsquo;adoption de l&rsquo;innovation. Par exemple, les techniciens\/ing\u00e9nieurs de l&rsquo;entreprise assuraient le suivi de l&rsquo;installation du digesteur de poche en se rendant en personne sur l&rsquo;exploitation, ou dans certains cas, ils s&rsquo;impliquaient directement dans l&rsquo;installation. <\/li><\/ol>\n","protected":false},"excerpt":{"rendered":"<p>R\u00e9gion Environ 92 500 hectares (environ 1\/3) de la superficie de la province d&rsquo;Anvers en Belgique sont utilis\u00e9s pour l&rsquo;agriculture. La province compte 3 627 entreprises agricoles et horticoles. La culture de plantes fourrag\u00e8res repr\u00e9sente 79 % de la superficie agricole de la province. Parmi celles-ci, le ma\u00efs et l&rsquo;herbe sont les cultures les plus &hellip; <a href=\"https:\/\/www.agrilink2020.eu\/fr\/chercheurs\/le-role-des-services-de-conseil-dans-la-prise-de-decision-des-agriculteurs-concernant-ladoption-dinnovations-en-matiere-denergie-renouvelable-digestion-anaerobie-a-petite-echelle\">Continued<\/a><\/p>\n","protected":false},"author":2,"featured_media":3515,"comment_status":"open","ping_status":"open","sticky":false,"template":"","format":"standard","meta":[],"categories":[136,137,161,163],"tags":[484],"region":[688],"country":[219],"work_package":[237],"keyword":[273],"_links":{"self":[{"href":"https:\/\/www.agrilink2020.eu\/fr\/wp-json\/wp\/v2\/posts\/7706"}],"collection":[{"href":"https:\/\/www.agrilink2020.eu\/fr\/wp-json\/wp\/v2\/posts"}],"about":[{"href":"https:\/\/www.agrilink2020.eu\/fr\/wp-json\/wp\/v2\/types\/post"}],"author":[{"embeddable":true,"href":"https:\/\/www.agrilink2020.eu\/fr\/wp-json\/wp\/v2\/users\/2"}],"replies":[{"embeddable":true,"href":"https:\/\/www.agrilink2020.eu\/fr\/wp-json\/wp\/v2\/comments?post=7706"}],"version-history":[{"count":3,"href":"https:\/\/www.agrilink2020.eu\/fr\/wp-json\/wp\/v2\/posts\/7706\/revisions"}],"predecessor-version":[{"id":7709,"href":"https:\/\/www.agrilink2020.eu\/fr\/wp-json\/wp\/v2\/posts\/7706\/revisions\/7709"}],"wp:featuredmedia":[{"embeddable":true,"href":"https:\/\/www.agrilink2020.eu\/fr\/wp-json\/wp\/v2\/media\/3515"}],"wp:attachment":[{"href":"https:\/\/www.agrilink2020.eu\/fr\/wp-json\/wp\/v2\/media?parent=7706"}],"wp:term":[{"taxonomy":"category","embeddable":true,"href":"https:\/\/www.agrilink2020.eu\/fr\/wp-json\/wp\/v2\/categories?post=7706"},{"taxonomy":"post_tag","embeddable":true,"href":"https:\/\/www.agrilink2020.eu\/fr\/wp-json\/wp\/v2\/tags?post=7706"},{"taxonomy":"region","embeddable":true,"href":"https:\/\/www.agrilink2020.eu\/fr\/wp-json\/wp\/v2\/region?post=7706"},{"taxonomy":"country","embeddable":true,"href":"https:\/\/www.agrilink2020.eu\/fr\/wp-json\/wp\/v2\/country?post=7706"},{"taxonomy":"work_package","embeddable":true,"href":"https:\/\/www.agrilink2020.eu\/fr\/wp-json\/wp\/v2\/work_package?post=7706"},{"taxonomy":"keyword","embeddable":true,"href":"https:\/\/www.agrilink2020.eu\/fr\/wp-json\/wp\/v2\/keyword?post=7706"}],"curies":[{"name":"wp","href":"https:\/\/api.w.org\/{rel}","templated":true}]}}