{"id":8873,"date":"2022-04-17T13:22:29","date_gmt":"2022-04-17T13:22:29","guid":{"rendered":"https:\/\/www.agrilink2020.eu\/non-categorizzato\/la-situazione-del-marketing-diretto"},"modified":"2022-04-28T08:52:17","modified_gmt":"2022-04-28T08:52:17","slug":"la-situazione-del-marketing-diretto","status":"publish","type":"post","link":"https:\/\/www.agrilink2020.eu\/it\/ricercatori\/la-situazione-del-marketing-diretto","title":{"rendered":"La situazione del marketing diretto"},"content":{"rendered":"\n<h2>Regione<\/h2>\n\n<p>Navarra \u00e8 una regione agricola diversificata situata nel nord della Spagna al confine con la Francia. L&#8217;orticoltura domina nel centro e nel sud della regione ed \u00e8 fortemente legata all&#8217;industria di trasformazione agroalimentare. I bovini e gli ovini predominano nel nord, compresa la produzione di due tipi tradizionali di formaggio con &#8220;denominazioni d&#8217;origine&#8221; registrate.  <\/p>\n\n<div class=\"wp-block-image\"><figure class=\"aligncenter size-full\"><img decoding=\"async\" loading=\"lazy\" width=\"840\" height=\"596\" src=\"https:\/\/agrilink2020.eu\/wp-content\/uploads\/2022\/04\/F.7.jpg\" alt=\"\" class=\"wp-image-7244\" srcset=\"https:\/\/www.agrilink2020.eu\/wp-content\/uploads\/2022\/04\/F.7.jpg 840w, https:\/\/www.agrilink2020.eu\/wp-content\/uploads\/2022\/04\/F.7-300x213.jpg 300w, https:\/\/www.agrilink2020.eu\/wp-content\/uploads\/2022\/04\/F.7-768x545.jpg 768w\" sizes=\"(max-width: 840px) 100vw, 840px\" \/><figcaption>Mappa della regione<\/figcaption><\/figure><\/div>\n\n<h2>Focus dello studio<\/h2>\n\n<p>Dagli anni &#8217;80, gran parte della produzione agricola in Navarra \u00e8 stata intensificata dall&#8217;industria agroalimentare, con molte aziende che hanno massimizzato la produzione per ottenere margini di profitto adeguati. Durante questi anni, non c&#8217;era un sostegno specifico per gli agricoltori che volevano adottare la commercializzazione diretta. <\/p>\n\n<div class=\"wp-block-image\"><figure class=\"aligncenter size-full\"><img decoding=\"async\" loading=\"lazy\" width=\"510\" height=\"341\" src=\"https:\/\/agrilink2020.eu\/wp-content\/uploads\/2022\/04\/CS_Navarra_Spain_DMN_4.jpeg\" alt=\"\" class=\"wp-image-7314\" srcset=\"https:\/\/www.agrilink2020.eu\/wp-content\/uploads\/2022\/04\/CS_Navarra_Spain_DMN_4.jpeg 510w, https:\/\/www.agrilink2020.eu\/wp-content\/uploads\/2022\/04\/CS_Navarra_Spain_DMN_4-300x201.jpeg 300w\" sizes=\"(max-width: 510px) 100vw, 510px\" \/><\/figure><\/div>\n\n<p>Tuttavia, negli ultimi anni c&#8217;\u00e8 stato un aumento della domanda di prodotti locali e sono emerse diverse iniziative per sostenere gli agricoltori locali, tra cui:<\/p>\n\n<ul><li>Creare un marchio che comprenda i prodotti locali della Navarra;<\/li><li>Creare un centro (www.ekoalde.org) per raccogliere i prodotti biologici locali e fornirli direttamente al consumatore;<\/li><li>Stabilire le basi per l&#8217;uso di pi\u00f9 prodotti locali nella ristorazione pubblica<\/li><\/ul>\n\n<p>La decisione di adottare la commercializzazione diretta combina valori agroecologici con interessi economici e produttivi. \u00c8 generalmente inteso come uno &#8216;stile di vita&#8217; che combina la soddisfazione per la vita rurale, una produzione alimentare alternativa focalizzata su prodotti di migliore qualit\u00e0 e di maggior valore aggiunto, e la costruzione di rapporti pi\u00f9 diretti con i consumatori. Vedi questi esempi:<a href=\"http:\/\/www.jauregia.net\/\">www.jauregia.net\/<\/a> e <a href=\"https:\/\/elpuenteviejo.es\/\">https:\/\/elpuenteviejo.es\/<\/a>  <\/p>\n\n<p>La decisione degli agricoltori di non adottare \u00e8 influenzata dal maggior carico di lavoro associato alla commercializzazione diretta. Alcuni agricoltori preferiscono anche semplicemente concentrarsi sulla produzione. Anche i regolamenti sull&#8217;igiene e la sicurezza alimentare sono ostacoli significativi per molte piccole aziende, e c&#8217;\u00e8 bisogno di una migliore informazione e di strutture di supporto per superarli e rendere pi\u00f9 facile l&#8217;adozione della commercializzazione diretta.  <\/p>\n\n<p>L\u2019intero report (in inglese) \u00e8 qui<\/p>\n\n<div class=\"wp-block-file aligncenter\"><object class=\"wp-block-file__embed\" data=\"https:\/\/agrilink2020.eu\/wp-content\/uploads\/2021\/06\/D2.2_SP.GDPR_.pdf\" type=\"application\/pdf\" style=\"width:100%;height:600px\" aria-label=\"Incorporamento di Embed of D2.2_SP.GDPR..\"><\/object><a id=\"wp-block-file--media-43fc10f8-af6f-4b60-baeb-6b238dffdc28\" href=\"https:\/\/agrilink2020.eu\/wp-content\/uploads\/2021\/06\/D2.2_SP.GDPR_.pdf\">D2.2_SP.GDPR<\/a><a href=\"https:\/\/agrilink2020.eu\/wp-content\/uploads\/2021\/06\/D2.2_SP.GDPR_.pdf\" class=\"wp-block-file__button\" download=\"\" aria-describedby=\"wp-block-file--media-43fc10f8-af6f-4b60-baeb-6b238dffdc28\">Download<\/a><\/div>\n\n<hr class=\"wp-block-separator\"\/>\n\n<h2>Partner e referente<\/h2>\n\n<figure class=\"wp-block-image size-full\"><img decoding=\"async\" loading=\"lazy\" width=\"300\" height=\"63\" src=\"https:\/\/agrilink2020.eu\/wp-content\/uploads\/2021\/11\/INTIA_large.png\" alt=\"\" class=\"wp-image-588\"\/><\/figure>\n\n<h2>INTIA<\/h2>\n\n<p>Noelia Telletxea, <a href=\"mailto:ntelletxea@intiasa.es\">ntelletxea@intiasa.es<\/a><\/p>\n\n<hr class=\"wp-block-separator\"\/>\n\n<h2>Lezioni apprese<\/h2>\n\n<ol><li>Sono necessarie migliori strutture di sostegno per promuovere forme innovative di commercializzazione diretta in Navarra e il consumo di pi\u00f9 prodotti locali. Questo include le filiere corte per la ristorazione pubblica (specialmente nelle mense scolastiche) e la creazione di un marchio che definisca meglio l&#8217;identit\u00e0 dei prodotti locali (essenziale per la pubblicit\u00e0 dei prodotti locali). <\/li><li>La vendita diretta combina i valori agro-ecologici con gli interessi produttivi ed economici. Questa \u00e8 una considerazione importante per molte aziende agricole familiari, ma significativamente meno importante per entit\u00e0 commerciali pi\u00f9 grandi. <\/li><li>La non adozione del marketing diretto \u00e8 spesso dovuta al maggior carico di lavoro associato alla trasformazione, vendita e distribuzione dei prodotti locali.<\/li><\/ol>\n","protected":false},"excerpt":{"rendered":"<p>Regione Navarra \u00e8 una regione agricola diversificata situata nel nord della Spagna al confine con la Francia. L&#8217;orticoltura domina nel centro e nel sud della regione ed \u00e8 fortemente legata all&#8217;industria di trasformazione agroalimentare. I bovini e gli ovini predominano nel nord, compresa la produzione di due tipi tradizionali di formaggio con &#8220;denominazioni d&#8217;origine&#8221; registrate. &hellip; <a href=\"https:\/\/www.agrilink2020.eu\/it\/ricercatori\/la-situazione-del-marketing-diretto\">Continued<\/a><\/p>\n","protected":false},"author":2,"featured_media":7308,"comment_status":"open","ping_status":"open","sticky":false,"template":"","format":"standard","meta":[],"categories":[139,140,165,167],"tags":[474],"region":[407],"country":[408],"work_package":[238],"keyword":[322,274],"_links":{"self":[{"href":"https:\/\/www.agrilink2020.eu\/it\/wp-json\/wp\/v2\/posts\/8873"}],"collection":[{"href":"https:\/\/www.agrilink2020.eu\/it\/wp-json\/wp\/v2\/posts"}],"about":[{"href":"https:\/\/www.agrilink2020.eu\/it\/wp-json\/wp\/v2\/types\/post"}],"author":[{"embeddable":true,"href":"https:\/\/www.agrilink2020.eu\/it\/wp-json\/wp\/v2\/users\/2"}],"replies":[{"embeddable":true,"href":"https:\/\/www.agrilink2020.eu\/it\/wp-json\/wp\/v2\/comments?post=8873"}],"version-history":[{"count":1,"href":"https:\/\/www.agrilink2020.eu\/it\/wp-json\/wp\/v2\/posts\/8873\/revisions"}],"predecessor-version":[{"id":8874,"href":"https:\/\/www.agrilink2020.eu\/it\/wp-json\/wp\/v2\/posts\/8873\/revisions\/8874"}],"wp:featuredmedia":[{"embeddable":true,"href":"https:\/\/www.agrilink2020.eu\/it\/wp-json\/wp\/v2\/media\/7308"}],"wp:attachment":[{"href":"https:\/\/www.agrilink2020.eu\/it\/wp-json\/wp\/v2\/media?parent=8873"}],"wp:term":[{"taxonomy":"category","embeddable":true,"href":"https:\/\/www.agrilink2020.eu\/it\/wp-json\/wp\/v2\/categories?post=8873"},{"taxonomy":"post_tag","embeddable":true,"href":"https:\/\/www.agrilink2020.eu\/it\/wp-json\/wp\/v2\/tags?post=8873"},{"taxonomy":"region","embeddable":true,"href":"https:\/\/www.agrilink2020.eu\/it\/wp-json\/wp\/v2\/region?post=8873"},{"taxonomy":"country","embeddable":true,"href":"https:\/\/www.agrilink2020.eu\/it\/wp-json\/wp\/v2\/country?post=8873"},{"taxonomy":"work_package","embeddable":true,"href":"https:\/\/www.agrilink2020.eu\/it\/wp-json\/wp\/v2\/work_package?post=8873"},{"taxonomy":"keyword","embeddable":true,"href":"https:\/\/www.agrilink2020.eu\/it\/wp-json\/wp\/v2\/keyword?post=8873"}],"curies":[{"name":"wp","href":"https:\/\/api.w.org\/{rel}","templated":true}]}}