{"id":6121,"date":"2021-11-11T14:21:40","date_gmt":"2021-11-11T14:21:40","guid":{"rendered":"https:\/\/legacy.agrilink2020.eu\/uncategorized-no\/living-lab-avlingsskifte-mellom-garder-utvikle-innovasjonsstottetjenester-og-verktoy"},"modified":"2023-04-07T10:34:57","modified_gmt":"2023-04-07T10:34:57","slug":"living-lab-avlingsskifte-mellom-garder-utvikle-innovasjonsstottetjenester-og-verktoy","status":"publish","type":"post","link":"https:\/\/www.agrilink2020.eu\/no\/forskere\/living-lab-avlingsskifte-mellom-garder-utvikle-innovasjonsstottetjenester-og-verktoy","title":{"rendered":"Living Lab: Vekstskifte mellom g\u00e5rder: Utvikle innovasjonsst\u00f8ttetjenester og verkt\u00f8y"},"content":{"rendered":"\n<h2 id=\"trondelag-county-norway\">Tr\u00f8ndelag fylke, Norge<\/h2>\n\n<p>M\u00e5let med en norsk Living Lab var \u00e5 st\u00f8tte utviklingen av r\u00e5dgivningsmetoder og verkt\u00f8y som st\u00f8tter samarbeid mellom b\u00f8nder for \u00e5 etablere mer varierte vekstskifter \u2013 b\u00e5de p\u00e5 individuelle g\u00e5rder og \u00abdelt\u00bb mellom g\u00e5rder \u2013 ved \u00e5 inkludere mer varierte kombinasjoner av ulike typer kornvekster. , midlertidig (s\u00e5dd) grasmark, poteter og\/eller gr\u00f8nnsaker.<\/p>\n\n<figure class=\"wp-block-image is-style-default\"><img decoding=\"async\" src=\"https:\/\/www.agrilink2020.eu\/wp-content\/uploads\/2020\/04\/Norway.2-e1587023076382.jpg\" alt=\"\"\/><\/figure>\n\n<h2 id=\"context-theme-and-target-group\">Kontekst, tema og m\u00e5lgruppe<\/h2>\n\n<figure class=\"wp-block-table\"><table><tbody><tr><td>Living Lab ble integrert som en del av et vekstskifteprosjekt organisert av Norsk Landbruksr\u00e5dgiving Tr\u00f8ndelag (et bondeeid samvirke). R\u00e5dgivere fra samvirket, pluss b\u00f8nder i regionen, var hovedm\u00e5lgruppene. <\/td><\/tr><tr><td>Tr\u00f8ndelag fylke ligger i Midt-Norge og er en av de tre viktigste regionene for landbruket i landet med til sammen 5600 g\u00e5rder. Meieridrift og kornproduksjon er de vanligste jordbruksaktivitetene. En betydelig andel (31 %) av \u00e5kerjorda i fylket brukes til kornproduksjon med spesialisert vekstskifte som typisk inkluderer 85 % bygg, 10 % havre og 5 % hvete. Sm\u00e5 arealer med dyrkbar jord brukes ogs\u00e5 til poteter og gr\u00f8nnsaker.   <\/td><\/tr><\/tbody><\/table><\/figure>\n\n<figure class=\"is-layout-flex wp-block-gallery-1 wp-block-gallery has-nested-images columns-default is-cropped\">\n<figure class=\"wp-block-image size-large\"><img decoding=\"async\" loading=\"lazy\" width=\"694\" height=\"925\" data-id=\"622\"  src=\"https:\/\/agrilink.staging.nvt.agency\/wp-content\/uploads\/2021\/11\/Norway.4.jpg\" alt=\"\" class=\"wp-image-622\" srcset=\"https:\/\/www.agrilink2020.eu\/wp-content\/uploads\/2021\/11\/Norway.4.jpg 694w, https:\/\/www.agrilink2020.eu\/wp-content\/uploads\/2021\/11\/Norway.4-225x300.jpg 225w\" sizes=\"(max-width: 694px) 100vw, 694px\" \/><\/figure>\n\n\n\n<figure class=\"wp-block-image size-large\"><img decoding=\"async\" loading=\"lazy\" width=\"1024\" height=\"825\" data-id=\"620\"  src=\"https:\/\/agrilink.staging.nvt.agency\/wp-content\/uploads\/2021\/11\/Norway.1-1024x825.jpg\" alt=\"\" class=\"wp-image-620\" srcset=\"https:\/\/www.agrilink2020.eu\/wp-content\/uploads\/2021\/11\/Norway.1-1024x825.jpg 1024w, https:\/\/www.agrilink2020.eu\/wp-content\/uploads\/2021\/11\/Norway.1-300x242.jpg 300w, https:\/\/www.agrilink2020.eu\/wp-content\/uploads\/2021\/11\/Norway.1-768x619.jpg 768w, https:\/\/www.agrilink2020.eu\/wp-content\/uploads\/2021\/11\/Norway.1-1536x1238.jpg 1536w, https:\/\/www.agrilink2020.eu\/wp-content\/uploads\/2021\/11\/Norway.1.jpg 1645w\" sizes=\"(max-width: 1024px) 100vw, 1024px\" \/><\/figure>\n\n\n\n<figure class=\"wp-block-image size-large\"><img decoding=\"async\" loading=\"lazy\" width=\"1024\" height=\"768\" data-id=\"621\"  src=\"https:\/\/agrilink.staging.nvt.agency\/wp-content\/uploads\/2021\/11\/Norway.3-1024x768.jpg\" alt=\"\" class=\"wp-image-621\" srcset=\"https:\/\/www.agrilink2020.eu\/wp-content\/uploads\/2021\/11\/Norway.3-1024x768.jpg 1024w, https:\/\/www.agrilink2020.eu\/wp-content\/uploads\/2021\/11\/Norway.3-300x225.jpg 300w, https:\/\/www.agrilink2020.eu\/wp-content\/uploads\/2021\/11\/Norway.3-768x576.jpg 768w, https:\/\/www.agrilink2020.eu\/wp-content\/uploads\/2021\/11\/Norway.3.jpg 1315w\" sizes=\"(max-width: 1024px) 100vw, 1024px\" \/><\/figure>\n<figcaption class=\"blocks-gallery-caption wp-element-caption\"><br><\/figcaption><\/figure>\n\n<figure class=\"wp-block-table\"><table><tbody><tr><td>Produksjoner p\u00e5 enkeltbruk i regionen har hatt en tendens til \u00e5 bli sv\u00e6rt spesialiserte og er i noen tilfeller enkle monokulturer. Mer mangfoldig vekstskifte er n\u00f8dvendig for \u00e5 a) forbedre jords fruktbarhet, plantehelse og avlinger; b) redusere behovet for gj\u00f8dsel og plantevernmidler (og dermed kostnader), og; c) f\u00f8lgelig gi \u00f8konomisk fordel for b\u00f8ndene. Et alternativ for \u00e5 innf\u00f8re tilleggsvekster i rotasjon er samarbeid mellom nabog\u00e5rder, spesielt der naboene er spesialisert p\u00e5 komplement\u00e6re vekster.      <\/td><\/tr><tr><td>For eksempel kan en \u00e5kerbruker som har spesialisert seg p\u00e5 dyrking av bygg og poteter som l\u00e5 ved siden av en melkeg\u00e5rd introdusere en avling av gress til ensilasje i sin rotasjon mens naboen s\u00e5dde bygg eller poteter i en eller flere av sine gressfelt i l\u00f8pet av samme periode. <\/td><\/tr><\/tbody><\/table><\/figure>\n\n<h2 id=\"partner-and-responsible-person-contact\">Partner og ansvarlig person kontakt<\/h2>\n<div class=\"block2-partner\">\n\n        <div class=\"block2-content\">\n            <h3 class=\"block2-title text-h3\">Ruralis<\/h3>\n\n                                                <div class=\"block2-contact-item\">\n                        <span class=\"block2-name\">\n                            Egil Petter Str\u00e6te,                        <\/span>\n                        <a class=\"block2-email\" href=\"mailto:egil.petter.strate@ruralis.no\">\n                            egil.petter.strate@ruralis.no                        <\/a>\n                    <\/div>\n                                    <div class=\"block2-contact-item\">\n                        <span class=\"block2-name\">\n                            Gunn-Turid Kvam,                        <\/span>\n                        <a class=\"block2-email\" href=\"mailto:gunn.turid.kvam@ruralis.no\">\n                            gunn.turid.kvam@ruralis.no                        <\/a>\n                    <\/div>\n                            \n            <div class=\"block2-description\">Ruralis jobber sammen med Norsk Landbruksr\u00e5dgiving Tr\u00f8ndelag (Astrid Johansen, astrid.johansen@nlr.no)<\/div>\n        <\/div>\n\n\n        <div class=\"block2-logo-wrapper\">\n            <div class=\"block2-logo\">\n                <img width=\"200\" height=\"49\" src=\"https:\/\/www.agrilink2020.eu\/wp-content\/uploads\/2021\/11\/ruralis-logo-hor-en_medium.png\" class=\"attachment-full size-full\" alt=\"\" decoding=\"async\" loading=\"lazy\" \/>            <\/div>\n            <a class=\"block-link text-detail\" href=\"www.ruralis.no\">\n                www.ruralis.no            <\/a>\n        <\/div>\n\n<\/div>\n\n<h2 id=\"the-living-lab-story\">The Living Lab-historien<\/h2>\n\n<p>Living Lab startet h\u00f8sten 2017. De f\u00f8rste aktivitetene til Living Lab fokuserte p\u00e5 \u00e5 etablere kommunikasjon, bygge tillit og organisere arbeidsrutiner med vekstskifteprosjektet som Living Lab ble integrert med.  <\/p>\n\n<figure class=\"is-layout-flex wp-block-gallery-3 wp-block-gallery has-nested-images columns-default is-cropped\">\n<figure class=\"wp-block-image size-large\"><img decoding=\"async\" loading=\"lazy\" width=\"1024\" height=\"576\" data-id=\"580\"  src=\"https:\/\/agrilink.staging.nvt.agency\/wp-content\/uploads\/2021\/11\/AgriLink.Living.Lab_.Norway.3-1024x576.jpg\" alt=\"\" class=\"wp-image-580\" srcset=\"https:\/\/www.agrilink2020.eu\/wp-content\/uploads\/2021\/11\/AgriLink.Living.Lab_.Norway.3-1024x576.jpg 1024w, https:\/\/www.agrilink2020.eu\/wp-content\/uploads\/2021\/11\/AgriLink.Living.Lab_.Norway.3-300x169.jpg 300w, https:\/\/www.agrilink2020.eu\/wp-content\/uploads\/2021\/11\/AgriLink.Living.Lab_.Norway.3-768x432.jpg 768w, https:\/\/www.agrilink2020.eu\/wp-content\/uploads\/2021\/11\/AgriLink.Living.Lab_.Norway.3-1536x864.jpg 1536w, https:\/\/www.agrilink2020.eu\/wp-content\/uploads\/2021\/11\/AgriLink.Living.Lab_.Norway.3.jpg 1645w\" sizes=\"(max-width: 1024px) 100vw, 1024px\" \/><\/figure>\n\n\n\n<figure class=\"wp-block-image size-large\"><img decoding=\"async\" loading=\"lazy\" width=\"1024\" height=\"576\" data-id=\"579\"  src=\"https:\/\/agrilink.staging.nvt.agency\/wp-content\/uploads\/2021\/11\/AgriLink.Living.Lab_.Norway.2-1024x576.jpg\" alt=\"\" class=\"wp-image-579\" srcset=\"https:\/\/www.agrilink2020.eu\/wp-content\/uploads\/2021\/11\/AgriLink.Living.Lab_.Norway.2-1024x576.jpg 1024w, https:\/\/www.agrilink2020.eu\/wp-content\/uploads\/2021\/11\/AgriLink.Living.Lab_.Norway.2-300x169.jpg 300w, https:\/\/www.agrilink2020.eu\/wp-content\/uploads\/2021\/11\/AgriLink.Living.Lab_.Norway.2-768x432.jpg 768w, https:\/\/www.agrilink2020.eu\/wp-content\/uploads\/2021\/11\/AgriLink.Living.Lab_.Norway.2-1536x864.jpg 1536w, https:\/\/www.agrilink2020.eu\/wp-content\/uploads\/2021\/11\/AgriLink.Living.Lab_.Norway.2.jpg 1645w\" sizes=\"(max-width: 1024px) 100vw, 1024px\" \/><\/figure>\n\n\n\n<figure class=\"wp-block-image size-large\"><img decoding=\"async\" loading=\"lazy\" width=\"1024\" height=\"768\" data-id=\"623\"  src=\"https:\/\/agrilink.staging.nvt.agency\/wp-content\/uploads\/2021\/11\/Norway.5-1024x768.jpg\" alt=\"\" class=\"wp-image-623\" srcset=\"https:\/\/www.agrilink2020.eu\/wp-content\/uploads\/2021\/11\/Norway.5-1024x768.jpg 1024w, https:\/\/www.agrilink2020.eu\/wp-content\/uploads\/2021\/11\/Norway.5-300x225.jpg 300w, https:\/\/www.agrilink2020.eu\/wp-content\/uploads\/2021\/11\/Norway.5-768x576.jpg 768w, https:\/\/www.agrilink2020.eu\/wp-content\/uploads\/2021\/11\/Norway.5-1536x1152.jpg 1536w, https:\/\/www.agrilink2020.eu\/wp-content\/uploads\/2021\/11\/Norway.5-2048x1536.jpg 2048w\" sizes=\"(max-width: 1024px) 100vw, 1024px\" \/><\/figure>\n<figcaption class=\"blocks-gallery-caption wp-element-caption\"><br><\/figcaption><\/figure>\n\n<figure class=\"wp-block-table\"><table><tbody><tr><td>Tre hoveddialoger ble utviklet mellom de deltakende b\u00f8ndene, r\u00e5dgiverne og forskerne: Den f\u00f8rste dialogen var mellom r\u00e5dgivere og b\u00f8nder. R\u00e5dgivere kontaktet grupper av b\u00f8nder med erfaring i vekstskifte med sikte p\u00e5 \u00e5 l\u00e6re av dem. Den andre dialogen var mellom forskere og b\u00f8nder. Under personlige intervjuer og fokusgrupper l\u00e6rte forskerne om de mest hensiktsmessige betingelsene for \u00e5 samarbeide med b\u00f8ndene og diskuterte potensielle elementer i en ny r\u00e5dgivningstjeneste. Den tredje dialogen var mellom r\u00e5dgivere og forskere under m\u00f8ter for \u00e5 a) dele kunnskap og erfaringer fra dialogene de hadde med b\u00f8ndene; b) reflektere over disse erfaringene, og; c) diskutere ideer og konsepter for en ny g\u00e5rdsr\u00e5dgivningstjeneste.       <\/td><\/tr><tr><td>Dessverre ble samskapingselementet til Living Lab forsinket og ikke fullstendig fullf\u00f8rt. Dette skyldtes en rekke faktorer: Vekstskifteprosjektet gjennomgikk en omorganisering med nytt eierskap, ny prosjektleder og reduksjon av budsjett og aktiviteter. Dette p\u00e5virket ogs\u00e5 Living Lab. Den generelle mangelen p\u00e5 kunnskap og erfaring med Living Lab-metodikken begrenset fremdriften med implementeringen. Living Lab startet godt og det ble tatt tilstrekkelig tid for alle deltakerne til \u00e5 bli kjent med hverandre og utvikle n\u00f8dvendig \u00e5penhet og tillit. Imidlertid stoppet Covid-19-restriksjonene fra mars 2020 laboratoriet f\u00f8r samskapingsprosessen kunne fullf\u00f8res.    <\/td><\/tr><\/tbody><\/table><\/figure>\n\n<h2 id=\"lessons-learned\">L\u00e6rdom<\/h2>\n\n<figure class=\"wp-block-table\"><table><tbody><tr><td><strong>Eksistensen av et problem eller mulighet<\/strong><br\/>Deltakere i en Living Lab m\u00e5 erkjenne at noe er et problem eller at det finnes en mulighet til \u00e5 utnytte. Uten en slik anerkjennelse er det ikke grunnlag for \u00e5 etablere et Living Lab og ingen motivasjon til \u00e5 engasjere seg i det. <\/td><\/tr><tr><td><strong>Partnerskap og samarbeid<\/strong><br\/>Deltakere i en Living Lab m\u00e5 erkjenne at samarbeid mellom ulike partnere har potensial til \u00e5 utvikle en l\u00f8sning p\u00e5 et problem eller \u00e5 utnytte en mulighet. En Living Lab trenger ikke inneb\u00e6re et bredt samarbeid med mange deltakere, men i noen tilfeller vil det v\u00e6re n\u00f8dvendig. <\/td><\/tr><tr><td><strong>Motivasjon, engasjement og eierskap <\/strong><br\/>Deltakerne m\u00e5 ta eierskap til Living Lab-prosessen. Uten dette eierskapet er det vanskelig \u00e5 samarbeide og komme videre. En Living Lab m\u00e5 derfor v\u00e6re realistisk \u00e5 gjennomf\u00f8re og utformes\/administreres for \u00e5 m\u00f8te deltakernes reelle behov. Hvis motivasjonen mangler kan det v\u00e6re n\u00f8dvendig \u00e5 tilpasse Living Lab og fokusere p\u00e5 mer relevante behov. Finansieringen b\u00f8r ideelt sett v\u00e6re p\u00e5 plass f\u00f8r oppstart slik at deltakerne vet at de har et budsjett. Alle aktiviteter som forventes \u00e5 bli st\u00f8ttet av dette budsjettet b\u00f8r v\u00e6re godt definert.    <\/td><\/tr><tr><td><strong>Tilrettelegging og samarbeid<\/strong><br\/>Living Lab trenger st\u00f8tte fra en tilrettelegger med n\u00f8dvendig kompetanse og selvstendighet for \u00e5 bist\u00e5 deltakerne, ogs\u00e5 de som har tatt eierskap til arbeidet og\/eller ansvaret for \u00e5 lede prosessen. Gjensidig tillit er avgj\u00f8rende for effektivt samarbeid med en tilrettelegger.  <\/td><\/tr><tr><td><strong>R\u00e5dgivningstjeneste<\/strong><br\/>\u00c5 etablere en r\u00e5dgivningstjeneste for \u00e5 st\u00f8tte samarbeid mellom b\u00f8nder for \u00e5 etablere flere \u00abdelte\u00bb vekstskifter mellom g\u00e5rdsbruk var komplekst og krevende. R\u00e5dgivere krevde a) tverrfaglig teknisk kunnskap om de forskjellige vekstskiftesystemene de var med p\u00e5 \u00e5 utvikle; b) ferdigheter og erfaring til \u00e5 etablere og drive grupper\u00e5dgivningsaktiviteter, og; c) spesifikk kompetanse og verkt\u00f8y for \u00e5 legge til rette for samskapingsprosesser.     <\/td><\/tr><\/tbody><\/table><\/figure>\n\n<hr class=\"wp-block-separator has-css-opacity\"\/>\n\n<p><strong>More info about the Norway Living Lab<\/strong> (in English)<\/p>\n\n<p><a href=\"https:\/\/www.agrilink2020.eu\/wp-content\/uploads\/2022\/03\/PA7-Crop-rotation-between-farms-in-Norway-Developing-innovation-support-services-and-tools-through-Living-Lab_RUR.pdf\"><strong>Practice Abstract 7 \u2013 Crop rotation between farms in Norway: Developing innovation support services and tools through Living Lab (RURALIS)<\/strong><\/a><\/p>\n\n<p><a href=\"https:\/\/www.agrilink2020.eu\/wp-content\/uploads\/2022\/03\/PA44-How-to-make-a-Living-Lab-work-in-an-agricultural-advisory-service.pdf\"><strong>Practice Abstract 44 \u2013 How to make a Living Lab work in an agricultural advisory service<\/strong><\/a><\/p>\n\n<p><a href=\"https:\/\/www.agrilink2020.eu\/wp-content\/uploads\/2022\/03\/PA50-Factors-delaying-co-creation-and-progress-of-a-Living-Lab.pdf\"><strong>Practice Abstract 50 \u2013 Factors delaying co-creation and progress of a Living Lab<\/strong><\/a><\/p>\n\n<p>Info on Ruralis website:<\/p>\n\n<ul>\n<li><a href=\"https:\/\/ruralis.no\/en\/2018\/03\/06\/living-lab\/\">https:\/\/ruralis.no\/en\/2018\/03\/06\/living-lab\/<\/a><\/li>\n\n\n\n<li><a href=\"https:\/\/ruralis.no\/en\/2017\/01\/13\/new-eu-project-will-contribute-to-increased-knowledge-and-better-farm-advice-in-european-agriculture\/\">https:\/\/ruralis.no\/en\/2017\/01\/13\/new-eu-project-will-contribute-to-increased-knowledge-and-better-farm-advice-in-european-agriculture\/<\/a><\/li>\n<\/ul>\n\n<p>Blog post on AgriLink website:<\/p>\n\n<ul>\n<li><a href=\"https:\/\/old.agrilink2020.eu\/news-mobilizing-farmers-for-crop-rotation-in-norwegian-living-lab\/\">https:\/\/old.agrilink2020.eu\/news-mobilizing-farmers-for-crop-rotation-in-norwegian-living-lab\/<\/a><\/li>\n<\/ul>\n","protected":false},"excerpt":{"rendered":"<p>Tr\u00f8ndelag fylke, Norge M\u00e5let med en norsk Living Lab var \u00e5 st\u00f8tte utviklingen av r\u00e5dgivningsmetoder og verkt\u00f8y som st\u00f8tter samarbeid mellom b\u00f8nder for \u00e5 etablere mer varierte vekstskifter \u2013 b\u00e5de p\u00e5 individuelle g\u00e5rder og \u00abdelt\u00bb mellom g\u00e5rder \u2013 ved \u00e5 inkludere mer varierte kombinasjoner av ulike typer kornvekster. , midlertidig (s\u00e5dd) grasmark, poteter og\/eller gr\u00f8nnsaker. &hellip; <a href=\"https:\/\/www.agrilink2020.eu\/no\/forskere\/living-lab-avlingsskifte-mellom-garder-utvikle-innovasjonsstottetjenester-og-verktoy\">Continued<\/a><\/p>\n","protected":false},"author":2,"featured_media":4102,"comment_status":"open","ping_status":"open","sticky":false,"template":"","format":"standard","meta":[],"categories":[127,128,157,158,159],"tags":[197],"region":[508],"country":[339],"work_package":[243],"keyword":[303,306],"_links":{"self":[{"href":"https:\/\/www.agrilink2020.eu\/no\/wp-json\/wp\/v2\/posts\/6121"}],"collection":[{"href":"https:\/\/www.agrilink2020.eu\/no\/wp-json\/wp\/v2\/posts"}],"about":[{"href":"https:\/\/www.agrilink2020.eu\/no\/wp-json\/wp\/v2\/types\/post"}],"author":[{"embeddable":true,"href":"https:\/\/www.agrilink2020.eu\/no\/wp-json\/wp\/v2\/users\/2"}],"replies":[{"embeddable":true,"href":"https:\/\/www.agrilink2020.eu\/no\/wp-json\/wp\/v2\/comments?post=6121"}],"version-history":[{"count":10,"href":"https:\/\/www.agrilink2020.eu\/no\/wp-json\/wp\/v2\/posts\/6121\/revisions"}],"predecessor-version":[{"id":10470,"href":"https:\/\/www.agrilink2020.eu\/no\/wp-json\/wp\/v2\/posts\/6121\/revisions\/10470"}],"wp:featuredmedia":[{"embeddable":true,"href":"https:\/\/www.agrilink2020.eu\/no\/wp-json\/wp\/v2\/media\/4102"}],"wp:attachment":[{"href":"https:\/\/www.agrilink2020.eu\/no\/wp-json\/wp\/v2\/media?parent=6121"}],"wp:term":[{"taxonomy":"category","embeddable":true,"href":"https:\/\/www.agrilink2020.eu\/no\/wp-json\/wp\/v2\/categories?post=6121"},{"taxonomy":"post_tag","embeddable":true,"href":"https:\/\/www.agrilink2020.eu\/no\/wp-json\/wp\/v2\/tags?post=6121"},{"taxonomy":"region","embeddable":true,"href":"https:\/\/www.agrilink2020.eu\/no\/wp-json\/wp\/v2\/region?post=6121"},{"taxonomy":"country","embeddable":true,"href":"https:\/\/www.agrilink2020.eu\/no\/wp-json\/wp\/v2\/country?post=6121"},{"taxonomy":"work_package","embeddable":true,"href":"https:\/\/www.agrilink2020.eu\/no\/wp-json\/wp\/v2\/work_package?post=6121"},{"taxonomy":"keyword","embeddable":true,"href":"https:\/\/www.agrilink2020.eu\/no\/wp-json\/wp\/v2\/keyword?post=6121"}],"curies":[{"name":"wp","href":"https:\/\/api.w.org\/{rel}","templated":true}]}}