{"id":10237,"date":"2022-04-17T14:54:47","date_gmt":"2022-04-17T14:54:47","guid":{"rendered":"https:\/\/www.agrilink2020.eu\/bez-kategorii\/zasoby-naturalne-i-wspolne-zarzadzanie"},"modified":"2022-08-03T19:48:35","modified_gmt":"2022-08-03T19:48:35","slug":"zasoby-naturalne-i-wspolne-zarzadzanie","status":"publish","type":"post","link":"https:\/\/www.agrilink2020.eu\/pl\/naukowcy\/zasoby-naturalne-i-wspolne-zarzadzanie","title":{"rendered":"Zasoby naturalne i wsp\u00f3lne zarz\u0105dzanie"},"content":{"rendered":"\n<h2>Region<\/h2>\n\n<p>Siedleckie jest wa\u017cnym regionem rolniczym w Polsce z du\u017cymi obszarami produktywnych grunt\u00f3w rolnych ze wzgl\u0119du na korzystne warunki glebowe i klimatyczne. Region jest g\u0142\u00f3wnym producentem upraw polowych (zb\u00f3\u017c, ziemniak\u00f3w, grochu i fasoli) oraz owoc\u00f3w (malin, porzeczek, truskawek i jab\u0142ek). Posiada r\u00f3wnie\u017c du\u017c\u0105 koncentracj\u0119 obszar\u00f3w Natura 2000, kt\u00f3re s\u0105 wa\u017cne dla ochrony cennych siedlisk przyrodniczych i gatunk\u00f3w.<\/p>\n\n<div class=\"wp-block-image\"><figure class=\"aligncenter size-full\"><img decoding=\"async\" loading=\"lazy\" width=\"808\" height=\"598\" src=\"https:\/\/agrilink2020.eu\/wp-content\/uploads\/2022\/04\/Common_final.jpeg\" alt=\"\" class=\"wp-image-7495\" srcset=\"https:\/\/www.agrilink2020.eu\/wp-content\/uploads\/2022\/04\/Common_final.jpeg 808w, https:\/\/www.agrilink2020.eu\/wp-content\/uploads\/2022\/04\/Common_final-300x222.jpeg 300w, https:\/\/www.agrilink2020.eu\/wp-content\/uploads\/2022\/04\/Common_final-768x568.jpeg 768w\" sizes=\"(max-width: 808px) 100vw, 808px\" \/><figcaption>Mapa regionu<\/figcaption><\/figure><\/div>\n\n<h2>Punkt ci\u0119\u017cko\u015bci bada\u0144<\/h2>\n\n<p>R\u00f3\u017cnorodno\u015b\u0107 biologiczna ma podstawowe znaczenie dla funkcjonalno\u015bci, stabilno\u015bci i produktywno\u015bci wszystkich ekosystem\u00f3w. R\u00f3\u017cnorodno\u015b\u0107 biologiczna jest niezb\u0119dna dla utrzymania dobrobytu cz\u0142owieka oraz przysz\u0142ego rozwoju gospodarczego i spo\u0142ecznego. Produkcja rolna musi by\u0107 w pe\u0142nej harmonii z natur\u0105.<\/p>\n\n<div class=\"wp-block-image\"><figure class=\"aligncenter size-full\"><img decoding=\"async\" loading=\"lazy\" width=\"1024\" height=\"768\" src=\"https:\/\/agrilink2020.eu\/wp-content\/uploads\/2022\/04\/COMM-3-1024x768-1.jpeg\" alt=\"\" class=\"wp-image-7515\" srcset=\"https:\/\/www.agrilink2020.eu\/wp-content\/uploads\/2022\/04\/COMM-3-1024x768-1.jpeg 1024w, https:\/\/www.agrilink2020.eu\/wp-content\/uploads\/2022\/04\/COMM-3-1024x768-1-300x225.jpeg 300w, https:\/\/www.agrilink2020.eu\/wp-content\/uploads\/2022\/04\/COMM-3-1024x768-1-768x576.jpeg 768w\" sizes=\"(max-width: 1024px) 100vw, 1024px\" \/><\/figure><\/div>\n\n<p>Ochrona ekosystem\u00f3w jest wa\u017cnym i wymagaj\u0105cym zadaniem dla rolnik\u00f3w. Ograniczenie zagro\u017ce\u0144 dla r\u00f3\u017cnorodno\u015bci biologicznej ze strony rolnictwa jest jednym z najwi\u0119kszych wyzwa\u0144 dla decydent\u00f3w w Polsce oraz na poziomie europejskim i globalnym.<\/p>\n\n<p>Zapobieganie degradacji krajobrazu wiejskiego i utrzymanie jego funkcji ekologicznych przy jednoczesnej optymalizacji produktywno\u015bci dla produkcji \u017cywno\u015bci wymaga wielu dzia\u0142a\u0144 politycznych. Obejmuj\u0105 one kszta\u0142towanie struktury przestrzennej krajobrazu oraz promowanie stosowania odpowiednich praktyk rolniczych.<\/p>\n\n<p>Prawid\u0142owo ukszta\u0142towany krajobraz wiejski powinien integrowa\u0107 grunty rolne z elementami infrastruktury ekologicznej, takimi jak p\u0142aty le\u015bne, pasy \u015br\u00f3dpolne, ma\u0142e i \u015brednie siedliska przyrodnicze i p\u00f3\u0142naturalne, korytarze ekologiczne, strefy buforowe, rowy, stawy itp. Liczba i rozmieszczenie tych element\u00f3w krajobrazu powinny zapewni\u0107 r\u00f3\u017cnorodno\u015b\u0107 ekologiczn\u0105 w strukturze krajobrazu. Przy odpowiednio ukszta\u0142towanej sieci ekosystem\u00f3w p\u00f3\u0142naturalnych, taki krajobraz jest podstaw\u0105 optymalizacji gospodarki rolnej. Takie podej\u015bcie wymaga jednak wiedzy i rolnicy potrzebuj\u0105 wsparcia w postaci wielu form nowych informacji i umiej\u0119tno\u015bci.<\/p>\n\n<p>Pe\u0142ny raport (w j\u0119zyku angielskim) znajduje si\u0119 tutaj<\/p>\n\n<div class=\"wp-block-file\"><object class=\"wp-block-file__embed\" data=\"https:\/\/agrilink2020.eu\/wp-content\/uploads\/2021\/06\/D2.2_PL.GDPR_.pdf\" type=\"application\/pdf\" style=\"width:100%;height:600px\" aria-label=\"Osadzone z Embed of D2.2_PL.GDPR..\"><\/object><a id=\"wp-block-file--media-d10c3fb3-c363-416c-a096-f62ba2a55a7c\" href=\"https:\/\/agrilink2020.eu\/wp-content\/uploads\/2021\/06\/D2.2_PL.GDPR_.pdf\">D2.2_PL.GDPR<\/a><a href=\"https:\/\/agrilink2020.eu\/wp-content\/uploads\/2021\/06\/D2.2_PL.GDPR_.pdf\" class=\"wp-block-file__button\" download=\"\" aria-describedby=\"wp-block-file--media-d10c3fb3-c363-416c-a096-f62ba2a55a7c\">Download<\/a><\/div>\n\n<hr class=\"wp-block-separator\"\/>\n\n<h2>Partner i osoba kontaktowa<\/h2>\n\n<div class=\"wp-block-image\"><figure class=\"aligncenter size-full\"><img decoding=\"async\" loading=\"lazy\" width=\"80\" height=\"73\" src=\"https:\/\/agrilink2020.eu\/wp-content\/uploads\/2021\/06\/d9a2021af92b7403b37c51e7be2f1da8.png\" alt=\"\" class=\"wp-image-250\"\/><\/figure><\/div>\n\n<h2>Centrum Doradztwa Rolniczego (AAC)<\/h2>\n\n<p>Mateusz Sekowski, <a href=\"mailto:m.sekowski@cdr.gov.pl\">m.sekowski@cdr.gov.pl<\/a><\/p>\n\n<hr class=\"wp-block-separator\"\/>\n\n<h2>Zdobyta wiedza<\/h2>\n\n<ol><li>Rola doradc\u00f3w rolnych w regionie Siedleckim jest znacz\u0105ca. Doradcy z sektora publicznego wsp\u00f3\u0142pracuj\u0105cy z rolnikami na poziomie regionalnym odgrywaj\u0105 wa\u017cn\u0105 rol\u0119 w doradztwie w zakresie wszelkich form innowacji. Regularne (jednoosobowe lub zbiorowe) spotkania z doradcami pomagaj\u0105 usprawni\u0107 podejmowanie przez rolnik\u00f3w decyzji dotycz\u0105cych oceny innowacji do wprowadzenia w ich gospodarstwach. Zdecydowana wi\u0119kszo\u015b\u0107 interakcji rolnik-doradca ma miejsce podczas szkole\u0144 &#8222;jeden na jeden&#8221;, warsztat\u00f3w i seminari\u00f3w.<\/li><li>Doradcy publiczni s\u0105 g\u0142\u00f3wnymi podmiotami doradztwa dla wi\u0119kszo\u015bci rolnik\u00f3w w regionie. Wynika to z d\u0142ugiej historii doradztwa publicznego w regionie, zaufania w relacjach rolnik-doradca oraz wysokich kompetencji wykazywanych przez doradc\u00f3w w temacie innowacji.<\/li><li>Innym wa\u017cnym \u017ar\u00f3d\u0142em porad s\u0105 s\u0105siedni rolnicy (peer-to-peer knowledge exchange), zw\u0142aszcza ci, kt\u00f3rzy wsp\u00f3\u0142dzia\u0142aj\u0105 i cz\u0119sto wymieniaj\u0105 si\u0119 informacjami i pomys\u0142ami.<\/li><\/ol>\n\n<p><\/p>\n","protected":false},"excerpt":{"rendered":"<p>Region Siedleckie jest wa\u017cnym regionem rolniczym w Polsce z du\u017cymi obszarami produktywnych grunt\u00f3w rolnych ze wzgl\u0119du na korzystne warunki glebowe i klimatyczne. Region jest g\u0142\u00f3wnym producentem upraw polowych (zb\u00f3\u017c, ziemniak\u00f3w, grochu i fasoli) oraz owoc\u00f3w (malin, porzeczek, truskawek i jab\u0142ek). Posiada r\u00f3wnie\u017c du\u017c\u0105 koncentracj\u0119 obszar\u00f3w Natura 2000, kt\u00f3re s\u0105 wa\u017cne dla ochrony cennych siedlisk przyrodniczych &hellip; <a href=\"https:\/\/www.agrilink2020.eu\/pl\/naukowcy\/zasoby-naturalne-i-wspolne-zarzadzanie\">Continued<\/a><\/p>\n","protected":false},"author":2,"featured_media":7511,"comment_status":"open","ping_status":"open","sticky":false,"template":"","format":"standard","meta":[],"categories":[142,143,169,171],"tags":[478],"region":[784],"country":[567],"work_package":[239],"keyword":[326],"_links":{"self":[{"href":"https:\/\/www.agrilink2020.eu\/pl\/wp-json\/wp\/v2\/posts\/10237"}],"collection":[{"href":"https:\/\/www.agrilink2020.eu\/pl\/wp-json\/wp\/v2\/posts"}],"about":[{"href":"https:\/\/www.agrilink2020.eu\/pl\/wp-json\/wp\/v2\/types\/post"}],"author":[{"embeddable":true,"href":"https:\/\/www.agrilink2020.eu\/pl\/wp-json\/wp\/v2\/users\/2"}],"replies":[{"embeddable":true,"href":"https:\/\/www.agrilink2020.eu\/pl\/wp-json\/wp\/v2\/comments?post=10237"}],"version-history":[{"count":1,"href":"https:\/\/www.agrilink2020.eu\/pl\/wp-json\/wp\/v2\/posts\/10237\/revisions"}],"predecessor-version":[{"id":10238,"href":"https:\/\/www.agrilink2020.eu\/pl\/wp-json\/wp\/v2\/posts\/10237\/revisions\/10238"}],"wp:featuredmedia":[{"embeddable":true,"href":"https:\/\/www.agrilink2020.eu\/pl\/wp-json\/wp\/v2\/media\/7511"}],"wp:attachment":[{"href":"https:\/\/www.agrilink2020.eu\/pl\/wp-json\/wp\/v2\/media?parent=10237"}],"wp:term":[{"taxonomy":"category","embeddable":true,"href":"https:\/\/www.agrilink2020.eu\/pl\/wp-json\/wp\/v2\/categories?post=10237"},{"taxonomy":"post_tag","embeddable":true,"href":"https:\/\/www.agrilink2020.eu\/pl\/wp-json\/wp\/v2\/tags?post=10237"},{"taxonomy":"region","embeddable":true,"href":"https:\/\/www.agrilink2020.eu\/pl\/wp-json\/wp\/v2\/region?post=10237"},{"taxonomy":"country","embeddable":true,"href":"https:\/\/www.agrilink2020.eu\/pl\/wp-json\/wp\/v2\/country?post=10237"},{"taxonomy":"work_package","embeddable":true,"href":"https:\/\/www.agrilink2020.eu\/pl\/wp-json\/wp\/v2\/work_package?post=10237"},{"taxonomy":"keyword","embeddable":true,"href":"https:\/\/www.agrilink2020.eu\/pl\/wp-json\/wp\/v2\/keyword?post=10237"}],"curies":[{"name":"wp","href":"https:\/\/api.w.org\/{rel}","templated":true}]}}