{"id":5921,"date":"2021-11-11T13:19:17","date_gmt":"2021-11-11T13:19:17","guid":{"rendered":"https:\/\/legacy.agrilink2020.eu\/bez-kategorii\/zywe-laboratoria-odmienne-spojrzenie-na-wspolna-zrownowazona-uprawe-kukurydzy"},"modified":"2022-04-12T18:59:44","modified_gmt":"2022-04-12T18:59:44","slug":"zywe-laboratoria-odmienne-spojrzenie-na-wspolna-zrownowazona-uprawe-kukurydzy","status":"publish","type":"post","link":"https:\/\/www.agrilink2020.eu\/pl\/naukowcy\/zywe-laboratoria-odmienne-spojrzenie-na-wspolna-zrownowazona-uprawe-kukurydzy","title":{"rendered":"\u017bywe laboratoria: Odmienne spojrzenie na wsp\u00f3ln\u0105 zr\u00f3wnowa\u017con\u0105 upraw\u0119 kukurydzy"},"content":{"rendered":"\n<h2 id=\"province-of-noord-brabant-the-netherlands-flanders-belgium\">Prowincja Brabancja P\u00f3\u0142nocna, Niderlandy i Flandria, Belgia<\/h2>\n\n<p>Niderlandzko-belgijskie \u017cywe laboratorium mia\u0142o na celu opracowanie nowych narz\u0119dzi doradczych w celu poprawy zr\u00f3wnowa\u017conej uprawy kukurydzy przeznaczonej na pasz\u0119 dla zwierz\u0105t poprzez: 1) zmian\u0119 pogl\u0105d\u00f3w rolnik\u00f3w, ich podwykonawc\u00f3w oraz doradc\u00f3w na temat ryzyka zanieczyszczenia wody w wyniku wyp\u0142ukiwanie azotan\u00f3w oraz 2) zwi\u0119kszenie ich zdolno\u015bci i ch\u0119ci do podejmowania dzia\u0142a\u0144 ograniczaj\u0105cych to ryzyko. Potrzebne jest szersze spojrzenie na upraw\u0119 kukurydzy, aby zach\u0119ci\u0107 rolnik\u00f3w do przej\u015bcia od kr\u00f3tkoterminowego podejmowania decyzji w sprawie okre\u015blonych rozwi\u0105za\u0144 dotycz\u0105cych uprawy pola do planowania d\u0142ugoterminowego w celu ustanowienia bardziej zintegrowanych rozwi\u0105za\u0144 w zakresie zarz\u0105dzania ca\u0142ym gospodarstwem.   <\/p>\n\n<figure class=\"wp-block-image is-style-default\"><img decoding=\"async\" src=\"https:\/\/www.agrilink2020.eu\/wp-content\/uploads\/2019\/07\/AgriLink.-Living.Lab_.Netherlands.1.jpg\" alt=\"\"\/><\/figure>\n\n<h2 id=\"context-theme-and-target-group\">Kontekst, temat i grupa docelowa<\/h2>\n\n<p>W regionach Brabancji P\u00f3\u0142nocnej i Flandrii rolnictwo polega g\u0142\u00f3wnie na intensywnej produkcji zwierz\u0119cej w po\u0142\u0105czeniu z upraw\u0105 roln\u0105 i ogrodnictwem. Kukurydza jest wa\u017cnym \u017ar\u00f3d\u0142em paszy w intensywnie dzia\u0142aj\u0105cych gospodarstwach mlecznych w tym regionie, a wielu rolnik\u00f3w korzysta z us\u0142ug podwykonawc\u00f3w w zakresie zarz\u0105dzania ich upraw\u0105. Niezale\u017cne us\u0142ugi doradcze \u015bwiadczy Royal Agrifirm Group (<a href=\"\">https:\/\/www.agrifirm.com\/Organisation\/about-us<\/a>\/).  <\/p>\n\n<figure class=\"is-layout-flex wp-block-gallery-1 wp-block-gallery has-nested-images columns-default is-cropped\">\n<figure class=\"wp-block-image size-large\"><img decoding=\"async\" data-id=\"577\"  src=\"https:\/\/agrilink.staging.nvt.agency\/wp-content\/uploads\/2021\/11\/AgriLink.Living.Lab_.Netherlands.1-1024x576.jpg\" alt=\"\" class=\"wp-image-577\"\/><\/figure>\n\n\n\n<figure class=\"wp-block-image size-large\"><img decoding=\"async\" loading=\"lazy\" width=\"1024\" height=\"576\" data-id=\"569\"  src=\"https:\/\/agrilink.staging.nvt.agency\/wp-content\/uploads\/2021\/11\/AgriLink.-Living.Lab_.Netherlands.4-1024x576.jpg\" alt=\"\" class=\"wp-image-569\" srcset=\"https:\/\/www.agrilink2020.eu\/wp-content\/uploads\/2021\/11\/AgriLink.-Living.Lab_.Netherlands.4-1024x576.jpg 1024w, https:\/\/www.agrilink2020.eu\/wp-content\/uploads\/2021\/11\/AgriLink.-Living.Lab_.Netherlands.4-300x169.jpg 300w, https:\/\/www.agrilink2020.eu\/wp-content\/uploads\/2021\/11\/AgriLink.-Living.Lab_.Netherlands.4-768x432.jpg 768w, https:\/\/www.agrilink2020.eu\/wp-content\/uploads\/2021\/11\/AgriLink.-Living.Lab_.Netherlands.4-1536x864.jpg 1536w, https:\/\/www.agrilink2020.eu\/wp-content\/uploads\/2021\/11\/AgriLink.-Living.Lab_.Netherlands.4-2048x1152.jpg 2048w\" sizes=\"(max-width: 1024px) 100vw, 1024px\" \/><\/figure>\n\n\n\n<figure class=\"wp-block-image size-large\"><img decoding=\"async\" loading=\"lazy\" width=\"1024\" height=\"576\" data-id=\"567\"  src=\"https:\/\/agrilink.staging.nvt.agency\/wp-content\/uploads\/2021\/11\/AgriLink.-Living.Lab_.Netherlands.2-1024x576.jpg\" alt=\"\" class=\"wp-image-567\" srcset=\"https:\/\/www.agrilink2020.eu\/wp-content\/uploads\/2021\/11\/AgriLink.-Living.Lab_.Netherlands.2-1024x576.jpg 1024w, https:\/\/www.agrilink2020.eu\/wp-content\/uploads\/2021\/11\/AgriLink.-Living.Lab_.Netherlands.2-300x169.jpg 300w, https:\/\/www.agrilink2020.eu\/wp-content\/uploads\/2021\/11\/AgriLink.-Living.Lab_.Netherlands.2-768x432.jpg 768w, https:\/\/www.agrilink2020.eu\/wp-content\/uploads\/2021\/11\/AgriLink.-Living.Lab_.Netherlands.2-1536x864.jpg 1536w, https:\/\/www.agrilink2020.eu\/wp-content\/uploads\/2021\/11\/AgriLink.-Living.Lab_.Netherlands.2.jpg 1918w\" sizes=\"(max-width: 1024px) 100vw, 1024px\" \/><\/figure>\n<\/figure>\n\n<p>Ze wzgl\u0119du na zmiany w prawodawstwie i odbi\u00f3r spo\u0142eczny w ostatnich latach znacznie wzros\u0142a potrzeba poprawy zr\u00f3wnowa\u017cenia uprawy kukurydzy. Pozostaje jednak znaczna niepewno\u015b\u0107, co do wp\u0142ywu procesu zarz\u0105dzania stosowanego przez rolnik\u00f3w na jako\u015b\u0107 wody, wdra\u017canie przepis\u00f3w i wykonalno\u015b\u0107 proponowanych obecnie rozwi\u0105za\u0144. <\/p>\n\n<p>G\u0142\u00f3wnymi interesariuszami zebranymi w \u017cywym laboratorium byli rolnicy, doradcy i podwykonawcy rolni zaanga\u017cowani w upraw\u0119 kukurydzy w Brabancji P\u00f3\u0142nocnej i Flandrii. Jak r\u00f3wnie\u017c podmioty wsp\u00f3\u0142pracuj\u0105ce ju\u017c w ramach projektu \u201eGrondig Boeren met Mais\u201d (<a href=\"\">https:\/\/www.grondigboerenmetmais.nl\/<\/a>) w Niderlandach. <\/p>\n\n<h2 id=\"partner-and-responsible-person-contact\">Partner i osoba kontaktowa<\/h2>\n\n<h2 id=\"wageningen-university-and-research\">Wageningen University and Research<\/h2>\n\n<p>Jorieke Potters, <a href=\"mailto:jorieke.potters@wur.nl\">jorieke.potters@wur.nl<\/a><\/p>\n\n<p>Zar\u00f3wno Wageningen UR, jak i Innovatiesteunpunt maj\u0105 du\u017ce do\u015bwiadczenie we wspieraniu upowszechniania bardziej zr\u00f3wnowa\u017conych metod w rolnictwie<\/p>\n\n<div class=\"wp-block-image is-style-default\"><figure class=\"alignleft size-full\"><img decoding=\"async\" loading=\"lazy\" width=\"300\" height=\"57\" src=\"https:\/\/agrilink.staging.nvt.agency\/wp-content\/uploads\/2021\/11\/WR_large.png\" alt=\"\" class=\"wp-image-591\"\/><\/figure><\/div>\n\n<p><\/p>\n\n<p><\/p>\n\n<p><\/p>\n\n<p><a href=\"https:\/\/www.agrilink2020.eu\/living-labs\/support-sustainable-maize-cultivation-looking-differently-at-maize-cultivation-together\/www.wur.nl\">www.wur.nl<\/a><\/p>\n\n<p><\/p>\n\n<p><\/p>\n\n<h2 id=\"innovatiesteunpunt\">Innovatiesteunpunt<\/h2>\n\n<p>Melanie van Raaij, <a href=\"mailto:melanie.van.raaij@innovatiesteunpunt.be\">melanie.van.raaij@innovatiesteunpunt.be<\/a><\/p>\n\n<div class=\"wp-block-image is-style-default\"><figure class=\"alignleft size-thumbnail\"><img decoding=\"async\" loading=\"lazy\" width=\"150\" height=\"42\" src=\"https:\/\/agrilink.staging.nvt.agency\/wp-content\/uploads\/2021\/11\/Innovatiesteunpunt-logo-150x42.png\" alt=\"\" class=\"wp-image-587\"\/><\/figure><\/div>\n\n<p><\/p>\n\n<p><\/p>\n\n<p><a href=\"https:\/\/www.agrilink2020.eu\/living-labs\/support-sustainable-maize-cultivation-looking-differently-at-maize-cultivation-together\/innovatiesteunpunt.com\">innovatiesteunpunt.com<\/a><\/p>\n\n<p><\/p>\n\n<h2 id=\"the-living-lab-story\">Historia \u017cywego laboratorium<\/h2>\n\n<figure class=\"wp-block-table\"><table><tbody><tr><td>Niderlandzki AKIS jest bardzo dynamicznym systemem \u0142\u0105cz\u0105cym prywatne us\u0142ugi doradcze z pa\u0144stwowym finansowaniem bada\u0144, a tak\u017ce r\u00f3\u017cne formy partnerstwa publiczno-prywatnego na rzecz tworzenia sieci podmiot\u00f3w AKIS.<\/td><\/tr><tr><td>\u017bywe laboratorium w Niderlandach na pocz\u0105tku zosta\u0142o utworzone w oparciu o istniej\u0105c\u0105 ju\u017c sie\u0107 dzia\u0142aj\u0105c\u0105 w ramach projektu \u201eGrondig Boeren met Mais\u201d (patrz wy\u017cej). Pierwszym krokiem \u017cywego laboratorium by\u0142a seria wywiad\u00f3w rozpoznawczych z rolnikami, doradcami i podwykonawcami na temat ich punktu widzenia na temat uprawy kukurydzy oraz wyzwa\u0144 i mo\u017cliwo\u015bci poprawy jej zr\u00f3wnowa\u017conego rozwoju.  <\/td><\/tr><tr><td>Z wywiad\u00f3w jasno wynika\u0142o, \u017ce a) potrzeba zmiany istniej\u0105cych metod uprawy kukurydzy by\u0142a postrzegana jako ta kt\u00f3ry wynika\u0142a g\u0142\u00f3wnie z przepis\u00f3w dotycz\u0105cych ochrony \u015brodowiska; b) w konsekwencji rolnicy i podwykonawcy wykazywali niewielkie zainteresowanie lub piln\u0105 potrzeb\u0119 wprowadzania niezb\u0119dnych zmian; c) doradcy rolni odgrywali ograniczon\u0105 rol\u0119 w promowaniu bardziej zr\u00f3wnowa\u017conej uprawy kukurydzy.   <\/td><\/tr><tr><td>Niemniej jednak zidentyfikowano trzy mo\u017cliwe nowe \u201enarz\u0119dzia doradcze\u201d: 1. Narz\u0119dzie wspieraj\u0105ce podejmowanie decyzji odno\u015bnie \u201emi\u0119dzyplonu\u201d 2. Wycieczki doradcze w celu wymiany do\u015bwiadcze\u0144 i praktycznych spostrze\u017ce\u0144 na temat zmniejszania ryzyka wyp\u0142ukiwania azotan\u00f3w i ochrony jako\u015bci wody 3. Lista pyta\u0144 kontrolnych podczas rozm\u00f3w pomi\u0119dzy rolnikami, podwykonawcami i doradcami przed rozpocz\u0119ciem sezonu wegetacyjnego kukurydzy \u2013 tzw. \u201eZr\u00f3wnowa\u017cony rozw\u00f3j przy kuchennym stole\u201d.<\/td><\/tr><tr><td>Potencja\u0142 tych narz\u0119dzi zosta\u0142 dok\u0142adniej zbadany poprzez wywiady uzupe\u0142niaj\u0105ce, spotkania z interesariuszami, sesj\u0119 wsp\u00f3\u0142tworzenia i trzy wizyty w ramach wymiany mi\u0119dzy Belgi\u0105 a Niderlandami. 1. Zorganizowano sesj\u0119 wsp\u00f3\u0142tworzenia z interesariuszami w celu opracowania narz\u0119dzia wspomagaj\u0105cego podejmowanie decyzji w zakresie mi\u0119dzyplon\u00f3w. Chocia\u017c w\u015br\u00f3d uczestnik\u00f3w istnia\u0142o podobnie du\u017ce zainteresowanie tym tematem, to nie by\u0142o mo\u017cliwe opracowanie jednego narz\u0119dzia wspieraj\u0105cego podejmowanie decyzji odpowiadaj\u0105cego wszystkim rolnikom. Zamiast tego ka\u017cdy rolnik opracowa\u0142 w\u0142asne wsparcie w podejmowaniu decyzji na temat mi\u0119dzyplon\u00f3w. 2. Wycieczka doradcza zacz\u0119\u0142a si\u0119 od zorganizowanej wycieczki autobusowej po r\u00f3\u017cnych gospodarstwach zaczynaj\u0105cej si\u0119 od pomiar\u00f3w azotan\u00f3w na polach rolnik\u00f3w nale\u017c\u0105cych do sieci \u201eGrondig Boeren met Mais\u201d, ko\u0144cz\u0105cej si\u0119 na szeroko zakrojonej dyskusji. 3. Lista pyta\u0144 kontrolnych do &#8222;dyskusji przy kuchennym stole&#8221; okaza\u0142a si\u0119 zbyt formalna, aby doprowadzi\u0107 do koniecznych rozm\u00f3w mi\u0119dzy rolnikami, podwykonawcami a doradcami.      <\/td><\/tr><\/tbody><\/table><\/figure>\n\n<h2 id=\"lessons-learned\">Zdobyta wiedza<\/h2>\n\n<figure class=\"wp-block-table\"><table><tbody><tr><td><strong>Anga\u017cowanie rolnik\u00f3w<\/strong><br\/>Trudno by\u0142o aktywnie zaanga\u017cowa\u0107 rolnik\u00f3w i doradc\u00f3w w proces zwi\u0105zany z \u017cywym laboratorium. Chocia\u017c zr\u00f3wnowa\u017cona uprawa kukurydzy le\u017cy w d\u0142ugoterminowym interesie rolnik\u00f3w, presja na zmian\u0119 istniej\u0105cych metod uprawy nie jest bezpo\u015brednio odczuwana przez rolnik\u00f3w i nie jest przez nich postrzegana jako pilna kwestia. Presja ze strony ustawodawstwa i opinii publicznej jest odczuwana tylko po\u015brednio.  <\/td><\/tr><tr><td><strong>Odsetki i wymiana<\/strong><br\/>Interesariusze zaanga\u017cowani w \u017cywe laboratorium byli bardziej zainteresowani wymian\u0105 do\u015bwiadcze\u0144 na temat praktyk rolniczych ni\u017c metodami doradczymi. Dlatego trudno by\u0142o skoncentrowa\u0107 si\u0119 na g\u0142\u00f3wnym celu \u017cywego laboratorium, jakim jest \u201eopracowywanie nowych narz\u0119dzi doradczych w celu poprawy zr\u00f3wnowa\u017conego rozwoju upraw kukurydzy\u201d. Co wi\u0119cej, kluczowym wyzwaniem w zakresie doradztwa dotycz\u0105cego zr\u00f3wnowa\u017conego rolnictwa nie wydawa\u0142 si\u0119 brak odpowiednich narz\u0119dzi lub metod. Zamiast tego by\u0142 to po prostu fakt, \u017ce zr\u00f3wnowa\u017cony rozw\u00f3j by\u0142 niskim priorytetem dla wszystkich zaanga\u017cowanych stron.   <\/td><\/tr><tr><td><strong>Wsp\u00f3\u0142tworzenie <\/strong><br\/>Wszyscy interesariusze zaanga\u017cowani w \u017cywe laboratorium uchwycili zalety narz\u0119dzia wspomagaj\u0105cego podejmowanie decyzji dotycz\u0105cych mi\u0119dzyplon\u00f3w. Jednak, pomimo u\u0142atwionego procesu efektywnego wsp\u00f3\u0142tworzenia, w praktyce nie uda\u0142o si\u0119 wypracowa\u0107 jednego wsp\u00f3lnego narz\u0119dzia. Sta\u0142o si\u0119 tak z dw\u00f3ch powod\u00f3w: \u2022 M\u00f3wi\u0105c bardziej og\u00f3lnie, podczas sesji wsp\u00f3\u0142tworzenia nie by\u0142o mo\u017cliwe, aby wszyscy uczestnicy (rolnicy, podwykonawcy i interesariusze) zgodzili si\u0119, co do zawarto\u015bci narz\u0119dzia wsparcia, poniewa\u017c ich indywidualne interesy popycha\u0142y ich w zbyt wielu r\u00f3\u017cnych kierunkach. \u2022 Wyra\u017anie, to doradcy zaanga\u017cowani w ten proces byli zainteresowani budowaniem i utrzymywaniem dobrych relacji z rolnikami, co sprzyja\u0142o opracowaniu odr\u0119bnych narz\u0119dzi wspomagania decyzji dostosowanych do indywidualnych potrzeb rolnik\u00f3w.     <\/td><\/tr><tr><td><strong>Uwarunkowania i kontekst<\/strong><br\/>Pomimo wielu wsp\u00f3lnych cech, trudno by\u0142o stworzy\u0107 sensowne po\u0142\u0105czenie mi\u0119dzy prowincj\u0105 Brabancji P\u00f3\u0142nocnej w Niderlandach a regionem Flandrii w Belgii. W praktyce \u017cywe laboratorium nie by\u0142o w stanie \u201epo\u0142\u0105czy\u0107\u201d bardzo specyficznych istniej\u0105cych ju\u017c kontekst\u00f3w, poniewa\u017c praktyczne do\u015bwiadczenia z jednego regionu nie przek\u0142ada\u0142y si\u0119 efektywnie na drugi. Sugeruje to, \u017ce \u017cywe laboratorium wymaga starannego dostosowania do danego kontekstu. Po\u0142\u0105czenie \u017cywego laboratorium z istniej\u0105cym juz projektem \u201eGrondig Boeren met Mais\u201d by\u0142o zar\u00f3wno szans\u0105, jak i zagro\u017ceniem. Projekt zapewni\u0142 zasoby i istniej\u0105c\u0105 ju\u017c sie\u0107 interesariuszy, ale \u017cywe laboratorium pozostawa\u0142o w cieniu projektu i nie zapewnia\u0142o sobie wystarczaj\u0105cej widoczno\u015bci\/uwagi.    <\/td><\/tr><\/tbody><\/table><\/figure>\n\n<hr class=\"wp-block-separator\"\/>\n\n<p>Wi\u0119cej informacji o tym \u017cywym laboratorium (w j\u0119zyku angielskim)<\/p>\n\n<p><a href=\"http:\/\/www.agrilink2020.eu\/wp-content\/uploads\/2019\/07\/PA_8_NL_WR.pdf\">Practice Abstract 8 \u2013 <strong>Problem solving in Living Lab: Improving innovation support to sustainable soil management in maize cultivation<\/strong> (Stichting Wageningen Research)<\/a><\/p>\n\n<p><a href=\"https:\/\/www.agrilink2020.eu\/wp-content\/uploads\/2020\/04\/PA37-How-is-design-thinking-used-in-the-living-lab.pdf\">Practice Abstract 37 \u2013 <\/a><strong><a href=\"https:\/\/www.agrilink2020.eu\/wp-content\/uploads\/2020\/04\/PA37-How-is-design-thinking-used-in-the-living-lab.pdf\">How is design thinking used in the living lab? <\/a><\/strong><a href=\"https:\/\/www.agrilink2020.eu\/wp-content\/uploads\/2020\/04\/PA37-How-is-design-thinking-used-in-the-living-lab.pdf\">(<\/a><a href=\"https:\/\/www.agrilink2020.eu\/wp-content\/uploads\/2020\/04\/PA37-How-is-design-thinking-used-in-the-living-lab.pdf\">Innovatiesteunpunt)<\/a><\/p>\n\n<p>Artyku\u0142 o tym \u017cywym laboratorium (w j\u0119zyku niderlandzkim)<\/p>\n\n<p><a href=\"https:\/\/www.innovatiesteunpunt.be\/nl\/inspiratie\/veldbijeenkomst-vanggewas-2019-hoe-heeft-u-het-aangepakt-20-november-2019\">https:\/\/www.innovatiesteunpunt.be\/nl\/inspiratie\/veldbijeenkomst-vanggewas-2019-hoe-heeft-u-het-aangepakt-20-november-2019<\/a><\/p>\n","protected":false},"excerpt":{"rendered":"<p>Prowincja Brabancja P\u00f3\u0142nocna, Niderlandy i Flandria, Belgia Niderlandzko-belgijskie \u017cywe laboratorium mia\u0142o na celu opracowanie nowych narz\u0119dzi doradczych w celu poprawy zr\u00f3wnowa\u017conej uprawy kukurydzy przeznaczonej na pasz\u0119 dla zwierz\u0105t poprzez: 1) zmian\u0119 pogl\u0105d\u00f3w rolnik\u00f3w, ich podwykonawc\u00f3w oraz doradc\u00f3w na temat ryzyka zanieczyszczenia wody w wyniku wyp\u0142ukiwanie azotan\u00f3w oraz 2) zwi\u0119kszenie ich zdolno\u015bci i ch\u0119ci do podejmowania &hellip; <a href=\"https:\/\/www.agrilink2020.eu\/pl\/naukowcy\/zywe-laboratoria-odmienne-spojrzenie-na-wspolna-zrownowazona-uprawe-kukurydzy\">Continued<\/a><\/p>\n","protected":false},"author":2,"featured_media":2011,"comment_status":"open","ping_status":"open","sticky":false,"template":"","format":"standard","meta":[],"categories":[142,143,169,170,171],"tags":[202],"region":[],"country":[221,212],"work_package":[248],"keyword":[275,323],"_links":{"self":[{"href":"https:\/\/www.agrilink2020.eu\/pl\/wp-json\/wp\/v2\/posts\/5921"}],"collection":[{"href":"https:\/\/www.agrilink2020.eu\/pl\/wp-json\/wp\/v2\/posts"}],"about":[{"href":"https:\/\/www.agrilink2020.eu\/pl\/wp-json\/wp\/v2\/types\/post"}],"author":[{"embeddable":true,"href":"https:\/\/www.agrilink2020.eu\/pl\/wp-json\/wp\/v2\/users\/2"}],"replies":[{"embeddable":true,"href":"https:\/\/www.agrilink2020.eu\/pl\/wp-json\/wp\/v2\/comments?post=5921"}],"version-history":[{"count":6,"href":"https:\/\/www.agrilink2020.eu\/pl\/wp-json\/wp\/v2\/posts\/5921\/revisions"}],"predecessor-version":[{"id":6091,"href":"https:\/\/www.agrilink2020.eu\/pl\/wp-json\/wp\/v2\/posts\/5921\/revisions\/6091"}],"wp:featuredmedia":[{"embeddable":true,"href":"https:\/\/www.agrilink2020.eu\/pl\/wp-json\/wp\/v2\/media\/2011"}],"wp:attachment":[{"href":"https:\/\/www.agrilink2020.eu\/pl\/wp-json\/wp\/v2\/media?parent=5921"}],"wp:term":[{"taxonomy":"category","embeddable":true,"href":"https:\/\/www.agrilink2020.eu\/pl\/wp-json\/wp\/v2\/categories?post=5921"},{"taxonomy":"post_tag","embeddable":true,"href":"https:\/\/www.agrilink2020.eu\/pl\/wp-json\/wp\/v2\/tags?post=5921"},{"taxonomy":"region","embeddable":true,"href":"https:\/\/www.agrilink2020.eu\/pl\/wp-json\/wp\/v2\/region?post=5921"},{"taxonomy":"country","embeddable":true,"href":"https:\/\/www.agrilink2020.eu\/pl\/wp-json\/wp\/v2\/country?post=5921"},{"taxonomy":"work_package","embeddable":true,"href":"https:\/\/www.agrilink2020.eu\/pl\/wp-json\/wp\/v2\/work_package?post=5921"},{"taxonomy":"keyword","embeddable":true,"href":"https:\/\/www.agrilink2020.eu\/pl\/wp-json\/wp\/v2\/keyword?post=5921"}],"curies":[{"name":"wp","href":"https:\/\/api.w.org\/{rel}","templated":true}]}}