{"id":7085,"date":"2022-03-10T08:49:20","date_gmt":"2022-03-10T08:49:20","guid":{"rendered":"https:\/\/legacy.agrilink2020.eu\/bez-kategorii\/rola-uslug-doradczych-w-podejmowaniu-przez-rolnikow-decyzji-o-innowacjach-w-biologicznej-ochronie-upraw"},"modified":"2022-04-17T09:48:48","modified_gmt":"2022-04-17T09:48:48","slug":"rola-uslug-doradczych-w-podejmowaniu-przez-rolnikow-decyzji-o-innowacjach-w-biologicznej-ochronie-upraw","status":"publish","type":"post","link":"https:\/\/www.agrilink2020.eu\/pl\/naukowcy\/rola-uslug-doradczych-w-podejmowaniu-przez-rolnikow-decyzji-o-innowacjach-w-biologicznej-ochronie-upraw","title":{"rendered":"Rola us\u0142ug doradczych w podejmowaniu przez rolnik\u00f3w decyzji o innowacjach w biologicznej ochronie upraw"},"content":{"rendered":"\n<h2>Region<\/h2>\n\n<p>Liwonia to g\u0142\u00f3wnie rolniczy region w p\u00f3\u0142nocno-wschodniej \u0141otwie \u2013 34% tego terytorium to pola uprawne, a 56% to lasy. Jedna pi\u0105ta wszystkich \u0142otewskich gospodarstw rolnych znajduje si\u0119 w Liwonii i maj\u0105 one \u015brednio powierzchni \u011931 ha (kt\u00f3ra jest nieco wi\u0119ksza ni\u017c \u015brednia krajowa 29 ha). Gospodarstwa w Liwonii specjalizuj\u0105 si\u0119 w mlecznych krowach, owcach, zbo\u017cach, owocach i warzywach.  <\/p>\n\n<div class=\"wp-block-image\"><figure class=\"aligncenter size-full\"><img decoding=\"async\" loading=\"lazy\" width=\"852\" height=\"605\" src=\"https:\/\/agrilink2020.eu\/wp-content\/uploads\/2022\/03\/F.2.jpg\" alt=\"\" class=\"wp-image-3541\" srcset=\"https:\/\/www.agrilink2020.eu\/wp-content\/uploads\/2022\/03\/F.2.jpg 852w, https:\/\/www.agrilink2020.eu\/wp-content\/uploads\/2022\/03\/F.2-300x213.jpg 300w, https:\/\/www.agrilink2020.eu\/wp-content\/uploads\/2022\/03\/F.2-768x545.jpg 768w\" sizes=\"(max-width: 852px) 100vw, 852px\" \/><figcaption>Mapa regionu<\/figcaption><\/figure><\/div>\n\n<p>Liwonia zosta\u0142a wybrana w celu zbadania procesu wdra\u017cania innowacji w biologicznych (niechemicznych) technikach ochrony upraw, z racji tego, \u017ce jest to region kt\u00f3ry ma najwy\u017cszy udzia\u0142 gospodarstw ekologicznych na \u0141otwie (7,5% w por\u00f3wnaniu do \u015bredniej krajowej wynosz\u0105cej 5,3%) i znajduje si\u0119 w nim kilka pionierskich gospodarstw ekologicznych za\u0142o\u017conych na \u0141otwie po dekolektywizacji rolnictwa na pocz\u0105tku lat 90. <\/p>\n\n<h2>Punkt ci\u0119\u017cko\u015bci bada\u0144<\/h2>\n\n<p>Sektor rolnictwa ekologicznego na \u0141otwie szybko si\u0119 rozwija, b\u0119d\u0105c stymulowanym popytem konsument\u00f3w i dotacjami rz\u0105dowymi. Jednak wiedza rolnik\u00f3w na temat biologicznych metod ochrony ro\u015blin oraz ich zastosowania pozostaje w dalszym ci\u0105gu ograniczona.  <\/p>\n\n<div class=\"wp-block-image\"><figure class=\"aligncenter size-large\"><img decoding=\"async\" loading=\"lazy\" width=\"1024\" height=\"768\" src=\"https:\/\/agrilink2020.eu\/wp-content\/uploads\/2022\/03\/20190710_165616.mic_-1024x768.jpg\" alt=\"\" class=\"wp-image-3529\" srcset=\"https:\/\/www.agrilink2020.eu\/wp-content\/uploads\/2022\/03\/20190710_165616.mic_-1024x768.jpg 1024w, https:\/\/www.agrilink2020.eu\/wp-content\/uploads\/2022\/03\/20190710_165616.mic_-300x225.jpg 300w, https:\/\/www.agrilink2020.eu\/wp-content\/uploads\/2022\/03\/20190710_165616.mic_-768x576.jpg 768w, https:\/\/www.agrilink2020.eu\/wp-content\/uploads\/2022\/03\/20190710_165616.mic_-1536x1152.jpg 1536w, https:\/\/www.agrilink2020.eu\/wp-content\/uploads\/2022\/03\/20190710_165616.mic_-2048x1536.jpg 2048w\" sizes=\"(max-width: 1024px) 100vw, 1024px\" \/><\/figure><\/div>\n\n<p>W studium przypadku zbadano rol\u0119 doradztwa rolnego we wdra\u017caniu innowacyjnych technik, takich jak ukierunkowane wykorzystywanie naturalnych drapie\u017cnik\u00f3w szkodnik\u00f3w (np. biedronek i paso\u017cytniczych b\u0142on\u00f3wek do zwalczania mszyc), poprzez zapewnianie specjalnych schronie\u0144 dla po\u017cytecznych owad\u00f3w (\u201edomy dla owad\u00f3w\u201d) oraz wykorzystanie ekstrakt\u00f3w ro\u015blinnych. W studium przypadku zbadano rol\u0119 doradc\u00f3w w podejmowaniu decyzji przez rolnik\u00f3w na r\u00f3\u017cnych etapach wdra\u017cania innowacji, pocz\u0105wszy od podnoszenia \u015bwiadomo\u015bci po ocen\u0119 i wdro\u017cenie innowacji. <\/p>\n\n<p>Pe\u0142ny raport (w j\u0119zyku angielskim) znajduje si\u0119 tutaj <\/p>\n\n<div class=\"wp-block-file\"><object class=\"wp-block-file__embed\" data=\"https:\/\/agrilink2020.eu\/wp-content\/uploads\/2021\/06\/D2.2_LV.GDPR_.pdf\" type=\"application\/pdf\" style=\"width:100%;height:600px\" aria-label=\"Osadzone z Embed of D2.2_LV.GDPR..\"><\/object><a id=\"wp-block-file--media-2c07d155-499b-47ac-959e-9c1861062dd3\" href=\"https:\/\/agrilink2020.eu\/wp-content\/uploads\/2021\/06\/D2.2_LV.GDPR_.pdf\">D2.2_LV.GDPR<\/a><a href=\"https:\/\/agrilink2020.eu\/wp-content\/uploads\/2021\/06\/D2.2_LV.GDPR_.pdf\" class=\"wp-block-file__button\" download=\"\" aria-describedby=\"wp-block-file--media-2c07d155-499b-47ac-959e-9c1861062dd3\">Download<\/a><\/div>\n\n<hr class=\"wp-block-separator\"\/>\n\n<h2>Partner i osoba kontaktowa<\/h2>\n\n<div class=\"wp-block-image\"><figure class=\"aligncenter size-full\"><img decoding=\"async\" loading=\"lazy\" width=\"200\" height=\"70\" src=\"https:\/\/agrilink2020.eu\/wp-content\/uploads\/2021\/11\/BSC_medium-1.png\" alt=\"\" class=\"wp-image-585\"\/><\/figure><\/div>\n\n<h2>Baltic Studies Centre<\/h2>\n\n<p>Em\u012bls \u0136\u012blis, <a href=\"mailto:emils.kilis@gmail.com\">emils.kilis@gmail.com<\/a><\/p>\n\n<hr class=\"wp-block-separator\"\/>\n\n<h2>Zdobyta wiedza<\/h2>\n\n<ol><li>Rolnicy w regionie mieli zr\u00f3\u017cnicowane i cz\u0119sto niejasne podej\u015bcie wobec biologicznych technik kontrolowania upraw. Dost\u0119pne metody by\u0142y og\u00f3lnie postrzegane i akceptowane (bez kwestionowania) jako bardziej tradycyjne, naturalne i lepsze dla \u015brodowiska i zdrowia, przy jednoczesnym ignorowaniu zagro\u017ce\u0144 zwi\u0105zanych z nadmiernym stosowaniem niekt\u00f3rych metod (zw\u0142aszcza niekt\u00f3rych ekstrakt\u00f3w ro\u015blinnych i owad\u00f3w drapie\u017cnych). Te bezkrytycznie przyjmowane pogl\u0105dy mia\u0142y wp\u0142yw na procesy decyzyjne w\u015br\u00f3d rolnik\u00f3w oraz na to, czy szukali porady odno\u015bnie zastosowania nowych technik.  <\/li><li>Podstawowa wiedza specjalistyczna na temat biologicznych metod ochrony ro\u015blin w regionie obejmowa\u0142a po\u0142\u0105czenie tradycyjnej\/lokalnej wiedzy przekazywanej przez wcze\u015bniejsze pokolenia rolnik\u00f3w z now\u0105 wiedz\u0105 opart\u0105 na badaniach, dostarczan\u0105 przez wsp\u00f3\u0142czesn\u0105 nauk\u0119. Skuteczne stosowanie biologicznych metod ochrony upraw wymaga zatem ci\u0105g\u0142ej aktualizacji tradycyjnej wiedzy o nowe spostrze\u017cenia i techniki, tak aby pom\u00f3c rolnikom dostosowa\u0107 si\u0119 do zmieniaj\u0105cych si\u0119 warunk\u00f3w i pom\u00f3c im jak najlepiej wykorzysta\u0107 najnowsze osi\u0105gni\u0119cia. <\/li><li>Wiele r\u00f3\u017cnych podmiot\u00f3w udziela\u0142o rolnikom porad w zakresie biologicznej ochrony upraw w regionie. Podczas gdy formalne organizacje doradztwa rolnego odgrywa\u0142y znacz\u0105c\u0105 rol\u0119, wi\u0119kszo\u015b\u0107 us\u0142ugodawc\u00f3w nie by\u0142a formalnymi doradcami (np. byli us\u0142ugodawcami komercyjnymi). <\/li><li>Nieformalne kszta\u0142cenie odegra\u0142o znacz\u0105c\u0105 rol\u0119 w rozpowszechnianiu informacji i porad dotycz\u0105cych biologicznych metod ochrony ro\u015blin w regionach. Polega\u0142o na nieformalnej wymianie wiedzy mi\u0119dzy rolnikami (np. z s\u0105siaduj\u0105cymi rolnikami) b\u0105d\u017a z cz\u0142onkami rodziny. <\/li><li>Zaobserwowano rosn\u0105c\u0105 potrzeb\u0119, aby niezale\u017cna ekspertyza naukowc\u00f3w i doradc\u00f3w by\u0142a ukierunkowana na wspieranie gospodarstw ekologicznych w przyjmowaniu zasad i praktyk biologicznego zwalczania szkodnik\u00f3w. Komercyjni dostawcy cz\u0119sto zach\u0119cali do wi\u0119kszego\/intensywniejszego korzystania ze swoich produkt\u00f3w, ni\u017c by\u0142o to konieczne. <\/li><\/ol>\n","protected":false},"excerpt":{"rendered":"<p>Region Liwonia to g\u0142\u00f3wnie rolniczy region w p\u00f3\u0142nocno-wschodniej \u0141otwie \u2013 34% tego terytorium to pola uprawne, a 56% to lasy. Jedna pi\u0105ta wszystkich \u0142otewskich gospodarstw rolnych znajduje si\u0119 w Liwonii i maj\u0105 one \u015brednio powierzchni \u011931 ha (kt\u00f3ra jest nieco wi\u0119ksza ni\u017c \u015brednia krajowa 29 ha). Gospodarstwa w Liwonii specjalizuj\u0105 si\u0119 w mlecznych krowach, owcach, &hellip; <a href=\"https:\/\/www.agrilink2020.eu\/pl\/naukowcy\/rola-uslug-doradczych-w-podejmowaniu-przez-rolnikow-decyzji-o-innowacjach-w-biologicznej-ochronie-upraw\">Continued<\/a><\/p>\n","protected":false},"author":2,"featured_media":3539,"comment_status":"open","ping_status":"open","sticky":false,"template":"","format":"standard","meta":[],"categories":[142,143,169,171],"tags":[478],"region":[615],"country":[392],"work_package":[239],"keyword":[326,466],"_links":{"self":[{"href":"https:\/\/www.agrilink2020.eu\/pl\/wp-json\/wp\/v2\/posts\/7085"}],"collection":[{"href":"https:\/\/www.agrilink2020.eu\/pl\/wp-json\/wp\/v2\/posts"}],"about":[{"href":"https:\/\/www.agrilink2020.eu\/pl\/wp-json\/wp\/v2\/types\/post"}],"author":[{"embeddable":true,"href":"https:\/\/www.agrilink2020.eu\/pl\/wp-json\/wp\/v2\/users\/2"}],"replies":[{"embeddable":true,"href":"https:\/\/www.agrilink2020.eu\/pl\/wp-json\/wp\/v2\/comments?post=7085"}],"version-history":[{"count":1,"href":"https:\/\/www.agrilink2020.eu\/pl\/wp-json\/wp\/v2\/posts\/7085\/revisions"}],"predecessor-version":[{"id":7086,"href":"https:\/\/www.agrilink2020.eu\/pl\/wp-json\/wp\/v2\/posts\/7085\/revisions\/7086"}],"wp:featuredmedia":[{"embeddable":true,"href":"https:\/\/www.agrilink2020.eu\/pl\/wp-json\/wp\/v2\/media\/3539"}],"wp:attachment":[{"href":"https:\/\/www.agrilink2020.eu\/pl\/wp-json\/wp\/v2\/media?parent=7085"}],"wp:term":[{"taxonomy":"category","embeddable":true,"href":"https:\/\/www.agrilink2020.eu\/pl\/wp-json\/wp\/v2\/categories?post=7085"},{"taxonomy":"post_tag","embeddable":true,"href":"https:\/\/www.agrilink2020.eu\/pl\/wp-json\/wp\/v2\/tags?post=7085"},{"taxonomy":"region","embeddable":true,"href":"https:\/\/www.agrilink2020.eu\/pl\/wp-json\/wp\/v2\/region?post=7085"},{"taxonomy":"country","embeddable":true,"href":"https:\/\/www.agrilink2020.eu\/pl\/wp-json\/wp\/v2\/country?post=7085"},{"taxonomy":"work_package","embeddable":true,"href":"https:\/\/www.agrilink2020.eu\/pl\/wp-json\/wp\/v2\/work_package?post=7085"},{"taxonomy":"keyword","embeddable":true,"href":"https:\/\/www.agrilink2020.eu\/pl\/wp-json\/wp\/v2\/keyword?post=7085"}],"curies":[{"name":"wp","href":"https:\/\/api.w.org\/{rel}","templated":true}]}}