{"id":7716,"date":"2022-03-09T11:59:16","date_gmt":"2022-03-09T11:59:16","guid":{"rendered":"https:\/\/www.agrilink2020.eu\/bez-kategorii\/rola-uslug-doradczych-w-podejmowaniu-przez-rolnikow-decyzji-dotyczacych-wykorzystania-innowacji-w-energetyce-odnawialnej-fermentacja-beztlenowa-na-mala-skale"},"modified":"2022-04-23T09:36:26","modified_gmt":"2022-04-23T09:36:26","slug":"rola-uslug-doradczych-w-podejmowaniu-przez-rolnikow-decyzji-dotyczacych-wykorzystania-innowacji-w-energetyce-odnawialnej-fermentacja-beztlenowa-na-mala-skale","status":"publish","type":"post","link":"https:\/\/www.agrilink2020.eu\/pl\/naukowcy\/rola-uslug-doradczych-w-podejmowaniu-przez-rolnikow-decyzji-dotyczacych-wykorzystania-innowacji-w-energetyce-odnawialnej-fermentacja-beztlenowa-na-mala-skale","title":{"rendered":"Rola us\u0142ug doradczych w podejmowaniu przez rolnik\u00f3w decyzji dotycz\u0105cych wykorzystania innowacji w energetyce odnawialnej (fermentacja beztlenowa na ma\u0142\u0105 skal\u0119)"},"content":{"rendered":"\n<h2>Region<\/h2>\n\n<p>Oko\u0142o 92 500 hektar\u00f3w (oko\u0142o 1\/3) obszaru prowincji Antwerpia w Belgii jest wykorzystywane pod rolnictwo. W wojew\u00f3dztwie dzia\u0142a 3627 przedsi\u0119biorstw rolniczych i ogrodniczych. Uprawa ro\u015blin pastewnych stanowi 79% powierzchni u\u017cytk\u00f3w rolnych w tej prowincji. W\u015br\u00f3d nich kukurydza i trawa s\u0105 najcz\u0119\u015bciej uprawianymi ro\u015blinami.   <\/p>\n\n<div class=\"wp-block-image\"><figure class=\"aligncenter size-full\"><img decoding=\"async\" loading=\"lazy\" width=\"834\" height=\"591\" src=\"https:\/\/agrilink2020.eu\/wp-content\/uploads\/2022\/03\/F.6.jpg\" alt=\"\" class=\"wp-image-3493\" srcset=\"https:\/\/www.agrilink2020.eu\/wp-content\/uploads\/2022\/03\/F.6.jpg 834w, https:\/\/www.agrilink2020.eu\/wp-content\/uploads\/2022\/03\/F.6-300x213.jpg 300w, https:\/\/www.agrilink2020.eu\/wp-content\/uploads\/2022\/03\/F.6-768x544.jpg 768w\" sizes=\"(max-width: 834px) 100vw, 834px\" \/><figcaption>Mapa regionu<\/figcaption><\/figure><\/div>\n\n<p>Ponad po\u0142owa gospodarstw w prowincji nale\u017cy do hodowc\u00f3w byd\u0142a, co t\u0142umaczy du\u017c\u0105 powierzchni\u0119 upraw pastewnych. Istniej\u0105 r\u00f3wnie\u017c wysoko wyspecjalizowane fermy mleczarskie (k\u00f3z), hodowle ciel\u0105t mi\u0119snych i fermy drobiu. Hodowcy byd\u0142a mlecznego w Antwerpii s\u0105 uwa\u017cani za jednych z najbardziej innowacyjnych rolnik\u00f3w w ca\u0142ej Flandrii.  <\/p>\n\n<h2>Punkt ci\u0119\u017cko\u015bci bada\u0144<\/h2>\n\n<p>Badanie to koncentrowa\u0142o si\u0119 na innowacji w produkcji energii odnawialnej w gospodarstwie, zwanej \u201efermentacj\u0105 kieszeniow\u0105\u201d. Popularno\u015b\u0107 fermentacji kieszoniowej znacznie wzros\u0142a w ci\u0105gu ostatnich kilku lat we flamandzkim regionie Belgii, a tak\u017ce w kilku s\u0105siednich krajach. We Flandrii sprzedano do tej pory oko\u0142o 120 fermentator\u00f3w kieszeniowych.  <\/p>\n\n<div class=\"wp-block-image\"><figure class=\"aligncenter size-full\"><img decoding=\"async\" loading=\"lazy\" width=\"788\" height=\"430\" src=\"https:\/\/agrilink2020.eu\/wp-content\/uploads\/2022\/03\/pocketvergister_Biolectric.jpeg\" alt=\"\" class=\"wp-image-3520\" srcset=\"https:\/\/www.agrilink2020.eu\/wp-content\/uploads\/2022\/03\/pocketvergister_Biolectric.jpeg 788w, https:\/\/www.agrilink2020.eu\/wp-content\/uploads\/2022\/03\/pocketvergister_Biolectric-300x164.jpeg 300w, https:\/\/www.agrilink2020.eu\/wp-content\/uploads\/2022\/03\/pocketvergister_Biolectric-768x419.jpeg 768w\" sizes=\"(max-width: 788px) 100vw, 788px\" \/><\/figure><\/div>\n\n<p>Nie istnieje mi\u0119dzynarodowo przyj\u0119ta definicja \u201efermentacji kieszoniowej\u201d. Jest to termin, kt\u00f3ry powsta\u0142, aby opisa\u0107 procesy fermentacji beztlenowej na ma\u0142\u0105 skal\u0119 w gospodarstwach u\u017cywaj\u0105cych codzienny przep\u0142yw materia\u0142\u00f3w odpadowych (g\u0142\u00f3wnie obornika) do produkcji biogazu na miejscu. Ten biogaz jest nast\u0119pnie spalany w po\u0142\u0105czonej instalacji ciep\u0142owniczo-energetycznej w celu wytworzenia energii odnawialnej w postaci energii elektrycznej i ciep\u0142a do wykorzystania w jak najwi\u0119kszym stopniu w gospodarstwie lub powi\u0105zanym przedsi\u0119biorstwie.  <\/p>\n\n<p>Celem tego badania by\u0142o lepsze zrozumienie roli odgrywanej przez organizacje doradcze w rozwoju i ocenie technologii wykorzystywanych w energii odnawialnej oraz czynnik\u00f3w wp\u0142ywaj\u0105cych na decyzje rolnik\u00f3w o ich przyj\u0119ciu lub odrzuceniu.<\/p>\n\n<p>Pe\u0142ny raport (w j\u0119zyku angielskim) znajduje si\u0119 tutaj<\/p>\n\n<div class=\"wp-block-file\"><object class=\"wp-block-file__embed\" data=\"https:\/\/agrilink2020.eu\/wp-content\/uploads\/2021\/06\/D2.2_BE.GDPR_.pdf\" type=\"application\/pdf\" style=\"width:100%;height:600px\" aria-label=\"Osadzone z Embed of D2.2_BE.GDPR..\"><\/object><a id=\"wp-block-file--media-42578fe1-bf5e-4763-b271-2195bfd78ca4\" href=\"https:\/\/agrilink2020.eu\/wp-content\/uploads\/2021\/06\/D2.2_BE.GDPR_.pdf\">D2.2_BE.GDPR<\/a><a href=\"https:\/\/agrilink2020.eu\/wp-content\/uploads\/2021\/06\/D2.2_BE.GDPR_.pdf\" class=\"wp-block-file__button\" download=\"\" aria-describedby=\"wp-block-file--media-42578fe1-bf5e-4763-b271-2195bfd78ca4\">Download<\/a><\/div>\n\n<hr class=\"wp-block-separator\"\/>\n\n<h2>Partner i osoba kontaktowa<\/h2>\n\n<div class=\"wp-block-image\"><figure class=\"aligncenter size-full\"><img decoding=\"async\" loading=\"lazy\" width=\"214\" height=\"42\" src=\"https:\/\/agrilink2020.eu\/wp-content\/uploads\/2021\/11\/Innovatiesteunpunt-logo.png\" alt=\"\" class=\"wp-image-587\"\/><\/figure><\/div>\n\n<h2>Innovatiesteunpunt (ISP)<\/h2>\n\n<p>Stijn Bossin, <a href=\"mailto:stijn.bossin@innovatiesteunpunt.be\">stijn.bossin@innovatiesteunpunt.be<\/a><\/p>\n\n<hr class=\"wp-block-separator\"\/>\n\n<h2>Zdobyta wiedza<\/h2>\n\n<ol><li>Rolnicy wyja\u015bniali, \u017ce korzystali z r\u00f3\u017cnych \u017ar\u00f3de\u0142 wiedzy o innowacjach i cz\u0119sto czytali o istnieniu fermentora kieszeniowego w czasopismach technicznych lub na stronach internetowych organizacji doradczych lub sp\u00f3\u0142dzielni rolniczych. Innym wa\u017cnym \u017ar\u00f3d\u0142em informacji by\u0142 dla nich indywidualny kontakt z innymi rolnikami, kt\u00f3rzy ju\u017c wdro\u017cyli t\u0105 innowacj\u0119. Rolnicy cz\u0119sto odwiedzali farmy znajomych, kt\u00f3rzy niedawno zainstalowali fermentator kieszeniowy.  <\/li><li>Po zaznajomieniu si\u0119 z innowacj\u0105, zainteresowani rolnicy spotykali si\u0119 z przedstawicielami firm zajmuj\u0105cymi si\u0119 dostarczaniem i instalowaniem fermentor\u00f3w kieszeniowych. Rolnicy wyja\u015bniali, \u017ce targi rolnicze by\u0142y dobr\u0105 okazj\u0105 do zaznajomienia si\u0119 z tymi firmami, a tak\u017ce do odkrywania innych podobnych innowacji. <\/li><li>Zainteresowani rolnicy zwracali si\u0119 r\u00f3wnie\u017c do sp\u00f3\u0142dzielni rolniczych, gdzie mogli spotka\u0107 si\u0119 z doradcami lub zapisa\u0107 si\u0119 na specjalistyczne warsztaty. Sp\u00f3\u0142dzielnie te \u015bwiadczy\u0142y r\u00f3wnie\u017c dodatkowe us\u0142ugi, takie jak analiza wykonalno\u015bci. Niekt\u00f3re specjalistyczne publikacje opracowane we wsp\u00f3\u0142pracy mi\u0119dzy r\u00f3\u017cnymi organizacjami r\u00f3wnie\u017c okaza\u0142y si\u0119 bardzo przydatne na etapie oceny.  <\/li><li>Przedstawiciele firmy instalacyjnej byli g\u0142\u00f3wnym (i cz\u0119sto jedynym) \u017ar\u00f3d\u0142em wsparcia na etapie wdra\u017cania i przyjmowania innowacji. Na przyk\u0142ad technicy\/in\u017cynierowie firmy monitorowali instalacj\u0119 fermentatora kieszeniowego, odwiedzaj\u0105c osobi\u015bcie gospodarstwo lub w niekt\u00f3rych przypadkach bezpo\u015brednio b\u0119d\u0105c zaanga\u017cowanymi w instalacj\u0119. <\/li><\/ol>\n","protected":false},"excerpt":{"rendered":"<p>Region Oko\u0142o 92 500 hektar\u00f3w (oko\u0142o 1\/3) obszaru prowincji Antwerpia w Belgii jest wykorzystywane pod rolnictwo. W wojew\u00f3dztwie dzia\u0142a 3627 przedsi\u0119biorstw rolniczych i ogrodniczych. Uprawa ro\u015blin pastewnych stanowi 79% powierzchni u\u017cytk\u00f3w rolnych w tej prowincji. W\u015br\u00f3d nich kukurydza i trawa s\u0105 najcz\u0119\u015bciej uprawianymi ro\u015blinami. Ponad po\u0142owa gospodarstw w prowincji nale\u017cy do hodowc\u00f3w byd\u0142a, co t\u0142umaczy &hellip; <a href=\"https:\/\/www.agrilink2020.eu\/pl\/naukowcy\/rola-uslug-doradczych-w-podejmowaniu-przez-rolnikow-decyzji-dotyczacych-wykorzystania-innowacji-w-energetyce-odnawialnej-fermentacja-beztlenowa-na-mala-skale\">Continued<\/a><\/p>\n","protected":false},"author":2,"featured_media":3518,"comment_status":"open","ping_status":"open","sticky":false,"template":"","format":"standard","meta":[],"categories":[142,143,169,171],"tags":[478],"region":[692],"country":[221],"work_package":[239],"keyword":[275],"_links":{"self":[{"href":"https:\/\/www.agrilink2020.eu\/pl\/wp-json\/wp\/v2\/posts\/7716"}],"collection":[{"href":"https:\/\/www.agrilink2020.eu\/pl\/wp-json\/wp\/v2\/posts"}],"about":[{"href":"https:\/\/www.agrilink2020.eu\/pl\/wp-json\/wp\/v2\/types\/post"}],"author":[{"embeddable":true,"href":"https:\/\/www.agrilink2020.eu\/pl\/wp-json\/wp\/v2\/users\/2"}],"replies":[{"embeddable":true,"href":"https:\/\/www.agrilink2020.eu\/pl\/wp-json\/wp\/v2\/comments?post=7716"}],"version-history":[{"count":1,"href":"https:\/\/www.agrilink2020.eu\/pl\/wp-json\/wp\/v2\/posts\/7716\/revisions"}],"predecessor-version":[{"id":7717,"href":"https:\/\/www.agrilink2020.eu\/pl\/wp-json\/wp\/v2\/posts\/7716\/revisions\/7717"}],"wp:featuredmedia":[{"embeddable":true,"href":"https:\/\/www.agrilink2020.eu\/pl\/wp-json\/wp\/v2\/media\/3518"}],"wp:attachment":[{"href":"https:\/\/www.agrilink2020.eu\/pl\/wp-json\/wp\/v2\/media?parent=7716"}],"wp:term":[{"taxonomy":"category","embeddable":true,"href":"https:\/\/www.agrilink2020.eu\/pl\/wp-json\/wp\/v2\/categories?post=7716"},{"taxonomy":"post_tag","embeddable":true,"href":"https:\/\/www.agrilink2020.eu\/pl\/wp-json\/wp\/v2\/tags?post=7716"},{"taxonomy":"region","embeddable":true,"href":"https:\/\/www.agrilink2020.eu\/pl\/wp-json\/wp\/v2\/region?post=7716"},{"taxonomy":"country","embeddable":true,"href":"https:\/\/www.agrilink2020.eu\/pl\/wp-json\/wp\/v2\/country?post=7716"},{"taxonomy":"work_package","embeddable":true,"href":"https:\/\/www.agrilink2020.eu\/pl\/wp-json\/wp\/v2\/work_package?post=7716"},{"taxonomy":"keyword","embeddable":true,"href":"https:\/\/www.agrilink2020.eu\/pl\/wp-json\/wp\/v2\/keyword?post=7716"}],"curies":[{"name":"wp","href":"https:\/\/api.w.org\/{rel}","templated":true}]}}