{"id":10239,"date":"2022-04-17T14:54:47","date_gmt":"2022-04-17T14:54:47","guid":{"rendered":"https:\/\/www.agrilink2020.eu\/sem-categoria\/recursos-naturais-e-gestao-comum"},"modified":"2022-08-03T19:50:06","modified_gmt":"2022-08-03T19:50:06","slug":"recursos-naturais-e-gestao-comum","status":"publish","type":"post","link":"https:\/\/www.agrilink2020.eu\/pt-pt\/investigadores\/recursos-naturais-e-gestao-comum","title":{"rendered":"Recursos naturais e gest\u00e3o comum"},"content":{"rendered":"\n<h2>Regi\u00e3o<\/h2>\n\n<p>Siedleckie \u00e9 uma regi\u00e3o agr\u00edcola importante na Pol\u00f3nia com grandes \u00e1reas de terras agr\u00edcolas produtivas devido \u00e0s condi\u00e7\u00f5es edafoclim\u00e1ticas favor\u00e1veis. A regi\u00e3o \u00e9 um importante produtor de culturas arvenses (cereais, batatas, ervilhas e feij\u00f5es) e de frutos (framboesas, groselhas, morangos e ma\u00e7\u00e3s). Tem tamb\u00e9m uma elevada concentra\u00e7\u00e3o de s\u00edtios Natura 2000 que s\u00e3o importantes para a protec\u00e7\u00e3o de valiosos habitats naturais e esp\u00e9cies.<\/p>\n\n<div class=\"wp-block-image\"><figure class=\"aligncenter size-full\"><img decoding=\"async\" loading=\"lazy\" width=\"808\" height=\"598\" src=\"https:\/\/agrilink2020.eu\/wp-content\/uploads\/2022\/04\/Common_final.jpeg\" alt=\"\" class=\"wp-image-7495\" srcset=\"https:\/\/www.agrilink2020.eu\/wp-content\/uploads\/2022\/04\/Common_final.jpeg 808w, https:\/\/www.agrilink2020.eu\/wp-content\/uploads\/2022\/04\/Common_final-300x222.jpeg 300w, https:\/\/www.agrilink2020.eu\/wp-content\/uploads\/2022\/04\/Common_final-768x568.jpeg 768w\" sizes=\"(max-width: 808px) 100vw, 808px\" \/><figcaption>Mapa da regi\u00e3o<\/figcaption><\/figure><\/div>\n\n<h2>Foco do estudo<\/h2>\n\n<p>A biodiversidade \u00e9 fundamental para a funcionalidade, estabilidade e produtividade de todos os ecossistemas. A biodiversidade \u00e9 essencial para a manuten\u00e7\u00e3o do bem-estar humano e para o futuro desenvolvimento econ\u00f3mico e social. A produ\u00e7\u00e3o agr\u00edcola precisa de estar em completa harmonia com a natureza.<\/p>\n\n<div class=\"wp-block-image\"><figure class=\"aligncenter size-full\"><img decoding=\"async\" loading=\"lazy\" width=\"1024\" height=\"768\" src=\"https:\/\/agrilink2020.eu\/wp-content\/uploads\/2022\/04\/COMM-3-1024x768-1.jpeg\" alt=\"\" class=\"wp-image-7515\" srcset=\"https:\/\/www.agrilink2020.eu\/wp-content\/uploads\/2022\/04\/COMM-3-1024x768-1.jpeg 1024w, https:\/\/www.agrilink2020.eu\/wp-content\/uploads\/2022\/04\/COMM-3-1024x768-1-300x225.jpeg 300w, https:\/\/www.agrilink2020.eu\/wp-content\/uploads\/2022\/04\/COMM-3-1024x768-1-768x576.jpeg 768w\" sizes=\"(max-width: 1024px) 100vw, 1024px\" \/><\/figure><\/div>\n\n<p>A protec\u00e7\u00e3o dos ecossistemas \u00e9 uma tarefa importante e desafiante para os agricultores. A redu\u00e7\u00e3o das amea\u00e7as da agricultura \u00e0 biodiversidade \u00e9 um dos maiores desafios para os decisores pol\u00edticos na Pol\u00f3nia e a n\u00edvel europeu e global.<\/p>\n\n<p>Prevenir a degrada\u00e7\u00e3o da paisagem rural e manter as suas fun\u00e7\u00f5es ecol\u00f3gicas, optimizando simultaneamente a produtividade da produ\u00e7\u00e3o alimentar, requer muitas medidas pol\u00edticas. Estas incluem moldar a estrutura espacial da paisagem e promover a utiliza\u00e7\u00e3o de pr\u00e1ticas agr\u00edcolas apropriadas.<\/p>\n\n<p>Uma paisagem rural devidamente estruturada deve integrar terras agr\u00edcolas com elementos de infra-estruturas ecol\u00f3gicas tais como manchas florestais, faixas de meio-campo, habitats naturais e semi-naturais de pequena e m\u00e9dia dimens\u00e3o, corredores ecol\u00f3gicos, zonas tamp\u00e3o, valas, lagoas, etc. O n\u00famero e distribui\u00e7\u00e3o destes elementos da paisagem deve assegurar a diversidade ecol\u00f3gica dentro da estrutura da paisagem. Com uma rede devidamente formada de ecossistemas semi-naturais, tal paisagem \u00e9 a base para a optimiza\u00e7\u00e3o da economia agr\u00edcola. No entanto, esta abordagem \u00e9 de conhecimento intensivo e os agricultores precisam de apoio com muitas formas de novas informa\u00e7\u00f5es e compet\u00eancias.<\/p>\n\n<p>O relat\u00f3rio completo (em ingl\u00eas) pode ser consultado aqui<\/p>\n\n<div class=\"wp-block-file\"><object class=\"wp-block-file__embed\" data=\"https:\/\/agrilink2020.eu\/wp-content\/uploads\/2021\/06\/D2.2_PL.GDPR_.pdf\" type=\"application\/pdf\" style=\"width:100%;height:600px\" aria-label=\"Incorpora\u00e7\u00e3o de Embed of D2.2_PL.GDPR..\"><\/object><a id=\"wp-block-file--media-d10c3fb3-c363-416c-a096-f62ba2a55a7c\" href=\"https:\/\/agrilink2020.eu\/wp-content\/uploads\/2021\/06\/D2.2_PL.GDPR_.pdf\">D2.2_PL.GDPR<\/a><a href=\"https:\/\/agrilink2020.eu\/wp-content\/uploads\/2021\/06\/D2.2_PL.GDPR_.pdf\" class=\"wp-block-file__button\" download=\"\" aria-describedby=\"wp-block-file--media-d10c3fb3-c363-416c-a096-f62ba2a55a7c\">Download<\/a><\/div>\n\n<hr class=\"wp-block-separator\"\/>\n\n<h2>Parceiro e pessoa respons\u00e1vel de contacto<\/h2>\n\n<div class=\"wp-block-image\"><figure class=\"aligncenter size-full\"><img decoding=\"async\" loading=\"lazy\" width=\"80\" height=\"73\" src=\"https:\/\/agrilink2020.eu\/wp-content\/uploads\/2021\/06\/d9a2021af92b7403b37c51e7be2f1da8.png\" alt=\"\" class=\"wp-image-250\"\/><\/figure><\/div>\n\n<h2>Centro de Consultoria Agr\u00edcola (AAC)<\/h2>\n\n<p>Mateusz Sekowski, <a href=\"mailto:m.sekowski@cdr.gov.pl\">m.sekowski@cdr.gov.pl<\/a><\/p>\n\n<hr class=\"wp-block-separator\"\/>\n\n<h2>Li\u00e7\u00f5es aprendidas<\/h2>\n\n<ol><li>O papel dos conselheiros agr\u00edcolas na regi\u00e3o de Siedleckie \u00e9 significativo. Os consultores do sector p\u00fablico que cooperam com os agricultores a n\u00edvel regional desempenham um papel importante no aconselhamento sobre todas as formas de inova\u00e7\u00e3o. Reuni\u00f5es regulares (uma a uma ou colectivas) com conselheiros ajudam a racionalizar a tomada de decis\u00f5es dos agricultores relativamente \u00e0 avalia\u00e7\u00e3o das inova\u00e7\u00f5es para introdu\u00e7\u00e3o nas suas explora\u00e7\u00f5es agr\u00edcolas. A grande maioria da interac\u00e7\u00e3o agricultor-conselheiro ocorre em sess\u00f5es de forma\u00e7\u00e3o, workshops, e semin\u00e1rios &#8220;um a um&#8221;.<\/li><li>Os conselheiros p\u00fablicos s\u00e3o os principais prestadores de aconselhamento para a maioria dos agricultores da regi\u00e3o. Isto deve-se \u00e0 longa hist\u00f3ria de consultoria p\u00fablica da regi\u00e3o, \u00e0 confian\u00e7a nas rela\u00e7\u00f5es entre agricultores e consultores, e \u00e0s elevadas compet\u00eancias demonstradas pelos consultores em mat\u00e9ria de inova\u00e7\u00e3o.<\/li><li>Outra importante fonte de aconselhamento s\u00e3o os agricultores vizinhos (troca de conhecimentos entre pares), especialmente aqueles que interagem e partilham frequentemente informa\u00e7\u00f5es e ideias.<\/li><\/ol>\n\n<p><\/p>\n","protected":false},"excerpt":{"rendered":"<p>Regi\u00e3o Siedleckie \u00e9 uma regi\u00e3o agr\u00edcola importante na Pol\u00f3nia com grandes \u00e1reas de terras agr\u00edcolas produtivas devido \u00e0s condi\u00e7\u00f5es edafoclim\u00e1ticas favor\u00e1veis. A regi\u00e3o \u00e9 um importante produtor de culturas arvenses (cereais, batatas, ervilhas e feij\u00f5es) e de frutos (framboesas, groselhas, morangos e ma\u00e7\u00e3s). Tem tamb\u00e9m uma elevada concentra\u00e7\u00e3o de s\u00edtios Natura 2000 que s\u00e3o importantes &hellip; <a href=\"https:\/\/www.agrilink2020.eu\/pt-pt\/investigadores\/recursos-naturais-e-gestao-comum\">Continued<\/a><\/p>\n","protected":false},"author":2,"featured_media":7512,"comment_status":"open","ping_status":"open","sticky":false,"template":"","format":"standard","meta":[],"categories":[130,131,173,175],"tags":[480],"region":[782],"country":[558],"work_package":[235],"keyword":[310],"_links":{"self":[{"href":"https:\/\/www.agrilink2020.eu\/pt-pt\/wp-json\/wp\/v2\/posts\/10239"}],"collection":[{"href":"https:\/\/www.agrilink2020.eu\/pt-pt\/wp-json\/wp\/v2\/posts"}],"about":[{"href":"https:\/\/www.agrilink2020.eu\/pt-pt\/wp-json\/wp\/v2\/types\/post"}],"author":[{"embeddable":true,"href":"https:\/\/www.agrilink2020.eu\/pt-pt\/wp-json\/wp\/v2\/users\/2"}],"replies":[{"embeddable":true,"href":"https:\/\/www.agrilink2020.eu\/pt-pt\/wp-json\/wp\/v2\/comments?post=10239"}],"version-history":[{"count":1,"href":"https:\/\/www.agrilink2020.eu\/pt-pt\/wp-json\/wp\/v2\/posts\/10239\/revisions"}],"predecessor-version":[{"id":10240,"href":"https:\/\/www.agrilink2020.eu\/pt-pt\/wp-json\/wp\/v2\/posts\/10239\/revisions\/10240"}],"wp:featuredmedia":[{"embeddable":true,"href":"https:\/\/www.agrilink2020.eu\/pt-pt\/wp-json\/wp\/v2\/media\/7512"}],"wp:attachment":[{"href":"https:\/\/www.agrilink2020.eu\/pt-pt\/wp-json\/wp\/v2\/media?parent=10239"}],"wp:term":[{"taxonomy":"category","embeddable":true,"href":"https:\/\/www.agrilink2020.eu\/pt-pt\/wp-json\/wp\/v2\/categories?post=10239"},{"taxonomy":"post_tag","embeddable":true,"href":"https:\/\/www.agrilink2020.eu\/pt-pt\/wp-json\/wp\/v2\/tags?post=10239"},{"taxonomy":"region","embeddable":true,"href":"https:\/\/www.agrilink2020.eu\/pt-pt\/wp-json\/wp\/v2\/region?post=10239"},{"taxonomy":"country","embeddable":true,"href":"https:\/\/www.agrilink2020.eu\/pt-pt\/wp-json\/wp\/v2\/country?post=10239"},{"taxonomy":"work_package","embeddable":true,"href":"https:\/\/www.agrilink2020.eu\/pt-pt\/wp-json\/wp\/v2\/work_package?post=10239"},{"taxonomy":"keyword","embeddable":true,"href":"https:\/\/www.agrilink2020.eu\/pt-pt\/wp-json\/wp\/v2\/keyword?post=10239"}],"curies":[{"name":"wp","href":"https:\/\/api.w.org\/{rel}","templated":true}]}}