{"id":6127,"date":"2021-11-11T14:21:40","date_gmt":"2021-11-11T14:21:40","guid":{"rendered":"https:\/\/legacy.agrilink2020.eu\/sem-categoria\/laboratorio-vivo-rotacao-de-culturas-entre-exploracoes-agricolas-desenvolvimento-de-servicos-e-ferramentas-de-apoio-a-inovacao"},"modified":"2022-04-12T19:36:36","modified_gmt":"2022-04-12T19:36:36","slug":"laboratorio-vivo-rotacao-de-culturas-entre-exploracoes-agricolas-desenvolvimento-de-servicos-e-ferramentas-de-apoio-a-inovacao","status":"publish","type":"post","link":"https:\/\/www.agrilink2020.eu\/pt-pt\/investigadores\/laboratorio-vivo-rotacao-de-culturas-entre-exploracoes-agricolas-desenvolvimento-de-servicos-e-ferramentas-de-apoio-a-inovacao","title":{"rendered":"Laborat\u00f3rio Vivo: Rota\u00e7\u00e3o de culturas entre explora\u00e7\u00f5es agr\u00edcolas: Desenvolvimento de servi\u00e7os e ferramentas de apoio \u00e0 inova\u00e7\u00e3o"},"content":{"rendered":"\n<h2 id=\"trondelag-county-norway\">Condado de Tr\u00f8ndelag, Noruega<\/h2>\n\n<p>O objectivo do Laborat\u00f3rio Vivo Noruegu\u00eas era apoiar o desenvolvimento de m\u00e9todos e instrumentos de aconselhamento que apoiassem a coopera\u00e7\u00e3o entre agricultores para estabelecer rota\u00e7\u00f5es de culturas mais diversificadas &#8211; tanto em explora\u00e7\u00f5es individuais como &#8220;partilhadas&#8221; entre explora\u00e7\u00f5es &#8211; atrav\u00e9s da inclus\u00e3o de combina\u00e7\u00f5es mais diversas de diferentes tipos de culturas de cereais, prados tempor\u00e1rios (semeados), batatas e\/ou vegetais.<\/p>\n\n<figure class=\"wp-block-image is-style-default\"><img decoding=\"async\" src=\"https:\/\/www.agrilink2020.eu\/wp-content\/uploads\/2020\/04\/Norway.2-e1587023076382.jpg\" alt=\"\"\/><\/figure>\n\n<h2 id=\"context-theme-and-target-group\">Contexto, tema e grupo-alvo<\/h2>\n\n<figure class=\"wp-block-table\"><table><tbody><tr><td>O Living Lab foi integrado como parte de um projecto de Rota\u00e7\u00e3o de Culturas organizado pelo Servi\u00e7o Noruegu\u00eas de Extens\u00e3o Agr\u00edcola Tr\u00f8ndelag (uma cooperativa de agricultores). Os principais grupos-alvo eram os consultores da cooperativa, mais os agricultores da regi\u00e3o. <\/td><\/tr><tr><td>O condado de Tr\u00f8ndelag est\u00e1 localizado no centro da Noruega e \u00e9 uma das tr\u00eas regi\u00f5es mais importantes para a agricultura do pa\u00eds, com um total de 5.600 explora\u00e7\u00f5es agr\u00edcolas. A agricultura leiteira e a produ\u00e7\u00e3o de cereais s\u00e3o as actividades agr\u00edcolas mais comuns. Uma propor\u00e7\u00e3o significativa (31%) das terras ar\u00e1veis do condado \u00e9 utilizada para a produ\u00e7\u00e3o de cereais com rota\u00e7\u00f5es de culturas especializadas que incluem tipicamente 85% de cevada, 10% de aveia e 5% de trigo. Pequenas \u00e1reas de terra ar\u00e1vel s\u00e3o tamb\u00e9m utilizadas para batatas e legumes.   <\/td><\/tr><\/tbody><\/table><\/figure>\n\n<figure class=\"is-layout-flex wp-block-gallery-1 wp-block-gallery has-nested-images columns-default is-cropped\">\n<figure class=\"wp-block-image size-large\"><img decoding=\"async\" loading=\"lazy\" width=\"694\" height=\"925\" data-id=\"622\"  src=\"https:\/\/agrilink.staging.nvt.agency\/wp-content\/uploads\/2021\/11\/Norway.4.jpg\" alt=\"\" class=\"wp-image-622\" srcset=\"https:\/\/www.agrilink2020.eu\/wp-content\/uploads\/2021\/11\/Norway.4.jpg 694w, https:\/\/www.agrilink2020.eu\/wp-content\/uploads\/2021\/11\/Norway.4-225x300.jpg 225w\" sizes=\"(max-width: 694px) 100vw, 694px\" \/><\/figure>\n\n\n\n<figure class=\"wp-block-image size-large\"><img decoding=\"async\" loading=\"lazy\" width=\"1024\" height=\"825\" data-id=\"620\"  src=\"https:\/\/agrilink.staging.nvt.agency\/wp-content\/uploads\/2021\/11\/Norway.1-1024x825.jpg\" alt=\"\" class=\"wp-image-620\" srcset=\"https:\/\/www.agrilink2020.eu\/wp-content\/uploads\/2021\/11\/Norway.1-1024x825.jpg 1024w, https:\/\/www.agrilink2020.eu\/wp-content\/uploads\/2021\/11\/Norway.1-300x242.jpg 300w, https:\/\/www.agrilink2020.eu\/wp-content\/uploads\/2021\/11\/Norway.1-768x619.jpg 768w, https:\/\/www.agrilink2020.eu\/wp-content\/uploads\/2021\/11\/Norway.1-1536x1238.jpg 1536w, https:\/\/www.agrilink2020.eu\/wp-content\/uploads\/2021\/11\/Norway.1.jpg 1645w\" sizes=\"(max-width: 1024px) 100vw, 1024px\" \/><\/figure>\n\n\n\n<figure class=\"wp-block-image size-large\"><img decoding=\"async\" loading=\"lazy\" width=\"1024\" height=\"768\" data-id=\"621\"  src=\"https:\/\/agrilink.staging.nvt.agency\/wp-content\/uploads\/2021\/11\/Norway.3-1024x768.jpg\" alt=\"\" class=\"wp-image-621\" srcset=\"https:\/\/www.agrilink2020.eu\/wp-content\/uploads\/2021\/11\/Norway.3-1024x768.jpg 1024w, https:\/\/www.agrilink2020.eu\/wp-content\/uploads\/2021\/11\/Norway.3-300x225.jpg 300w, https:\/\/www.agrilink2020.eu\/wp-content\/uploads\/2021\/11\/Norway.3-768x576.jpg 768w, https:\/\/www.agrilink2020.eu\/wp-content\/uploads\/2021\/11\/Norway.3.jpg 1315w\" sizes=\"(max-width: 1024px) 100vw, 1024px\" \/><\/figure>\n<figcaption class=\"blocks-gallery-caption\"><br><\/figcaption><\/figure>\n\n<figure class=\"wp-block-table\"><table><tbody><tr><td>As rota\u00e7\u00f5es de culturas em explora\u00e7\u00f5es agr\u00edcolas individuais na regi\u00e3o tenderam a tornar-se muito especializadas e em alguns casos s\u00e3o simples monoculturas. S\u00e3o necess\u00e1rias rota\u00e7\u00f5es de culturas mais diversificadas para a) melhorar a fertilidade do solo, a sa\u00fade das plantas e o rendimento; b) reduzir a necessidade de fertilizantes e pesticidas (e por conseguinte os custos), e; c) consequentemente produzir benef\u00edcios econ\u00f3micos para os agricultores. Uma op\u00e7\u00e3o para introduzir culturas adicionais na rota\u00e7\u00e3o \u00e9 a coopera\u00e7\u00e3o entre explora\u00e7\u00f5es agr\u00edcolas vizinhas, especialmente quando os vizinhos s\u00e3o especializados em culturas complementares.      <\/td><\/tr><tr><td>Por exemplo, um agricultor especializado no cultivo de cevada e batata que se encontrava junto a uma explora\u00e7\u00e3o leiteira podia introduzir uma cultura de erva para ensilagem na sua rota\u00e7\u00e3o enquanto o seu vizinho semeava cevada ou batata num ou mais dos seus campos de erva durante o mesmo per\u00edodo. <\/td><\/tr><\/tbody><\/table><\/figure>\n\n<h2 id=\"partner-and-responsible-person-contact\">Parceiro e pessoa respons\u00e1vel de contacto<\/h2>\n<div class=\"block2-partner\">\n\n        <div class=\"block2-content\">\n            <h3 class=\"block2-title text-h3\">Ruralis<\/h3>\n\n                                                <div class=\"block2-contact-item\">\n                        <span class=\"block2-name\">\n                            Egil Petter Str\u00e6te,                        <\/span>\n                        <a class=\"block2-email\" href=\"mailto:egil.petter.strate@ruralis.no\">\n                            egil.petter.strate@ruralis.no                        <\/a>\n                    <\/div>\n                                    <div class=\"block2-contact-item\">\n                        <span class=\"block2-name\">\n                            Gunn-Turid Kvam,                        <\/span>\n                        <a class=\"block2-email\" href=\"mailto:gunn.turid.kvam@ruralis.no\">\n                            gunn.turid.kvam@ruralis.no                        <\/a>\n                    <\/div>\n                            \n            <div class=\"block2-description\">Ruralis trabalha em conjunto com o Servi\u00e7o Noruegu\u00eas de Extens\u00e3o Agr\u00edcola Tr\u00f8ndelag (Astrid Johansen, astrid.johansen@nlr.no)<\/div>\n        <\/div>\n\n\n        <div class=\"block2-logo-wrapper\">\n            <div class=\"block2-logo\">\n                <img width=\"200\" height=\"49\" src=\"https:\/\/www.agrilink2020.eu\/wp-content\/uploads\/2021\/11\/ruralis-logo-hor-en_medium.png\" class=\"attachment-full size-full\" alt=\"\" decoding=\"async\" loading=\"lazy\" \/>            <\/div>\n            <a class=\"block-link text-detail\" href=\"www.ruralis.no\">\n                www.ruralis.no            <\/a>\n        <\/div>\n\n<\/div>\n\n<h2 id=\"the-living-lab-story\">A hist\u00f3ria do Living Lab<\/h2>\n\n<p>O Living Lab come\u00e7ou no Outono de 2017. As actividades iniciais do Living Lab centraram-se em estabelecer comunica\u00e7\u00e3o, construir confian\u00e7a, e organizar rotinas de trabalho com o projecto Crop Rotation, com o qual o Living Lab estava a ser integrado.  <\/p>\n\n<figure class=\"is-layout-flex wp-block-gallery-3 wp-block-gallery has-nested-images columns-default is-cropped\">\n<figure class=\"wp-block-image size-large\"><img decoding=\"async\" loading=\"lazy\" width=\"1024\" height=\"576\" data-id=\"580\"  src=\"https:\/\/agrilink.staging.nvt.agency\/wp-content\/uploads\/2021\/11\/AgriLink.Living.Lab_.Norway.3-1024x576.jpg\" alt=\"\" class=\"wp-image-580\" srcset=\"https:\/\/www.agrilink2020.eu\/wp-content\/uploads\/2021\/11\/AgriLink.Living.Lab_.Norway.3-1024x576.jpg 1024w, https:\/\/www.agrilink2020.eu\/wp-content\/uploads\/2021\/11\/AgriLink.Living.Lab_.Norway.3-300x169.jpg 300w, https:\/\/www.agrilink2020.eu\/wp-content\/uploads\/2021\/11\/AgriLink.Living.Lab_.Norway.3-768x432.jpg 768w, https:\/\/www.agrilink2020.eu\/wp-content\/uploads\/2021\/11\/AgriLink.Living.Lab_.Norway.3-1536x864.jpg 1536w, https:\/\/www.agrilink2020.eu\/wp-content\/uploads\/2021\/11\/AgriLink.Living.Lab_.Norway.3.jpg 1645w\" sizes=\"(max-width: 1024px) 100vw, 1024px\" \/><\/figure>\n\n\n\n<figure class=\"wp-block-image size-large\"><img decoding=\"async\" loading=\"lazy\" width=\"1024\" height=\"576\" data-id=\"579\"  src=\"https:\/\/agrilink.staging.nvt.agency\/wp-content\/uploads\/2021\/11\/AgriLink.Living.Lab_.Norway.2-1024x576.jpg\" alt=\"\" class=\"wp-image-579\" srcset=\"https:\/\/www.agrilink2020.eu\/wp-content\/uploads\/2021\/11\/AgriLink.Living.Lab_.Norway.2-1024x576.jpg 1024w, https:\/\/www.agrilink2020.eu\/wp-content\/uploads\/2021\/11\/AgriLink.Living.Lab_.Norway.2-300x169.jpg 300w, https:\/\/www.agrilink2020.eu\/wp-content\/uploads\/2021\/11\/AgriLink.Living.Lab_.Norway.2-768x432.jpg 768w, https:\/\/www.agrilink2020.eu\/wp-content\/uploads\/2021\/11\/AgriLink.Living.Lab_.Norway.2-1536x864.jpg 1536w, https:\/\/www.agrilink2020.eu\/wp-content\/uploads\/2021\/11\/AgriLink.Living.Lab_.Norway.2.jpg 1645w\" sizes=\"(max-width: 1024px) 100vw, 1024px\" \/><\/figure>\n\n\n\n<figure class=\"wp-block-image size-large\"><img decoding=\"async\" loading=\"lazy\" width=\"1024\" height=\"768\" data-id=\"623\"  src=\"https:\/\/agrilink.staging.nvt.agency\/wp-content\/uploads\/2021\/11\/Norway.5-1024x768.jpg\" alt=\"\" class=\"wp-image-623\" srcset=\"https:\/\/www.agrilink2020.eu\/wp-content\/uploads\/2021\/11\/Norway.5-1024x768.jpg 1024w, https:\/\/www.agrilink2020.eu\/wp-content\/uploads\/2021\/11\/Norway.5-300x225.jpg 300w, https:\/\/www.agrilink2020.eu\/wp-content\/uploads\/2021\/11\/Norway.5-768x576.jpg 768w, https:\/\/www.agrilink2020.eu\/wp-content\/uploads\/2021\/11\/Norway.5-1536x1152.jpg 1536w, https:\/\/www.agrilink2020.eu\/wp-content\/uploads\/2021\/11\/Norway.5-2048x1536.jpg 2048w\" sizes=\"(max-width: 1024px) 100vw, 1024px\" \/><\/figure>\n<figcaption class=\"blocks-gallery-caption\"><br><\/figcaption><\/figure>\n\n<figure class=\"wp-block-table\"><table><tbody><tr><td>Foram desenvolvidos tr\u00eas &#8216;di\u00e1logos&#8217; principais entre os agricultores participantes, conselheiros e investigadores:O primeiro di\u00e1logo foi entre conselheiros e agricultores. Os conselheiros contactaram grupos de agricultores com experi\u00eancia em rota\u00e7\u00e3o de culturas com o objectivo de aprender com eles. O segundo di\u00e1logo foi entre os investigadores e os agricultores. Durante entrevistas pessoais e grupos focais, os investigadores tomaram conhecimento das condi\u00e7\u00f5es mais adequadas para cooperar com os agricultores e discutiram os elementos potenciais de um novo servi\u00e7o de aconselhamento. O terceiro di\u00e1logo foi entre conselheiros e investigadores durante reuni\u00f5es para a) partilhar conhecimentos e experi\u00eancias dos di\u00e1logos que tiveram com os agricultores; b) reflectir sobre essas experi\u00eancias, e; c) discutir ideias e conceitos para um novo servi\u00e7o de aconselhamento agr\u00edcola.       <\/td><\/tr><tr><td>Infelizmente, o elemento de co-cria\u00e7\u00e3o do Living Lab foi atrasado e n\u00e3o foi totalmente conclu\u00eddo. Isto deveu-se a uma s\u00e9rie de factores: o projecto Crop Rotation sofreu uma reorganiza\u00e7\u00e3o envolvendo nova propriedade, um novo l\u00edder do projecto e uma redu\u00e7\u00e3o do or\u00e7amento e das actividades. Isto tamb\u00e9m teve impacto no Living Lab. A falta geral de conhecimento e experi\u00eancia com a metodologia do Living Lab limitou o progresso com a sua implementa\u00e7\u00e3o. Os conselheiros agr\u00edcolas e investigadores estavam ocupados com outras tarefas e nem sempre capazes de se envolverem com o Living Lab. O Living Lab come\u00e7ou bem e foi necess\u00e1rio tempo adequado para que todos os participantes se conhecessem e desenvolvessem a abertura e confian\u00e7a necess\u00e1rias. No entanto, as restri\u00e7\u00f5es Covid-19 de Mar\u00e7o de 2020 pararam o Laborat\u00f3rio antes que o processo de co-cria\u00e7\u00e3o pudesse ser conclu\u00eddo.    <\/td><\/tr><\/tbody><\/table><\/figure>\n\n<h2 id=\"lessons-learned\">Li\u00e7\u00f5es aprendidas<\/h2>\n\n<figure class=\"wp-block-table\"><table><tbody><tr><td><strong>Exist\u00eancia de um problema ou oportunidade<\/strong><br\/>Os participantes num Laborat\u00f3rio Vivo devem reconhecer que algo \u00e9 um problema ou que existe uma oportunidade a explorar. Sem tal reconhecimento n\u00e3o h\u00e1 base para estabelecer um Living Lab e n\u00e3o h\u00e1 motiva\u00e7\u00e3o para se envolver com ele. <\/td><\/tr><tr><td><strong>Parceria e coopera\u00e7\u00e3o<\/strong><br\/>Os participantes num Living Lab devem reconhecer que a coopera\u00e7\u00e3o entre v\u00e1rios parceiros tem o potencial de desenvolver uma solu\u00e7\u00e3o para um problema ou de tirar partido de uma oportunidade. Um Living Lab n\u00e3o precisa de envolver uma ampla parceria com muitos participantes, mas em alguns casos ser\u00e1 necess\u00e1rio. <\/td><\/tr><tr><td><strong>Motiva\u00e7\u00e3o, compromisso e propriedade <\/strong><br\/>Os participantes devem tomar posse do processo do Living Lab. Sem esta apropria\u00e7\u00e3o, \u00e9 dif\u00edcil cooperar e fazer progressos. Um Living Lab deve, portanto, ser realista para levar a cabo e ser concebido\/gerido para responder \u00e0s necessidades reais dos participantes. Se faltar motiva\u00e7\u00e3o, pode ser necess\u00e1rio adaptar o Living Lab e concentrar-se em necessidades mais relevantes. O ideal \u00e9 que o financiamento esteja pronto antes de come\u00e7ar, para que os participantes saibam que t\u00eam um or\u00e7amento. Todas as actividades que se espera que sejam apoiadas por este or\u00e7amento devem ser bem definidas.    <\/td><\/tr><tr><td><strong>Facilita\u00e7\u00e3o e coopera\u00e7\u00e3o<\/strong><br\/>Um Living Lab necessita do apoio de um facilitador com a compet\u00eancia e independ\u00eancia necess\u00e1rias para ajudar os participantes, incluindo aqueles que se apropriaram do trabalho e\/ou da responsabilidade de liderar o processo. A confian\u00e7a m\u00fatua \u00e9 essencial para uma coopera\u00e7\u00e3o eficaz com um facilitador.  <\/td><\/tr><tr><td><strong>Servi\u00e7o de aconselhamento<\/strong><br\/>O estabelecimento de um servi\u00e7o de aconselhamento para apoiar a coopera\u00e7\u00e3o entre agricultores no estabelecimento de rota\u00e7\u00f5es de culturas mais &#8220;partilhadas&#8221; entre explora\u00e7\u00f5es agr\u00edcolas era complexo e exigente. Os consultores exigiam a) conhecimento t\u00e9cnico interdisciplinar sobre os diversos sistemas de rota\u00e7\u00e3o de culturas que estavam a ajudar a desenvolver; b) compet\u00eancias e experi\u00eancia para estabelecer e gerir actividades de aconselhamento de grupo, e; c) compet\u00eancias e ferramentas espec\u00edficas para facilitar os processos de co-cria\u00e7\u00e3o.     <\/td><\/tr><\/tbody><\/table><\/figure>\n\n<hr class=\"wp-block-separator\"\/>\n\n<p><strong>More info about the Norway Living Lab<\/strong> (in English)<\/p>\n\n<p><a href=\"https:\/\/www.agrilink2020.eu\/wp-content\/uploads\/2020\/04\/PA7-Crop-rotation-between-farms-in-Norway-Developing-innovation-support-services-and-tools-through-Living-Lab_RUR.pdf\">Practice Abstract 7 \u2013 <strong>Crop rotation between farms in Norway: Developing innovation support services and tools through Living Lab<\/strong> (RURALIS)<\/a><\/p>\n\n<p><a href=\"https:\/\/www.agrilink2020.eu\/wp-content\/uploads\/2020\/04\/PA44-How-to-make-a-Living-Lab-work-in-an-agricultural-advisory-service.pdf\">Practice Abstract 44 <strong>\u2013 How to make a Living Lab work in an agricultural advisory service<\/strong><\/a><\/p>\n\n<p><a href=\"https:\/\/www.agrilink2020.eu\/wp-content\/uploads\/2020\/04\/PA50-Factors-delaying-co-creation-and-progress-of-a-Living-Lab.pdf\">Practice Abstract 50 \u2013 <strong>Factors delaying co-creation and progress of a Living Lab<\/strong><\/a><\/p>\n\n<p>Info on Ruralis website:<\/p>\n\n<ul><li><a href=\"https:\/\/ruralis.no\/en\/2018\/03\/06\/living-lab\/\">https:\/\/ruralis.no\/en\/2018\/03\/06\/living-lab\/<\/a><\/li><li><a href=\"https:\/\/ruralis.no\/en\/2017\/01\/13\/new-eu-project-will-contribute-to-increased-knowledge-and-better-farm-advice-in-european-agriculture\/\">https:\/\/ruralis.no\/en\/2017\/01\/13\/new-eu-project-will-contribute-to-increased-knowledge-and-better-farm-advice-in-european-agriculture\/<\/a><\/li><\/ul>\n\n<p>Blog post on AgriLink website:<\/p>\n\n<ul><li><a href=\"https:\/\/www.agrilink2020.eu\/news-mobilizing-farmers-for-crop-rotation-in-norwegian-living-lab\/\">https:\/\/www.agrilink2020.eu\/news-mobilizing-farmers-for-crop-rotation-in-norwegian-living-lab\/<\/a><\/li><\/ul>\n","protected":false},"excerpt":{"rendered":"<p>Condado de Tr\u00f8ndelag, Noruega O objectivo do Laborat\u00f3rio Vivo Noruegu\u00eas era apoiar o desenvolvimento de m\u00e9todos e instrumentos de aconselhamento que apoiassem a coopera\u00e7\u00e3o entre agricultores para estabelecer rota\u00e7\u00f5es de culturas mais diversificadas &#8211; tanto em explora\u00e7\u00f5es individuais como &#8220;partilhadas&#8221; entre explora\u00e7\u00f5es &#8211; atrav\u00e9s da inclus\u00e3o de combina\u00e7\u00f5es mais diversas de diferentes tipos de culturas &hellip; <a href=\"https:\/\/www.agrilink2020.eu\/pt-pt\/investigadores\/laboratorio-vivo-rotacao-de-culturas-entre-exploracoes-agricolas-desenvolvimento-de-servicos-e-ferramentas-de-apoio-a-inovacao\">Continued<\/a><\/p>\n","protected":false},"author":2,"featured_media":5158,"comment_status":"open","ping_status":"open","sticky":false,"template":"","format":"standard","meta":[],"categories":[130,131,173,174,175],"tags":[198],"region":[510],"country":[343],"work_package":[244],"keyword":[307,310],"_links":{"self":[{"href":"https:\/\/www.agrilink2020.eu\/pt-pt\/wp-json\/wp\/v2\/posts\/6127"}],"collection":[{"href":"https:\/\/www.agrilink2020.eu\/pt-pt\/wp-json\/wp\/v2\/posts"}],"about":[{"href":"https:\/\/www.agrilink2020.eu\/pt-pt\/wp-json\/wp\/v2\/types\/post"}],"author":[{"embeddable":true,"href":"https:\/\/www.agrilink2020.eu\/pt-pt\/wp-json\/wp\/v2\/users\/2"}],"replies":[{"embeddable":true,"href":"https:\/\/www.agrilink2020.eu\/pt-pt\/wp-json\/wp\/v2\/comments?post=6127"}],"version-history":[{"count":3,"href":"https:\/\/www.agrilink2020.eu\/pt-pt\/wp-json\/wp\/v2\/posts\/6127\/revisions"}],"predecessor-version":[{"id":6130,"href":"https:\/\/www.agrilink2020.eu\/pt-pt\/wp-json\/wp\/v2\/posts\/6127\/revisions\/6130"}],"wp:featuredmedia":[{"embeddable":true,"href":"https:\/\/www.agrilink2020.eu\/pt-pt\/wp-json\/wp\/v2\/media\/5158"}],"wp:attachment":[{"href":"https:\/\/www.agrilink2020.eu\/pt-pt\/wp-json\/wp\/v2\/media?parent=6127"}],"wp:term":[{"taxonomy":"category","embeddable":true,"href":"https:\/\/www.agrilink2020.eu\/pt-pt\/wp-json\/wp\/v2\/categories?post=6127"},{"taxonomy":"post_tag","embeddable":true,"href":"https:\/\/www.agrilink2020.eu\/pt-pt\/wp-json\/wp\/v2\/tags?post=6127"},{"taxonomy":"region","embeddable":true,"href":"https:\/\/www.agrilink2020.eu\/pt-pt\/wp-json\/wp\/v2\/region?post=6127"},{"taxonomy":"country","embeddable":true,"href":"https:\/\/www.agrilink2020.eu\/pt-pt\/wp-json\/wp\/v2\/country?post=6127"},{"taxonomy":"work_package","embeddable":true,"href":"https:\/\/www.agrilink2020.eu\/pt-pt\/wp-json\/wp\/v2\/work_package?post=6127"},{"taxonomy":"keyword","embeddable":true,"href":"https:\/\/www.agrilink2020.eu\/pt-pt\/wp-json\/wp\/v2\/keyword?post=6127"}],"curies":[{"name":"wp","href":"https:\/\/api.w.org\/{rel}","templated":true}]}}