{"id":7115,"date":"2022-03-10T09:01:26","date_gmt":"2022-03-10T09:01:26","guid":{"rendered":"https:\/\/legacy.agrilink2020.eu\/sem-categoria\/evolucao-das-tecnicas-de-protecao-integrada-e-dos-servicos-de-aconselhamento-agricola-regionais"},"modified":"2022-04-17T10:13:34","modified_gmt":"2022-04-17T10:13:34","slug":"evolucao-das-tecnicas-de-protecao-integrada-e-dos-servicos-de-aconselhamento-agricola-regionais","status":"publish","type":"post","link":"https:\/\/www.agrilink2020.eu\/pt-pt\/investigadores\/evolucao-das-tecnicas-de-protecao-integrada-e-dos-servicos-de-aconselhamento-agricola-regionais","title":{"rendered":"Evolu\u00e7\u00e3o das t\u00e9cnicas de prote\u00e7\u00e3o integrada e dos servi\u00e7os de aconselhamento agr\u00edcola regionais"},"content":{"rendered":"\n<h2>Regi\u00e3o<\/h2>\n\n<p>Navarra est\u00e1 localizada no norte de Espanha, fazendo fronteira com a Fran\u00e7a. \u00c9 uma pequena regi\u00e3o com muitos tipos diferentes de produ\u00e7\u00e3o agr\u00edcola. O gado bovino e ovino para produ\u00e7\u00e3o de carne e leite predominam no norte, enquanto a horticultura intensiva ligada \u00e0 ind\u00fastria agro-alimentar \u00e9 mais importante no sul.  <\/p>\n\n<div class=\"wp-block-image\"><figure class=\"aligncenter size-full\"><img decoding=\"async\" loading=\"lazy\" width=\"852\" height=\"605\" src=\"https:\/\/agrilink2020.eu\/wp-content\/uploads\/2022\/03\/F.2.jpg\" alt=\"\" class=\"wp-image-3541\" srcset=\"https:\/\/www.agrilink2020.eu\/wp-content\/uploads\/2022\/03\/F.2.jpg 852w, https:\/\/www.agrilink2020.eu\/wp-content\/uploads\/2022\/03\/F.2-300x213.jpg 300w, https:\/\/www.agrilink2020.eu\/wp-content\/uploads\/2022\/03\/F.2-768x545.jpg 768w\" sizes=\"(max-width: 852px) 100vw, 852px\" \/><figcaption>Mapa da regi\u00e3o<\/figcaption><\/figure><\/div>\n\n<h2>Foco do estudo<\/h2>\n\n<p>Historicamente, a aplica\u00e7\u00e3o de t\u00e9cnicas de prote\u00e7\u00e3o integada em Navarra tem-se baseado na utiliza\u00e7\u00e3o de medidas preventivas desencadeadas por um Sistema de Monitoriza\u00e7\u00e3o e Alerta de Pragas. Este sistema conta com financiamento p\u00fablico e com o apoio t\u00e9cnico do servi\u00e7o consultivo regional (INTIA), fornecendo conhecimentos relevantes aos agricultores. Outras t\u00e9cnicas de prote\u00e7\u00e3o integrada, como o controlo biol\u00f3gico e a utiliza\u00e7\u00e3o de feromonas, t\u00eam sido utilizadas principalmente em estufas e vinhas por produtores de agricultura biol\u00f3gica e por aqueles que se preocupavam mais com quest\u00f5es ambientais e sanit\u00e1rias. <\/p>\n\n<div class=\"wp-block-image\"><figure class=\"aligncenter size-full\"><img decoding=\"async\" loading=\"lazy\" width=\"667\" height=\"376\" src=\"https:\/\/agrilink2020.eu\/wp-content\/uploads\/2022\/03\/CS_Navarra_Spain_IPM_2.jpeg\" alt=\"\" class=\"wp-image-3556\" srcset=\"https:\/\/www.agrilink2020.eu\/wp-content\/uploads\/2022\/03\/CS_Navarra_Spain_IPM_2.jpeg 667w, https:\/\/www.agrilink2020.eu\/wp-content\/uploads\/2022\/03\/CS_Navarra_Spain_IPM_2-300x169.jpeg 300w\" sizes=\"(max-width: 667px) 100vw, 667px\" \/><\/figure><\/div>\n\n<p>No entanto, nos \u00faltimos anos, os agricultores interessaram-se em aplicar t\u00e9cnicas de prote\u00e7\u00e3o integrada noutras culturas devido \u00e0 introdu\u00e7\u00e3o de novos regulamentos da UE, \u00e0 altera\u00e7\u00e3o das exig\u00eancias dos consumidores e \u00e0 reduzida disponibilidade de produtos qu\u00edmicos fitofarmac\u00eauticos convencionais <\/p>\n\n<p>Ao mesmo tempo, o leque de organiza\u00e7\u00f5es e empresas que aconselham os agricultores sobre a utiliza\u00e7\u00e3o inovadora das t\u00e9cnicas de prote\u00e7\u00e3o integrada tamb\u00e9m se tornou mais diversificado. Inqu\u00e9ritos realizados na regi\u00e3o mostraram que os agricultores se envolvem com uma vasta gama de fontes de informa\u00e7\u00e3o e aconselhamento (consultores p\u00fablicos e privados, ind\u00fastrias, cooperativas, Internet, etc.), e a opini\u00e3o e experi\u00eancia de outros agricultores s\u00e3o considerados cruciais quando se decide implementar a inova\u00e7\u00e3o. <\/p>\n\n<p>A decis\u00e3o de n\u00e3o adoptar t\u00e9cnicas de prote\u00e7\u00e3o integrada \u00e9 motivada por v\u00e1rios factores, incluindo a) a perce\u00e7\u00e3o de que s\u00e3o tecnicamente mais complexas e mais caras; b) a falta de procura no mercado de culturas cultivadas com t\u00e9cnicas de prote\u00e7\u00e3o integrada; e\/ou c) devido a preocupa\u00e7\u00f5es com a redu\u00e7\u00e3o da produtividade das culturas. Curiosamente, apenas alguns agricultores abandonaram t\u00e9cnicas inovadoras de prote\u00e7\u00e3o integrada depois de as terem adoptado e implementado.    <\/p>\n\n<p>O relat\u00f3rio completo (em ingl\u00eas) poder\u00e1 ser consultado aqui<\/p>\n\n<div class=\"wp-block-file\"><object class=\"wp-block-file__embed\" data=\"https:\/\/agrilink2020.eu\/wp-content\/uploads\/2021\/06\/D2.2_SP.GDPR_.pdf\" type=\"application\/pdf\" style=\"width:100%;height:600px\" aria-label=\"Incorpora\u00e7\u00e3o de Embed of D2.2_SP.GDPR..\"><\/object><a id=\"wp-block-file--media-92c8d45c-128e-45b0-84a1-1c63374130e8\" href=\"https:\/\/agrilink2020.eu\/wp-content\/uploads\/2021\/06\/D2.2_SP.GDPR_.pdf\">D2.2_SP.GDPR<\/a><a href=\"https:\/\/agrilink2020.eu\/wp-content\/uploads\/2021\/06\/D2.2_SP.GDPR_.pdf\" class=\"wp-block-file__button\" download=\"\" aria-describedby=\"wp-block-file--media-92c8d45c-128e-45b0-84a1-1c63374130e8\">Download<\/a><\/div>\n\n<hr class=\"wp-block-separator\"\/>\n\n<h2>Parceiro e pessoa de contacto<\/h2>\n\n<div class=\"wp-block-image\"><figure class=\"aligncenter size-full\"><img decoding=\"async\" loading=\"lazy\" width=\"300\" height=\"63\" src=\"https:\/\/agrilink2020.eu\/wp-content\/uploads\/2021\/11\/INTIA_large.png\" alt=\"\" class=\"wp-image-588\"\/><\/figure><\/div>\n\n<h2>INTIA<\/h2>\n\n<p>Noelia Telletxea, <a href=\"mailto:ntelletxea@intiasa.es\">ntelletxea@intiasa.es<\/a><\/p>\n\n<hr class=\"wp-block-separator\"\/>\n\n<h2>Li\u00e7\u00f5es aprendidas<\/h2>\n\n<ol><li>H\u00e1 um interesse crescente em Navarra acerca das inova\u00e7\u00f5es baseadas na utiliza\u00e7\u00e3o de m\u00e9todos alternativos que reduzam a utiliza\u00e7\u00e3o de produtos fitofarmac\u00eauticos e melhorem a biodiversidade, mitigando o impacto ambiental negativo dos m\u00e9todos convencionais de protec\u00e7\u00e3o de culturas.<\/li><li>Os agricultores da regi\u00e3o utilizam uma vasta gama de fontes de conhecimento e aconselhamento para recolher informa\u00e7\u00f5es sobre t\u00e9cnicas de prote\u00e7\u00e3o integrada (aconselhamento p\u00fablico, fornecedores de produtos, agroneg\u00f3cios, cooperativas, etc.). A maioria tem um t\u00e9cnico de aconselhamento agr\u00edcola de confian\u00e7a que visita regularmente a explora\u00e7\u00e3o, fornece solu\u00e7\u00f5es para os seus problemas e desempenha um papel importante na promo\u00e7\u00e3o de inova\u00e7\u00f5es por parte dos agricultores. No entanto, este consultor n\u00e3o \u00e9 a \u00fanica influ\u00eancia na decis\u00e3o de um agricultor de adoptar ou n\u00e3o uma inova\u00e7\u00e3o. Outros intervenientes tamb\u00e9m influenciam o processo de tomada de decis\u00e3o.   <\/li><li>Os agricultores entrevistados no estudo de caso salientaram a import\u00e2ncia da forma\u00e7\u00e3o de consultores agr\u00edcolas sobre t\u00e9cnicas alternativas de prote\u00e7\u00e3o integrada para que possam promover a utiliza\u00e7\u00e3o destas t\u00e9cnicas entre os seus agricultores atrav\u00e9s de forma\u00e7\u00e3o cont\u00ednua, demonstrando a viabilidade t\u00e9cnica e econ\u00f3mica das metodologias de prote\u00e7\u00e3o integrada nas parcelas dos agricultores e partilhando experi\u00eancias e boas pr\u00e1ticas.<\/li><\/ol>\n","protected":false},"excerpt":{"rendered":"<p>Regi\u00e3o Navarra est\u00e1 localizada no norte de Espanha, fazendo fronteira com a Fran\u00e7a. \u00c9 uma pequena regi\u00e3o com muitos tipos diferentes de produ\u00e7\u00e3o agr\u00edcola. O gado bovino e ovino para produ\u00e7\u00e3o de carne e leite predominam no norte, enquanto a horticultura intensiva ligada \u00e0 ind\u00fastria agro-alimentar \u00e9 mais importante no sul. Foco do estudo Historicamente, &hellip; <a href=\"https:\/\/www.agrilink2020.eu\/pt-pt\/investigadores\/evolucao-das-tecnicas-de-protecao-integrada-e-dos-servicos-de-aconselhamento-agricola-regionais\">Continued<\/a><\/p>\n","protected":false},"author":2,"featured_media":5373,"comment_status":"open","ping_status":"open","sticky":false,"template":"","format":"standard","meta":[],"categories":[130,131,173,175],"tags":[480],"region":[401],"country":[402],"work_package":[235],"keyword":[310,271],"_links":{"self":[{"href":"https:\/\/www.agrilink2020.eu\/pt-pt\/wp-json\/wp\/v2\/posts\/7115"}],"collection":[{"href":"https:\/\/www.agrilink2020.eu\/pt-pt\/wp-json\/wp\/v2\/posts"}],"about":[{"href":"https:\/\/www.agrilink2020.eu\/pt-pt\/wp-json\/wp\/v2\/types\/post"}],"author":[{"embeddable":true,"href":"https:\/\/www.agrilink2020.eu\/pt-pt\/wp-json\/wp\/v2\/users\/2"}],"replies":[{"embeddable":true,"href":"https:\/\/www.agrilink2020.eu\/pt-pt\/wp-json\/wp\/v2\/comments?post=7115"}],"version-history":[{"count":3,"href":"https:\/\/www.agrilink2020.eu\/pt-pt\/wp-json\/wp\/v2\/posts\/7115\/revisions"}],"predecessor-version":[{"id":7118,"href":"https:\/\/www.agrilink2020.eu\/pt-pt\/wp-json\/wp\/v2\/posts\/7115\/revisions\/7118"}],"wp:featuredmedia":[{"embeddable":true,"href":"https:\/\/www.agrilink2020.eu\/pt-pt\/wp-json\/wp\/v2\/media\/5373"}],"wp:attachment":[{"href":"https:\/\/www.agrilink2020.eu\/pt-pt\/wp-json\/wp\/v2\/media?parent=7115"}],"wp:term":[{"taxonomy":"category","embeddable":true,"href":"https:\/\/www.agrilink2020.eu\/pt-pt\/wp-json\/wp\/v2\/categories?post=7115"},{"taxonomy":"post_tag","embeddable":true,"href":"https:\/\/www.agrilink2020.eu\/pt-pt\/wp-json\/wp\/v2\/tags?post=7115"},{"taxonomy":"region","embeddable":true,"href":"https:\/\/www.agrilink2020.eu\/pt-pt\/wp-json\/wp\/v2\/region?post=7115"},{"taxonomy":"country","embeddable":true,"href":"https:\/\/www.agrilink2020.eu\/pt-pt\/wp-json\/wp\/v2\/country?post=7115"},{"taxonomy":"work_package","embeddable":true,"href":"https:\/\/www.agrilink2020.eu\/pt-pt\/wp-json\/wp\/v2\/work_package?post=7115"},{"taxonomy":"keyword","embeddable":true,"href":"https:\/\/www.agrilink2020.eu\/pt-pt\/wp-json\/wp\/v2\/keyword?post=7115"}],"curies":[{"name":"wp","href":"https:\/\/api.w.org\/{rel}","templated":true}]}}