{"id":7144,"date":"2022-03-10T09:08:42","date_gmt":"2022-03-10T09:08:42","guid":{"rendered":"https:\/\/legacy.agrilink2020.eu\/sem-categoria\/disseminacao-de-uma-inovacao-de-protecao-integrada-na-producao-de-pessegos"},"modified":"2022-04-17T10:31:34","modified_gmt":"2022-04-17T10:31:34","slug":"disseminacao-de-uma-inovacao-de-protecao-integrada-na-producao-de-pessegos","status":"publish","type":"post","link":"https:\/\/www.agrilink2020.eu\/pt-pt\/investigadores\/disseminacao-de-uma-inovacao-de-protecao-integrada-na-producao-de-pessegos","title":{"rendered":"Dissemina\u00e7\u00e3o de uma inova\u00e7\u00e3o de prote\u00e7\u00e3o integrada na produ\u00e7\u00e3o de p\u00eassegos"},"content":{"rendered":"\n<h2>Regi\u00e3o<\/h2>\n\n<p>A Em\u00e1tia \u00e9 uma \u00e1rea de agricultura altamente intensiva, localizada na Regi\u00e3o da Maced\u00f3nia Central, no Norte da Gr\u00e9cia. As planta\u00e7\u00f5es de culturas arb\u00f3reas ocupam 41% das terras agr\u00edcolas da regi\u00e3o, das quais 74% s\u00e3o de p\u00eassego e nectarina. <\/p>\n\n<div class=\"wp-block-image\"><figure class=\"aligncenter size-full\"><img decoding=\"async\" loading=\"lazy\" width=\"852\" height=\"605\" src=\"https:\/\/agrilink2020.eu\/wp-content\/uploads\/2022\/03\/F.2.jpg\" alt=\"\" class=\"wp-image-3541\" srcset=\"https:\/\/www.agrilink2020.eu\/wp-content\/uploads\/2022\/03\/F.2.jpg 852w, https:\/\/www.agrilink2020.eu\/wp-content\/uploads\/2022\/03\/F.2-300x213.jpg 300w, https:\/\/www.agrilink2020.eu\/wp-content\/uploads\/2022\/03\/F.2-768x545.jpg 768w\" sizes=\"(max-width: 852px) 100vw, 852px\" \/><figcaption>Mapa da regi\u00e3o<\/figcaption><\/figure><\/div>\n\n<p>A produ\u00e7\u00e3o de p\u00eassegos em Em\u00e1tia \u00e9 organizada por v\u00e1rias cooperativas que t\u00eam uma quota significativa no mercado global de p\u00eassegos enlatados. Em resposta \u00e0 evolu\u00e7\u00e3o dos mercados e \u00e0 procura crescente dos consumidores por protec\u00e7\u00e3o do ambiente e sa\u00fade p\u00fablica, as cooperativas adotaram os princ\u00edpios e a pr\u00e1tica de prote\u00e7\u00e3o integrada, incluindo a introdu\u00e7\u00e3o de um m\u00e9todo inovador denominado &#8220;confus\u00e3o sexual&#8221; que interrompe o ciclo de reprodu\u00e7\u00e3o dos insectos nocivos.  <\/p>\n\n<h2>Foco do estudo<\/h2>\n\n<p>A introdu\u00e7\u00e3o do m\u00e9todo inovador de confus\u00e3o sexual criou desafios espec\u00edficos para as organiza\u00e7\u00f5es de aconselhamento agr\u00edcola locais. A introdu\u00e7\u00e3o da nova tecnologia de prote\u00e7\u00e3o integrada foi muito r\u00e1pida e envolveu consultres agr\u00edcolas locais, privados, independentes (n\u00e3o os servi\u00e7os p\u00fablicos agr\u00edcolas) que organizaram semin\u00e1rios especializados r\u00e1pidos para agricultores. Contudo, estes consultores independentes n\u00e3o s\u00f3 tiveram de lidar com uma s\u00e9rie de novas quest\u00f5es t\u00e9cnicas, como tamb\u00e9m tiveram de refor\u00e7ar a confian\u00e7a e a colabora\u00e7\u00e3o entre os produtores de p\u00eassego, a fim de facilitar a ado\u00e7\u00e3o generalizada e consistente da abordagem de confus\u00e3o sexual.  <\/p>\n\n<div class=\"wp-block-image\"><figure class=\"aligncenter size-full\"><img decoding=\"async\" loading=\"lazy\" width=\"1024\" height=\"768\" src=\"https:\/\/agrilink2020.eu\/wp-content\/uploads\/2022\/03\/BIOP-2-1024x768-1.jpeg\" alt=\"\" class=\"wp-image-3568\" srcset=\"https:\/\/www.agrilink2020.eu\/wp-content\/uploads\/2022\/03\/BIOP-2-1024x768-1.jpeg 1024w, https:\/\/www.agrilink2020.eu\/wp-content\/uploads\/2022\/03\/BIOP-2-1024x768-1-300x225.jpeg 300w, https:\/\/www.agrilink2020.eu\/wp-content\/uploads\/2022\/03\/BIOP-2-1024x768-1-768x576.jpeg 768w\" sizes=\"(max-width: 1024px) 100vw, 1024px\" \/><\/figure><\/div>\n\n<p>Este estudo de caso centrou-se, portanto, no desenvolvimento da colabora\u00e7\u00e3o entre as cooperativas locais e as empresas de consultoria privadas &#8211; especialmente a empresa l\u00edder &#8211; a fim de promover a introdu\u00e7\u00e3o e a ado\u00e7\u00e3o da t\u00e9cnica de confus\u00e3o sexual entre os numerosos pequenos agricultores da regi\u00e3o.<\/p>\n\n<p>Os t\u00e9cnicos de aconselhamento agr\u00edcola privados desempenharam um papel crucial, uma vez que apoiaram os agricultores em todas as fases da inova\u00e7\u00e3o, divulgando conhecimentos valiosos atrav\u00e9s de contactos presenciais e semin\u00e1rios. Contudo, o n\u00famero de consultores era limitado e o fluxo de informa\u00e7\u00e3o aos agricultores poderia ter sido melhor. Por outro lado, era evidente que o interesse e a vontade dos agricultores em participar nos semin\u00e1rios especializados de prote\u00e7\u00e3o integrada estavam relacionados com a influ\u00eancia das cooperativas locais sobre eles. Consequentemente, poderia ter havido um planeamento e uma correspond\u00eancia ligeiramente melhores entre a oferta e a procura de conhecimentos.    <\/p>\n\n<p>Al\u00e9m disso, a principal empresa de consultoria independente (e a primeira a estar activamente envolvida na introdu\u00e7\u00e3o dos princ\u00edpios e pr\u00e1ticas de confus\u00e3o sexual) tamb\u00e9m desempenhou um papel indireto significativo na divulga\u00e7\u00e3o da inova\u00e7\u00e3o, promovendo-a junto das autoridades nacionais competentes. Isto resultou na inclus\u00e3o do apoio ao m\u00e9todo de confus\u00e3o sexual nas medidas agro-ambientais relacionadas com prote\u00e7\u00e3o integrada do Programa Nacional de Desenvolvimento Rural para a Gr\u00e9cia. Isto ajudou a criar um ambiente institucional que facilitou ainda mais a ado\u00e7\u00e3o da inova\u00e7\u00e3o pelos agricultores.  <\/p>\n\n<p>Os fornecedores comerciais de equipamento e insumos agr\u00edcolas s\u00e3o tamb\u00e9m parte integrante do sistema de aconselhamento agr\u00edcola regional em Em\u00e1tia e tiveram de adaptar a sua abordagem e servi\u00e7os \u00e0s necessidades dos produtores de p\u00eassegos. Os fornecedores de equipamento e insumos s\u00e3o importantes devido ao seu n\u00famero e proximidade aos agricultores individuais, incluindo os que n\u00e3o s\u00e3o membros cooperativas. No caso da ado\u00e7\u00e3o da t\u00e9cnica de confus\u00e3o sexual, contribu\u00edram especialmente para a ado\u00e7\u00e3o da inova\u00e7\u00e3o, fornecendo apoio tecnol\u00f3gico e materiais na fase inicial de ado\u00e7\u00e3o.  <\/p>\n\n<p>Finalmente, observou-se que um instituto p\u00fablico de investiga\u00e7\u00e3o e outras autoridades locais da regi\u00e3o n\u00e3o desempenharam um papel importante no processo da ado\u00e7\u00e3o da inova\u00e7\u00e3o da prote\u00e7\u00e3o integrada, pelo que o Sistema de Conhecimento e Inova\u00e7\u00e3o Agr\u00edcola (AKIS) permanece bastante fraco.<\/p>\n\n<p>O relat\u00f3rio completo (em ingl\u00eas) poder\u00e1 ser consultado aqui<\/p>\n\n<div class=\"wp-block-file\"><object class=\"wp-block-file__embed\" data=\"https:\/\/agrilink2020.eu\/wp-content\/uploads\/2021\/06\/D2.2_GR.GDPR-part-1.pdf\" type=\"application\/pdf\" style=\"width:100%;height:600px\" aria-label=\"Incorpora\u00e7\u00e3o de Embed of D2.2_GR.GDPR part 1..\"><\/object><a id=\"wp-block-file--media-66e1464f-f537-4ea4-8542-0d677bb5ce03\" href=\"https:\/\/agrilink2020.eu\/wp-content\/uploads\/2021\/06\/D2.2_GR.GDPR-part-1.pdf\">D2.2_GR.GDPR part 1<\/a><a href=\"https:\/\/agrilink2020.eu\/wp-content\/uploads\/2021\/06\/D2.2_GR.GDPR-part-1.pdf\" class=\"wp-block-file__button\" download=\"\" aria-describedby=\"wp-block-file--media-66e1464f-f537-4ea4-8542-0d677bb5ce03\">Download<\/a><\/div>\n\n<div class=\"wp-block-file\"><object class=\"wp-block-file__embed\" data=\"https:\/\/agrilink2020.eu\/wp-content\/uploads\/2021\/06\/D2.2_GR.GDPR-part-2.pdf\" type=\"application\/pdf\" style=\"width:100%;height:600px\" aria-label=\"Incorpora\u00e7\u00e3o de Embed of D2.2_GR.GDPR part 2..\"><\/object><a id=\"wp-block-file--media-ae79e3c5-8080-40cb-a9d4-ccf67567b608\" href=\"https:\/\/agrilink2020.eu\/wp-content\/uploads\/2021\/06\/D2.2_GR.GDPR-part-2.pdf\">D2.2_GR.GDPR part 2<\/a><a href=\"https:\/\/agrilink2020.eu\/wp-content\/uploads\/2021\/06\/D2.2_GR.GDPR-part-2.pdf\" class=\"wp-block-file__button\" download=\"\" aria-describedby=\"wp-block-file--media-ae79e3c5-8080-40cb-a9d4-ccf67567b608\">Download<\/a><\/div>\n\n<hr class=\"wp-block-separator\"\/>\n\n<h2>Parceiro e pessoa de contacto<\/h2>\n\n<div class=\"wp-block-image\"><figure class=\"aligncenter size-full\"><img decoding=\"async\" loading=\"lazy\" width=\"209\" height=\"56\" src=\"https:\/\/agrilink2020.eu\/wp-content\/uploads\/2022\/01\/AUA-logo.png\" alt=\"\" class=\"wp-image-734\"\/><\/figure><\/div>\n\n<h2>Universidade Agr\u00edcola de Atenas<\/h2>\n\n<p>Alex Koutsouris, <a href=\"mailto:koutsouris@aua.gr\">koutsouris@aua.gr<\/a><\/p>\n\n<hr class=\"wp-block-separator\"\/>\n\n<h2>Li\u00e7\u00f5es aprendidas<\/h2>\n\n<ol><li>A implementa\u00e7\u00e3o de t\u00e9cnicas de prote\u00e7\u00e3o integrada e a dissemina\u00e7\u00e3o da metodologia de confus\u00e3o sexual em Em\u00e1tia corresponde ao paradigma cl\u00e1ssico da extens\u00e3o, em que a) o principal fornecedor de aconselhamento agr\u00edcola tomou consci\u00eancia de uma inova\u00e7\u00e3o t\u00e9cnica atrav\u00e9s do envolvimento numa rede multi-actores envolvendo investigadores, decisores pol\u00edticos, ind\u00fastrias e comerciantes, e b) depois iniciou actividades nas quais os consultores agr\u00edcolas criaram consci\u00eancia entre os agricultores locais para esta inova\u00e7\u00e3o t\u00e9cnica.  <\/li><li>A r\u00e1pida ado\u00e7\u00e3o da inova\u00e7\u00e3o de prote\u00e7\u00e3o integrada e a transforma\u00e7\u00e3o associada do panorama de aconselhamento agr\u00edcola regional foi iniciada atrav\u00e9s da colabora\u00e7\u00e3o entre uma cooperativa l\u00edder e uma empresa de aconselhamento agr\u00edcola independente. Isto criou condi\u00e7\u00f5es tanto a n\u00edvel regional como nacional (atrav\u00e9s dos pagamentos agro-ambientais) e produziu um forte impulso para a ado\u00e7\u00e3o da inova\u00e7\u00e3o. Deu tamb\u00e9m um exemplo seguido por outras cooperativas, empresas de consultoria independentes e fornecedores de inputs na regi\u00e3o. Isto ilustra o grande potencial dos consultores privados e das cooperativas para coordenarem as suas ac\u00e7\u00f5es e inovarem de diferentes maneiras e a diferentes n\u00edveis.   <\/li><\/ol>\n","protected":false},"excerpt":{"rendered":"<p>Regi\u00e3o A Em\u00e1tia \u00e9 uma \u00e1rea de agricultura altamente intensiva, localizada na Regi\u00e3o da Maced\u00f3nia Central, no Norte da Gr\u00e9cia. As planta\u00e7\u00f5es de culturas arb\u00f3reas ocupam 41% das terras agr\u00edcolas da regi\u00e3o, das quais 74% s\u00e3o de p\u00eassego e nectarina. A produ\u00e7\u00e3o de p\u00eassegos em Em\u00e1tia \u00e9 organizada por v\u00e1rias cooperativas que t\u00eam uma quota &hellip; <a href=\"https:\/\/www.agrilink2020.eu\/pt-pt\/investigadores\/disseminacao-de-uma-inovacao-de-protecao-integrada-na-producao-de-pessegos\">Continued<\/a><\/p>\n","protected":false},"author":2,"featured_media":5376,"comment_status":"open","ping_status":"open","sticky":false,"template":"","format":"standard","meta":[],"categories":[130,131,173,175],"tags":[480],"region":[625],"country":[624],"work_package":[235],"keyword":[310,271],"_links":{"self":[{"href":"https:\/\/www.agrilink2020.eu\/pt-pt\/wp-json\/wp\/v2\/posts\/7144"}],"collection":[{"href":"https:\/\/www.agrilink2020.eu\/pt-pt\/wp-json\/wp\/v2\/posts"}],"about":[{"href":"https:\/\/www.agrilink2020.eu\/pt-pt\/wp-json\/wp\/v2\/types\/post"}],"author":[{"embeddable":true,"href":"https:\/\/www.agrilink2020.eu\/pt-pt\/wp-json\/wp\/v2\/users\/2"}],"replies":[{"embeddable":true,"href":"https:\/\/www.agrilink2020.eu\/pt-pt\/wp-json\/wp\/v2\/comments?post=7144"}],"version-history":[{"count":3,"href":"https:\/\/www.agrilink2020.eu\/pt-pt\/wp-json\/wp\/v2\/posts\/7144\/revisions"}],"predecessor-version":[{"id":7147,"href":"https:\/\/www.agrilink2020.eu\/pt-pt\/wp-json\/wp\/v2\/posts\/7144\/revisions\/7147"}],"wp:featuredmedia":[{"embeddable":true,"href":"https:\/\/www.agrilink2020.eu\/pt-pt\/wp-json\/wp\/v2\/media\/5376"}],"wp:attachment":[{"href":"https:\/\/www.agrilink2020.eu\/pt-pt\/wp-json\/wp\/v2\/media?parent=7144"}],"wp:term":[{"taxonomy":"category","embeddable":true,"href":"https:\/\/www.agrilink2020.eu\/pt-pt\/wp-json\/wp\/v2\/categories?post=7144"},{"taxonomy":"post_tag","embeddable":true,"href":"https:\/\/www.agrilink2020.eu\/pt-pt\/wp-json\/wp\/v2\/tags?post=7144"},{"taxonomy":"region","embeddable":true,"href":"https:\/\/www.agrilink2020.eu\/pt-pt\/wp-json\/wp\/v2\/region?post=7144"},{"taxonomy":"country","embeddable":true,"href":"https:\/\/www.agrilink2020.eu\/pt-pt\/wp-json\/wp\/v2\/country?post=7144"},{"taxonomy":"work_package","embeddable":true,"href":"https:\/\/www.agrilink2020.eu\/pt-pt\/wp-json\/wp\/v2\/work_package?post=7144"},{"taxonomy":"keyword","embeddable":true,"href":"https:\/\/www.agrilink2020.eu\/pt-pt\/wp-json\/wp\/v2\/keyword?post=7144"}],"curies":[{"name":"wp","href":"https:\/\/api.w.org\/{rel}","templated":true}]}}