{"id":7175,"date":"2022-03-10T09:21:22","date_gmt":"2022-03-10T09:21:22","guid":{"rendered":"https:\/\/legacy.agrilink2020.eu\/sem-categoria\/o-papel-dos-servicos-de-aconselhamento-agricola-na-tomada-de-decisoes-dos-agricultores-relativamente-a-adocao-de-inovacoes-para-melhorar-as-infra-estruturas-ecologicas-em-vinhas"},"modified":"2022-04-17T10:56:36","modified_gmt":"2022-04-17T10:56:36","slug":"o-papel-dos-servicos-de-aconselhamento-agricola-na-tomada-de-decisoes-dos-agricultores-relativamente-a-adocao-de-inovacoes-para-melhorar-as-infra-estruturas-ecologicas-em-vinhas","status":"publish","type":"post","link":"https:\/\/www.agrilink2020.eu\/pt-pt\/investigadores\/o-papel-dos-servicos-de-aconselhamento-agricola-na-tomada-de-decisoes-dos-agricultores-relativamente-a-adocao-de-inovacoes-para-melhorar-as-infra-estruturas-ecologicas-em-vinhas","title":{"rendered":"O papel dos servi\u00e7os de aconselhamento agr\u00edcola na tomada de decis\u00f5es dos agricultores relativamente \u00e0 ado\u00e7\u00e3o de inova\u00e7\u00f5es para melhorar as infra-estruturas ecol\u00f3gicas em vinhas"},"content":{"rendered":"\n<h2>Regi\u00e3o<\/h2>\n\n<p>O Douro \u00e9 uma regi\u00e3o predominantemente agr\u00edcola no Nordeste de Portugal com uma \u00e1rea de 4112 km<sup>2<\/sup> dividida em 19 munic\u00edpios. \u00c9 uma \u00e1rea escassamente povoada, caracterizada por um decl\u00ednio demogr\u00e1fico a longo prazo (despovoamento e envelhecimento) que \u00e9 t\u00edpico de muitas zonas rurais portuguesas. <\/p>\n\n<div class=\"wp-block-image\"><figure class=\"aligncenter size-full\"><img decoding=\"async\" loading=\"lazy\" width=\"852\" height=\"605\" src=\"https:\/\/agrilink2020.eu\/wp-content\/uploads\/2022\/03\/F.2.jpg\" alt=\"\" class=\"wp-image-3541\" srcset=\"https:\/\/www.agrilink2020.eu\/wp-content\/uploads\/2022\/03\/F.2.jpg 852w, https:\/\/www.agrilink2020.eu\/wp-content\/uploads\/2022\/03\/F.2-300x213.jpg 300w, https:\/\/www.agrilink2020.eu\/wp-content\/uploads\/2022\/03\/F.2-768x545.jpg 768w\" sizes=\"(max-width: 852px) 100vw, 852px\" \/><figcaption>Mapa da regi\u00e3o<\/figcaption><\/figure><\/div>\n\n<p>O Douro \u00e9 uma das mais antigas regi\u00f5es vin\u00edcolas demarcadas do mundo, que foi estabelecida em 1756 para regular e proteger a produ\u00e7\u00e3o e venda de vinho do Porto. A caracter\u00edstica mais distintiva da regi\u00e3o do Douro \u00e9 a paisagem dominada por vinhas (suportadas por muros de pedra feitos \u00e0 m\u00e3o) que s\u00e3o cultivadas nas encostas \u00edngremes do vale superior do rio Douro. A singularidade desta paisagem de origem humana, juntamente com a hist\u00f3ria, socioecon\u00f3mia e cultura interligadas, foi reconhecida pela UNESCO em 2001 com a designa\u00e7\u00e3o do estatuto de Patrim\u00f3nio Mundial. Esta designa\u00e7\u00e3o contribui para o atual sucesso dos vinhos DOC (Denomina\u00e7\u00e3o de Origem Controlada) produzidos na regi\u00e3o e tem ajudado a transformar o Douro numa regi\u00e3o vitivin\u00edcola de reconhecida mundialmente e num destino tur\u00edstico de sucesso.   <\/p>\n\n<h2>Foco do estudo<\/h2>\n\n<p>O estudo de caso centrou-se numa gama inovadora de estrat\u00e9gias para melhorar as &#8220;infraestruturas ecol\u00f3gicas&#8221; (IEs) associadas \u00e0s vinhas. Esta \u00e9 uma abordagem introduzida originalmente nos anos 90 do s\u00e9culo XX por viticultores pioneiros e que est\u00e1 agora a tornar-se cada vez mais popular entre os viticultores da regi\u00e3o. Entre as recentes estrat\u00e9gias inovadoras de IE incluem-se a integra\u00e7\u00e3o de pr\u00e1ticas agro-ecol\u00f3gicas (por exemplo, o cultivo de vegeta\u00e7\u00e3o herb\u00e1cea nas vinhas e nos socalcos inclinados) com o restabelecimento e valoriza\u00e7\u00e3o das caracter\u00edsticas tradicionais da paisagem (por exemplo, sebes, muros de pedra, vinhas velhas, manchas de olival e outra vegeta\u00e7\u00e3o mediterr\u00e2nica aut\u00f3ctone).  <\/p>\n\n<div class=\"wp-block-image\"><figure class=\"aligncenter size-full\"><img decoding=\"async\" loading=\"lazy\" width=\"1024\" height=\"768\" src=\"https:\/\/agrilink2020.eu\/wp-content\/uploads\/2022\/03\/PICT2962-1024x768-1.jpeg\" alt=\"\" class=\"wp-image-3591\" srcset=\"https:\/\/www.agrilink2020.eu\/wp-content\/uploads\/2022\/03\/PICT2962-1024x768-1.jpeg 1024w, https:\/\/www.agrilink2020.eu\/wp-content\/uploads\/2022\/03\/PICT2962-1024x768-1-300x225.jpeg 300w, https:\/\/www.agrilink2020.eu\/wp-content\/uploads\/2022\/03\/PICT2962-1024x768-1-768x576.jpeg 768w\" sizes=\"(max-width: 1024px) 100vw, 1024px\" \/><\/figure><\/div>\n\n<p>A paisagem tradicional em mosaico da regi\u00e3o do Douro Superior est\u00e1 em constante recupera\u00e7\u00e3o, em parte devido \u00e0 aplica\u00e7\u00e3o de regras que protegem a paisagem, mas principalmente \u00e0 redescoberta pelos viticultores dos benef\u00edcios ecol\u00f3gicos e de comercializa\u00e7\u00e3o da &#8220;renaturaliza\u00e7\u00e3o&#8221; das vinhas. No entanto, este \u00e9 um processo a longo prazo. As estrat\u00e9gias de IE s\u00e3o em grande parte \u00fanicas para cada explora\u00e7\u00e3o e exigem investimentos a longo prazo em atividades de experimenta\u00e7\u00e3o e monitoriza\u00e7\u00e3o no terreno. Para serem bem-sucedidos, os viticultores t\u00eam de integrar novos conhecimentos cient\u00edficos nos seus conhecimentos locais t\u00e1citos num processo cont\u00ednuo de aprendizagem pela pr\u00e1tica.   <\/p>\n\n<p>Este estudo de caso destacou o papel de uma organiza\u00e7\u00e3o de agricultores inovadora fundada por um grupo l\u00edder de viticultores em 1982 para se ajudarem a si pr\u00f3prios e \u00e0 DOC Douro a enfrentar os desafios causados pela concorr\u00eancia crescente nos mercados vitivin\u00edcolas globais por parte do n\u00famero crescente de produtores de pa\u00edses do Novo Mundo. Esta organiza\u00e7\u00e3o de agricultores foi criada tanto para capacitar os viticultores como para lhes permitir antecipar e responder \u00e0s tend\u00eancias do mercado global. Para o conseguir, investiram no desenvolvimento de fortes compet\u00eancias e aptid\u00f5es de &#8216;back-office&#8217; envolvendo um intenso trabalho em rede com institui\u00e7\u00f5es de investiga\u00e7\u00e3o e peritos mundiais. Isto foi possibilitado por t\u00e9cnicos de aconselhamento agr\u00edcola muito qualificados diretamente envolvidos em atividades de investiga\u00e7\u00e3o e inova\u00e7\u00e3o e capacitados para cocria\u00e7\u00e3o de novos conhecimentos com investigadores e viticultores.   <\/p>\n\n<p>O relat\u00f3rio completo (em ingl\u00eas) poder\u00e1 ser consultado aqui<\/p>\n\n<div class=\"wp-block-file\"><object class=\"wp-block-file__embed\" data=\"https:\/\/agrilink2020.eu\/wp-content\/uploads\/2021\/06\/D2.2_PT.GDPR_.pdf\" type=\"application\/pdf\" style=\"width:100%;height:600px\" aria-label=\"Incorpora\u00e7\u00e3o de Embed of D2.2_PT.GDPR..\"><\/object><a id=\"wp-block-file--media-2f619f71-934b-40ea-8691-17a70083bb45\" href=\"https:\/\/agrilink2020.eu\/wp-content\/uploads\/2021\/06\/D2.2_PT.GDPR_.pdf\">D2.2_PT.GDPR<\/a><a href=\"https:\/\/agrilink2020.eu\/wp-content\/uploads\/2021\/06\/D2.2_PT.GDPR_.pdf\" class=\"wp-block-file__button\" download=\"\" aria-describedby=\"wp-block-file--media-2f619f71-934b-40ea-8691-17a70083bb45\">Download<\/a><\/div>\n\n<hr class=\"wp-block-separator\"\/>\n\n<h2>Parceiro e pessoa de contacto<\/h2>\n\n<div class=\"wp-block-image\"><figure class=\"aligncenter size-full\"><img decoding=\"async\" loading=\"lazy\" width=\"902\" height=\"148\" src=\"https:\/\/agrilink2020.eu\/wp-content\/uploads\/2022\/01\/UTAD.jpeg\" alt=\"\" class=\"wp-image-778\" srcset=\"https:\/\/www.agrilink2020.eu\/wp-content\/uploads\/2022\/01\/UTAD.jpeg 902w, https:\/\/www.agrilink2020.eu\/wp-content\/uploads\/2022\/01\/UTAD-300x49.jpeg 300w, https:\/\/www.agrilink2020.eu\/wp-content\/uploads\/2022\/01\/UTAD-768x126.jpeg 768w\" sizes=\"(max-width: 902px) 100vw, 902px\" \/><\/figure><\/div>\n\n<h2>Universidade de Tr\u00e1s-os-Montes e Alto Douro (UTAD)<\/h2>\n\n<p>L\u00edvia Madureira, <a href=\"mailto:lmadurei@utad.pt\">lmadurei@utad.pt<\/a><\/p>\n\n<hr class=\"wp-block-separator\"\/>\n\n<h2>Li\u00e7\u00f5es aprendidas<\/h2>\n\n<ol><li>A melhoria das &#8216;infra-estruturas ecol\u00f3gicas&#8217; (IEs) nas vinhas do Douro foi simultaneamente alavancada e implementada por um \u201csistema de conhecimento e inova\u00e7\u00e3o\u201d local, constru\u00eddo sobre uma parceria tripla informal que juntou viticultores, investigadores e consultores agr\u00edcolas. As redes informais entre pares, compostas por gestores agr\u00edcolas, viticultores e vitivinicultores, desempenharam ent\u00e3o um papel fundamental na consolida\u00e7\u00e3o e ancoragem deste conhecimento e inova\u00e7\u00e3o na regi\u00e3o, atrav\u00e9s de um processo de aprendizagem pr\u00e1tica por meio de um processo de &#8220;aprender fazendo&#8221;. <\/li><li>A pol\u00edtica agro-ambiental da UE tem encorajado o aconselhamento agr\u00edcola \u00e0 prote\u00e7\u00e3o integrada nas vinhas portuguesas desde a d\u00e9cada de 1990 e foi um motor fundamental para a ado\u00e7\u00e3o de inova\u00e7\u00f5es para melhorar as IEs nas vinhas do Douro. O apoio da pol\u00edtica agr\u00edcola \u00e0 prote\u00e7\u00e3o integrada e aos consultores permitiu que os conhecimentos e a experi\u00eancia sobre as IEs aprendidos com os agricultores e investigadores se acumulassem e fossem mais bem comunicados pelos consultores &#8211; muitos dos quais eram licenciados pela UTAD. <\/li><li>Os projetos de investiga\u00e7\u00e3o e inova\u00e7\u00e3o envolvendo muitos intervenientes diferentes, incluindo agricultores, investigadores e consultores, desempenharam um papel fundamental na divulga\u00e7\u00e3o das inova\u00e7\u00f5es para a melhoria das IE na regi\u00e3o do Douro. A disponibilidade de financiamento para estes projetos teve um impacto importante no desenvolvimento de inova\u00e7\u00f5es para a valoriza\u00e7\u00e3o das IE nas vinhas do Douro. <\/li><\/ol>\n","protected":false},"excerpt":{"rendered":"<p>Regi\u00e3o O Douro \u00e9 uma regi\u00e3o predominantemente agr\u00edcola no Nordeste de Portugal com uma \u00e1rea de 4112 km2 dividida em 19 munic\u00edpios. \u00c9 uma \u00e1rea escassamente povoada, caracterizada por um decl\u00ednio demogr\u00e1fico a longo prazo (despovoamento e envelhecimento) que \u00e9 t\u00edpico de muitas zonas rurais portuguesas. O Douro \u00e9 uma das mais antigas regi\u00f5es vin\u00edcolas &hellip; <a href=\"https:\/\/www.agrilink2020.eu\/pt-pt\/investigadores\/o-papel-dos-servicos-de-aconselhamento-agricola-na-tomada-de-decisoes-dos-agricultores-relativamente-a-adocao-de-inovacoes-para-melhorar-as-infra-estruturas-ecologicas-em-vinhas\">Continued<\/a><\/p>\n","protected":false},"author":2,"featured_media":5377,"comment_status":"open","ping_status":"open","sticky":false,"template":"","format":"standard","meta":[],"categories":[130,131,173,175],"tags":[480],"region":[641],"country":[601],"work_package":[235],"keyword":[310,464],"_links":{"self":[{"href":"https:\/\/www.agrilink2020.eu\/pt-pt\/wp-json\/wp\/v2\/posts\/7175"}],"collection":[{"href":"https:\/\/www.agrilink2020.eu\/pt-pt\/wp-json\/wp\/v2\/posts"}],"about":[{"href":"https:\/\/www.agrilink2020.eu\/pt-pt\/wp-json\/wp\/v2\/types\/post"}],"author":[{"embeddable":true,"href":"https:\/\/www.agrilink2020.eu\/pt-pt\/wp-json\/wp\/v2\/users\/2"}],"replies":[{"embeddable":true,"href":"https:\/\/www.agrilink2020.eu\/pt-pt\/wp-json\/wp\/v2\/comments?post=7175"}],"version-history":[{"count":1,"href":"https:\/\/www.agrilink2020.eu\/pt-pt\/wp-json\/wp\/v2\/posts\/7175\/revisions"}],"predecessor-version":[{"id":7176,"href":"https:\/\/www.agrilink2020.eu\/pt-pt\/wp-json\/wp\/v2\/posts\/7175\/revisions\/7176"}],"wp:featuredmedia":[{"embeddable":true,"href":"https:\/\/www.agrilink2020.eu\/pt-pt\/wp-json\/wp\/v2\/media\/5377"}],"wp:attachment":[{"href":"https:\/\/www.agrilink2020.eu\/pt-pt\/wp-json\/wp\/v2\/media?parent=7175"}],"wp:term":[{"taxonomy":"category","embeddable":true,"href":"https:\/\/www.agrilink2020.eu\/pt-pt\/wp-json\/wp\/v2\/categories?post=7175"},{"taxonomy":"post_tag","embeddable":true,"href":"https:\/\/www.agrilink2020.eu\/pt-pt\/wp-json\/wp\/v2\/tags?post=7175"},{"taxonomy":"region","embeddable":true,"href":"https:\/\/www.agrilink2020.eu\/pt-pt\/wp-json\/wp\/v2\/region?post=7175"},{"taxonomy":"country","embeddable":true,"href":"https:\/\/www.agrilink2020.eu\/pt-pt\/wp-json\/wp\/v2\/country?post=7175"},{"taxonomy":"work_package","embeddable":true,"href":"https:\/\/www.agrilink2020.eu\/pt-pt\/wp-json\/wp\/v2\/work_package?post=7175"},{"taxonomy":"keyword","embeddable":true,"href":"https:\/\/www.agrilink2020.eu\/pt-pt\/wp-json\/wp\/v2\/keyword?post=7175"}],"curies":[{"name":"wp","href":"https:\/\/api.w.org\/{rel}","templated":true}]}}