{"id":7216,"date":"2022-03-10T09:28:27","date_gmt":"2022-03-10T09:28:27","guid":{"rendered":"https:\/\/legacy.agrilink2020.eu\/sem-categoria\/o-papel-dos-servicos-de-aconselhamento-agricola-na-tomada-de-decisoes-dos-agricultores-relativamente-ao-cultivo-de-tagetes-cravo-de-defunto-para-o-controlo-dos-nematodos-nos-solos-arenosos-dos-paise"},"modified":"2022-04-17T11:23:34","modified_gmt":"2022-04-17T11:23:34","slug":"o-papel-dos-servicos-de-aconselhamento-agricola-na-tomada-de-decisoes-dos-agricultores-relativamente-ao-cultivo-de-tagetes-cravo-de-defunto-para-o-controlo-dos-nematodos-nos-solos-arenosos-dos-paise","status":"publish","type":"post","link":"https:\/\/www.agrilink2020.eu\/pt-pt\/investigadores\/o-papel-dos-servicos-de-aconselhamento-agricola-na-tomada-de-decisoes-dos-agricultores-relativamente-ao-cultivo-de-tagetes-cravo-de-defunto-para-o-controlo-dos-nematodos-nos-solos-arenosos-dos-paise","title":{"rendered":"O papel dos servi\u00e7os de aconselhamento agr\u00edcola na tomada de decis\u00f5es dos agricultores relativamente ao cultivo de Tagetes (cravo-de-defunto) para o controlo dos nem\u00e1todos nos solos arenosos dos Pa\u00edses Baixos."},"content":{"rendered":"\n<h2>Regi\u00e3o<\/h2>\n\n<p>A Holanda do Norte e Limburgo s\u00e3o duas regi\u00f5es de culturas arvenses e hort\u00edcolas dos Pa\u00edses Baixos. A prov\u00edncia da Holanda do Norte situa-se no nordeste do pa\u00eds e Limburgo no sudeste. Ambas as regi\u00f5es s\u00e3o conhecidas a) principalmente pelo cultivo de culturas de alto valor, tais como batatas, morangos, frutos e bolbos de flores; e b) pelo problema significativo da presen\u00e7a de nem\u00e1todos (e perdas econ\u00f3micas associadas) quando se cultivam estas culturas em solos arenosos.    <\/p>\n\n<div class=\"wp-block-image\"><figure class=\"aligncenter size-full\"><img decoding=\"async\" loading=\"lazy\" width=\"852\" height=\"605\" src=\"https:\/\/agrilink2020.eu\/wp-content\/uploads\/2022\/03\/F.2.jpg\" alt=\"\" class=\"wp-image-3541\" srcset=\"https:\/\/www.agrilink2020.eu\/wp-content\/uploads\/2022\/03\/F.2.jpg 852w, https:\/\/www.agrilink2020.eu\/wp-content\/uploads\/2022\/03\/F.2-300x213.jpg 300w, https:\/\/www.agrilink2020.eu\/wp-content\/uploads\/2022\/03\/F.2-768x545.jpg 768w\" sizes=\"(max-width: 852px) 100vw, 852px\" \/><figcaption>Mapa da regi\u00e3o<\/figcaption><\/figure><\/div>\n\n<h2>Foco do estudo<\/h2>\n\n<p>Este estudo centrou-se no fluxo de conhecimentos dos investigadores e conselheiros agr\u00edcolas aos agricultores relativamente ao cultivo de cravo-de-defunto (<em>Tagetes patula L<\/em>.) para o controlo de nem\u00e1todos. Esta pr\u00e1tica \u00e9 ainda relativamente inovadora e amplamente adotada em algumas localidades, mas menos aplicada em outras.  <\/p>\n\n<div class=\"wp-block-image\"><figure class=\"aligncenter size-full\"><img decoding=\"async\" loading=\"lazy\" width=\"1024\" height=\"682\" src=\"https:\/\/agrilink2020.eu\/wp-content\/uploads\/2022\/03\/NL.Agrilink.CS_.1-1024x682-1.jpg\" alt=\"\" class=\"wp-image-3606\" srcset=\"https:\/\/www.agrilink2020.eu\/wp-content\/uploads\/2022\/03\/NL.Agrilink.CS_.1-1024x682-1.jpg 1024w, https:\/\/www.agrilink2020.eu\/wp-content\/uploads\/2022\/03\/NL.Agrilink.CS_.1-1024x682-1-300x200.jpg 300w, https:\/\/www.agrilink2020.eu\/wp-content\/uploads\/2022\/03\/NL.Agrilink.CS_.1-1024x682-1-768x512.jpg 768w\" sizes=\"(max-width: 1024px) 100vw, 1024px\" \/><\/figure><\/div>\n\n<p>As raz\u00f5es pelas quais os agricultores implementaram a inova\u00e7\u00e3o foram analisadas e exploradas a partir de que fontes receberam os conhecimentos necess\u00e1rios para tomar uma decis\u00e3o bem informada.<\/p>\n\n<p>A principal raz\u00e3o pela qual os agricultores come\u00e7aram a cultivar <em>cravo-de-defunto<\/em> \u00e9 que os tratamentos qu\u00edmicos s\u00e3o cada vez mais dif\u00edceis de utilizar devido \u00e0s regras cada vez mais rigorosas que regulam a utiliza\u00e7\u00e3o de pesticidas nas explora\u00e7\u00f5es agr\u00edcolas. Os consultores e investigadores est\u00e3o, portanto, empenhados em sensibilizar os agricultores para alternativas n\u00e3o qu\u00edmicas e em ajud\u00e1-los na sua implementa\u00e7\u00e3o. A investiga\u00e7\u00e3o sobre a utiliza\u00e7\u00e3o de <em>cravo-de-defunto<\/em> para o controlo de nem\u00e1todos \u00e9 realizada principalmente em explora\u00e7\u00f5es experimentais nas duas prov\u00edncias e estas explora\u00e7\u00f5es foram claramente observadas como pontos cr\u00edticos para a aceita\u00e7\u00e3o da inova\u00e7\u00e3o.  <\/p>\n\n<p>Os consultores agr\u00edcolas utilizam os dados da investiga\u00e7\u00e3o para sensibilizar os agricultores para o problema e para a solu\u00e7\u00e3o. Uma vez conscientes, os agricultores come\u00e7am a procurar aconselhamento t\u00e9cnico sobre como o <em>cravo-de-defunto<\/em> pode ser melhor cultivado para controlar os nem\u00e1todos nas suas culturas. Por exemplo, quest\u00f5es como o controlo de ervas daninhas no <em>cravo-de-defunto<\/em> s\u00e3o aspetos pr\u00e1ticos importantes para os agricultores. Globalmente, a utiliza\u00e7\u00e3o do cultivo de<em>cravo-de-defunto<\/em> para controlo de nem\u00e1todos \u00e9 cada vez mais eficaz, amplamente adotada e considerada como tendo outros benef\u00edcios para os agricultores, tais como a melhoria da qualidade do solo.   <\/p>\n\n<p>O relat\u00f3rio completo (em ingl\u00eas) poder\u00e1 ser consultado aqui<\/p>\n\n<div class=\"wp-block-file\"><object class=\"wp-block-file__embed\" data=\"https:\/\/agrilink2020.eu\/wp-content\/uploads\/2021\/06\/D2.2_NL.GDPR_.pdf\" type=\"application\/pdf\" style=\"width:100%;height:600px\" aria-label=\"Incorpora\u00e7\u00e3o de Embed of D2.2_NL.GDPR..\"><\/object><a id=\"wp-block-file--media-230ae321-0dbf-4266-bf41-0adb268e3603\" href=\"https:\/\/agrilink2020.eu\/wp-content\/uploads\/2021\/06\/D2.2_NL.GDPR_.pdf\">D2.2_NL.GDPR<\/a><a href=\"https:\/\/agrilink2020.eu\/wp-content\/uploads\/2021\/06\/D2.2_NL.GDPR_.pdf\" class=\"wp-block-file__button\" download=\"\" aria-describedby=\"wp-block-file--media-230ae321-0dbf-4266-bf41-0adb268e3603\">Download<\/a><\/div>\n\n<hr class=\"wp-block-separator\"\/>\n\n<h2>Parceiro e pessoa de contacto<\/h2>\n\n<div class=\"wp-block-image\"><figure class=\"aligncenter size-full\"><img decoding=\"async\" loading=\"lazy\" width=\"300\" height=\"57\" src=\"https:\/\/agrilink2020.eu\/wp-content\/uploads\/2021\/11\/WR_large.png\" alt=\"\" class=\"wp-image-591\"\/><\/figure><\/div>\n\n<h2>Wageningen University and Research<\/h2>\n\n<p>Leendert Molendijk, <a href=\"mailto:leender.molendijk@wur.nl\">leender.molendijk@wur.nl<\/a><\/p>\n\n<h2>Li\u00e7\u00f5es aprendidas<\/h2>\n\n<ol><li>Todos os agricultores nos Pa\u00edses Baixos tendem a manter-se em contacto com alguma forma de organiza\u00e7\u00e3o de aconselhamento agr\u00edcola. Existem diferentes tipos e dimens\u00e3o de organiza\u00e7\u00f5es de aconselhamento agr\u00edcola nas duas prov\u00edncias que fornecem orienta\u00e7\u00e3o aos agricultores sobre o cultivo de <em>cravo-de-defunto<\/em>. As organiza\u00e7\u00f5es maiores t\u00eam departamentos de conhecimento (back-offices) que processam informa\u00e7\u00e3o de v\u00e1rias fontes para os consultores agr\u00edcolas divulgarem. As pequenas organiza\u00e7\u00f5es dependem do conhecimento de consultores individuais e da sua experi\u00eancia e convic\u00e7\u00e3o de que abordagens inovadoras, tais como o cultivo de <em>cravo-de-defunto<\/em>, podem funcionar e se efetivamente funcionam.   <\/li><li>As organiza\u00e7\u00f5es de aconselhamento agr\u00edcola e outros intervenientes-chave confirmaram que o principal impulsionador para o cultivo de <em>cravo-de-defunto<\/em> tem sido o controlo mais rigoroso de tratamentos qu\u00edmicos para o controlo dos nem\u00e1todos. Sem a altera\u00e7\u00e3o dos regulamentos sobre pesticidas, \u00e9 prov\u00e1vel que a maioria dos agricultores tivesse continuado com as suas pr\u00e1ticas convencionais. Contudo, a decis\u00e3o final de um agricultor de come\u00e7ar a cultivar <em>cravo-de-defunto<\/em> (ou n\u00e3o) foi grandemente influenciada pelas experi\u00eancias de investiga\u00e7\u00e3o conduzidas nas prov\u00edncias afetadas, pelas experi\u00eancias de outros agricultores e pela avalia\u00e7\u00e3o ativa e\/ou experimenta\u00e7\u00e3o na sua explora\u00e7\u00e3o agr\u00edcola.   <\/li><li>Ao decidir se come\u00e7avam a cultivar <em>cravo-de-defunto<\/em>, muitos agricultores visitaram explora\u00e7\u00f5es agr\u00edcolas vizinhas ou experimentais que j\u00e1 tinham adotado a inova\u00e7\u00e3o. Este interc\u00e2mbio entre pares foi observado como sendo uma importante fonte de aconselhamento e apoio. Alguns agricultores come\u00e7aram diretamente a cultivar <em>cravo-de-defunto<\/em>depois de observarem que funcionava com outros agricultores vizinhos, enquanto outros foram mais cautelosos e experimentaram primeiro numa pequena \u00e1rea da sua explora\u00e7\u00e3o agr\u00edcola antes de ampliarem o cultivo.  <\/li><li>Durante a implementa\u00e7\u00e3o pioneira da inova\u00e7\u00e3o, os t\u00e9cnicos de aconselhamento agr\u00edcola tiveram um papel importante no apoio aos agricultores nos aspetos pr\u00e1ticos do cultivo de<em>cravo-de-defunto.<\/em> O <em>cravo-de-defunto<\/em> n\u00e3o \u00e9 uma cultura f\u00e1cil de cultivar com sucesso, e os agricultores procuraram consultores para uma assist\u00eancia t\u00e9cnica personalizada que fosse adequada \u00e0s suas pr\u00f3prias explora\u00e7\u00f5es e aos sistemas de gest\u00e3o culturais existentes.<\/li><\/ol>\n","protected":false},"excerpt":{"rendered":"<p>Regi\u00e3o A Holanda do Norte e Limburgo s\u00e3o duas regi\u00f5es de culturas arvenses e hort\u00edcolas dos Pa\u00edses Baixos. A prov\u00edncia da Holanda do Norte situa-se no nordeste do pa\u00eds e Limburgo no sudeste. Ambas as regi\u00f5es s\u00e3o conhecidas a) principalmente pelo cultivo de culturas de alto valor, tais como batatas, morangos, frutos e bolbos de &hellip; <a href=\"https:\/\/www.agrilink2020.eu\/pt-pt\/investigadores\/o-papel-dos-servicos-de-aconselhamento-agricola-na-tomada-de-decisoes-dos-agricultores-relativamente-ao-cultivo-de-tagetes-cravo-de-defunto-para-o-controlo-dos-nematodos-nos-solos-arenosos-dos-paise\">Continued<\/a><\/p>\n","protected":false},"author":2,"featured_media":5379,"comment_status":"open","ping_status":"open","sticky":false,"template":"","format":"standard","meta":[],"categories":[130,131,173,175],"tags":[480],"region":[650],"country":[208],"work_package":[235],"keyword":[310,464],"_links":{"self":[{"href":"https:\/\/www.agrilink2020.eu\/pt-pt\/wp-json\/wp\/v2\/posts\/7216"}],"collection":[{"href":"https:\/\/www.agrilink2020.eu\/pt-pt\/wp-json\/wp\/v2\/posts"}],"about":[{"href":"https:\/\/www.agrilink2020.eu\/pt-pt\/wp-json\/wp\/v2\/types\/post"}],"author":[{"embeddable":true,"href":"https:\/\/www.agrilink2020.eu\/pt-pt\/wp-json\/wp\/v2\/users\/2"}],"replies":[{"embeddable":true,"href":"https:\/\/www.agrilink2020.eu\/pt-pt\/wp-json\/wp\/v2\/comments?post=7216"}],"version-history":[{"count":3,"href":"https:\/\/www.agrilink2020.eu\/pt-pt\/wp-json\/wp\/v2\/posts\/7216\/revisions"}],"predecessor-version":[{"id":7219,"href":"https:\/\/www.agrilink2020.eu\/pt-pt\/wp-json\/wp\/v2\/posts\/7216\/revisions\/7219"}],"wp:featuredmedia":[{"embeddable":true,"href":"https:\/\/www.agrilink2020.eu\/pt-pt\/wp-json\/wp\/v2\/media\/5379"}],"wp:attachment":[{"href":"https:\/\/www.agrilink2020.eu\/pt-pt\/wp-json\/wp\/v2\/media?parent=7216"}],"wp:term":[{"taxonomy":"category","embeddable":true,"href":"https:\/\/www.agrilink2020.eu\/pt-pt\/wp-json\/wp\/v2\/categories?post=7216"},{"taxonomy":"post_tag","embeddable":true,"href":"https:\/\/www.agrilink2020.eu\/pt-pt\/wp-json\/wp\/v2\/tags?post=7216"},{"taxonomy":"region","embeddable":true,"href":"https:\/\/www.agrilink2020.eu\/pt-pt\/wp-json\/wp\/v2\/region?post=7216"},{"taxonomy":"country","embeddable":true,"href":"https:\/\/www.agrilink2020.eu\/pt-pt\/wp-json\/wp\/v2\/country?post=7216"},{"taxonomy":"work_package","embeddable":true,"href":"https:\/\/www.agrilink2020.eu\/pt-pt\/wp-json\/wp\/v2\/work_package?post=7216"},{"taxonomy":"keyword","embeddable":true,"href":"https:\/\/www.agrilink2020.eu\/pt-pt\/wp-json\/wp\/v2\/keyword?post=7216"}],"curies":[{"name":"wp","href":"https:\/\/api.w.org\/{rel}","templated":true}]}}