{"id":7718,"date":"2022-03-09T11:59:16","date_gmt":"2022-03-09T11:59:16","guid":{"rendered":"https:\/\/www.agrilink2020.eu\/sem-categoria\/o-papel-dos-servicos-de-aconselhamento-agricola-na-tomada-de-decisoes-dos-agricultores-relativamente-a-adocao-de-inovacoes-em-energias-renovaveis-digestao-anaerobica-em-pequena-escala"},"modified":"2022-04-23T09:38:23","modified_gmt":"2022-04-23T09:38:23","slug":"o-papel-dos-servicos-de-aconselhamento-agricola-na-tomada-de-decisoes-dos-agricultores-relativamente-a-adocao-de-inovacoes-em-energias-renovaveis-digestao-anaerobica-em-pequena-escala","status":"publish","type":"post","link":"https:\/\/www.agrilink2020.eu\/pt-pt\/investigadores\/o-papel-dos-servicos-de-aconselhamento-agricola-na-tomada-de-decisoes-dos-agricultores-relativamente-a-adocao-de-inovacoes-em-energias-renovaveis-digestao-anaerobica-em-pequena-escala","title":{"rendered":"O papel dos servi\u00e7os de aconselhamento agr\u00edcola na tomada de decis\u00f5es dos agricultores relativamente \u00e0 ado\u00e7\u00e3o de inova\u00e7\u00f5es em energias renov\u00e1veis (digest\u00e3o anaer\u00f3bica em pequena escala)"},"content":{"rendered":"\n<h2>Regi\u00e3o<\/h2>\n\n<p>Aproximadamente 92.500 hectares (cerca de um ter\u00e7o) da \u00e1rea da prov\u00edncia de Antu\u00e9rpia na B\u00e9lgica \u00e9 utilizada para a agricultura. A prov\u00edncia cont\u00e9m 3.627 empresas agr\u00edcolas e hort\u00edcolas. O cultivo de culturas forrageiras representa 79% da \u00e1rea agr\u00edcola da prov\u00edncia. Destas, o milho e a erva para forragem s\u00e3o as culturas mais cultivadas.   <\/p>\n\n<div class=\"wp-block-image\"><figure class=\"aligncenter size-full\"><img decoding=\"async\" loading=\"lazy\" width=\"834\" height=\"591\" src=\"https:\/\/agrilink2020.eu\/wp-content\/uploads\/2022\/03\/F.6.jpg\" alt=\"\" class=\"wp-image-3493\" srcset=\"https:\/\/www.agrilink2020.eu\/wp-content\/uploads\/2022\/03\/F.6.jpg 834w, https:\/\/www.agrilink2020.eu\/wp-content\/uploads\/2022\/03\/F.6-300x213.jpg 300w, https:\/\/www.agrilink2020.eu\/wp-content\/uploads\/2022\/03\/F.6-768x544.jpg 768w\" sizes=\"(max-width: 834px) 100vw, 834px\" \/><figcaption>Mapa da regi\u00e3o<\/figcaption><\/figure><\/div>\n\n<p>Mais de metade das explora\u00e7\u00f5es agr\u00edcolas da prov\u00edncia s\u00e3o propriedade de criadores de gado, o que explica a grande \u00e1rea de culturas forrageiras. Existem tamb\u00e9m explora\u00e7\u00f5es altamente especializadas em lactic\u00ednios (caprinos), explora\u00e7\u00f5es de cria\u00e7\u00e3o de vitelos para carne, e explora\u00e7\u00f5es av\u00edcolas. Os produtores de leite em Antu\u00e9rpia s\u00e3o considerados como sendo dos agricultores mais inovadores de toda a Flandres.  <\/p>\n\n<h2>Foco do estudo<\/h2>\n\n<p>Este estudo centrou-se numa inova\u00e7\u00e3o na produ\u00e7\u00e3o de energia renov\u00e1vel na explora\u00e7\u00e3o agr\u00edcola chamada &#8220;digest\u00e3o de bolso&#8221;. A popularidade dos \u201cdigestores de bolso\u201d tem aumentado muito nos \u00faltimos anos na regi\u00e3o flamenga da B\u00e9lgica, bem como em v\u00e1rios pa\u00edses vizinhos. Na Flandres, cerca de 120 digestores de bolso foram vendidos at\u00e9 \u00e0 data.  <\/p>\n\n<div class=\"wp-block-image\"><figure class=\"aligncenter size-full\"><img decoding=\"async\" loading=\"lazy\" width=\"788\" height=\"430\" src=\"https:\/\/agrilink2020.eu\/wp-content\/uploads\/2022\/03\/pocketvergister_Biolectric.jpeg\" alt=\"\" class=\"wp-image-3520\" srcset=\"https:\/\/www.agrilink2020.eu\/wp-content\/uploads\/2022\/03\/pocketvergister_Biolectric.jpeg 788w, https:\/\/www.agrilink2020.eu\/wp-content\/uploads\/2022\/03\/pocketvergister_Biolectric-300x164.jpeg 300w, https:\/\/www.agrilink2020.eu\/wp-content\/uploads\/2022\/03\/pocketvergister_Biolectric-768x419.jpeg 768w\" sizes=\"(max-width: 788px) 100vw, 788px\" \/><\/figure><\/div>\n\n<p>N\u00e3o existe uma defini\u00e7\u00e3o internacionalmente aceite de &#8216;digest\u00e3o de bolso&#8217;. \u00c9 um termo que evoluiu para descrever processos de digest\u00e3o anaer\u00f3bia em pequena escala numa explora\u00e7\u00e3o agr\u00edcola, utilizando fluxos di\u00e1rios de res\u00edduos (principalmente estrume) para a produ\u00e7\u00e3o local de biog\u00e1s. Este biog\u00e1s \u00e9 ent\u00e3o queimado numa instala\u00e7\u00e3o de produ\u00e7\u00e3o combinada de calor e eletricidade para produzir energia renov\u00e1vel sob a forma de eletricidade e calor para utiliza\u00e7\u00e3o, tanto quanto poss\u00edvel, na explora\u00e7\u00e3o agr\u00edcola ou numa empresa associada.  <\/p>\n\n<p>O objetivo deste estudo era compreender melhor o papel desempenhado pelas organiza\u00e7\u00f5es de aconselhamento agr\u00edcola no desenvolvimento e avalia\u00e7\u00e3o destas tecnologias de energias renov\u00e1veis, e os fatores que influenciam as decis\u00f5es dos agricultores de as adotar ou n\u00e3o.<\/p>\n\n<p>O relat\u00f3rio completo (em ingl\u00eas) poder\u00e1 ser consultado aqui<\/p>\n\n<div class=\"wp-block-file\"><object class=\"wp-block-file__embed\" data=\"https:\/\/agrilink2020.eu\/wp-content\/uploads\/2021\/06\/D2.2_BE.GDPR_.pdf\" type=\"application\/pdf\" style=\"width:100%;height:600px\" aria-label=\"Incorpora\u00e7\u00e3o de Embed of D2.2_BE.GDPR..\"><\/object><a id=\"wp-block-file--media-42578fe1-bf5e-4763-b271-2195bfd78ca4\" href=\"https:\/\/agrilink2020.eu\/wp-content\/uploads\/2021\/06\/D2.2_BE.GDPR_.pdf\">D2.2_BE.GDPR<\/a><a href=\"https:\/\/agrilink2020.eu\/wp-content\/uploads\/2021\/06\/D2.2_BE.GDPR_.pdf\" class=\"wp-block-file__button\" download=\"\" aria-describedby=\"wp-block-file--media-42578fe1-bf5e-4763-b271-2195bfd78ca4\">Download<\/a><\/div>\n\n<hr class=\"wp-block-separator\"\/>\n\n<h2>Parceiro e pessoa de contacto<\/h2>\n\n<div class=\"wp-block-image\"><figure class=\"aligncenter size-full\"><img decoding=\"async\" loading=\"lazy\" width=\"214\" height=\"42\" src=\"https:\/\/agrilink2020.eu\/wp-content\/uploads\/2021\/11\/Innovatiesteunpunt-logo.png\" alt=\"\" class=\"wp-image-587\"\/><\/figure><\/div>\n\n<h2>Innovatiesteunpunt (ISP)<\/h2>\n\n<p>Stijn Bossin, <a href=\"mailto:stijn.bossin@innovatiesteunpunt.be\">stijn.bossin@innovatiesteunpunt.be<\/a><\/p>\n\n<hr class=\"wp-block-separator\"\/>\n\n<h2>Li\u00e7\u00f5es aprendidas<\/h2>\n\n<ol><li>Os agricultores explicaram que utilizam v\u00e1rias fontes de conhecimento sobre inova\u00e7\u00e3o e leem frequentemente sobre a exist\u00eancia do digestor de bolso em revistas t\u00e9cnicas ou em websites de organiza\u00e7\u00f5es de aconselhamento agr\u00edcola ou de cooperativas. O contacto com outros agricultores que j\u00e1 tinham implementado a inova\u00e7\u00e3o era outra grande fonte de informa\u00e7\u00e3o. Os agricultores iam frequentemente visitar as explora\u00e7\u00f5es dos colegas que tinham instalado recentemente um digestor de bolso.  <\/li><li>Uma vez conscientes da inova\u00e7\u00e3o, os agricultores interessados reuniram-se ent\u00e3o com representantes das empresas que forneciam e instalavam os digestores de bolso. Os agricultores explicaram que as feiras agr\u00edcolas constitu\u00edram uma boa oportunidade para encontrar estas empresas, bem como para descobrir outras inova\u00e7\u00f5es semelhantes relacionadas. <\/li><li>Os agricultores interessados tamb\u00e9m recorreram a organiza\u00e7\u00f5es de agricultores, onde se podiam encontrar com t\u00e9cnicos de aconselhamento agr\u00edcola ou inscrever-se para acompanhar semin\u00e1rios especializados. Estas organiza\u00e7\u00f5es (cooperativas) tamb\u00e9m forneceram servi\u00e7os adicionais, tais como estudos de viabilidade. Algumas publica\u00e7\u00f5es especializadas produzidas de forma colaborativa entre diferentes organiza\u00e7\u00f5es foram tamb\u00e9m consideradas muito \u00fateis durante a fase de avalia\u00e7\u00e3o.  <\/li><li>Os representantes da empresa instaladora foram a principal (e muitas vezes a \u00fanica) fonte de apoio durante a fase de implementa\u00e7\u00e3o da ado\u00e7\u00e3o da inova\u00e7\u00e3o. Por exemplo, os t\u00e9cnicos\/engenheiros da empresa acompanhariam a instala\u00e7\u00e3o do digestor de bolso visitando pessoalmente a explora\u00e7\u00e3o agr\u00edcola, ou em alguns casos envolver-se-iam diretamente na instala\u00e7\u00e3o. <\/li><\/ol>\n","protected":false},"excerpt":{"rendered":"<p>Regi\u00e3o Aproximadamente 92.500 hectares (cerca de um ter\u00e7o) da \u00e1rea da prov\u00edncia de Antu\u00e9rpia na B\u00e9lgica \u00e9 utilizada para a agricultura. A prov\u00edncia cont\u00e9m 3.627 empresas agr\u00edcolas e hort\u00edcolas. O cultivo de culturas forrageiras representa 79% da \u00e1rea agr\u00edcola da prov\u00edncia. Destas, o milho e a erva para forragem s\u00e3o as culturas mais cultivadas. Mais &hellip; <a href=\"https:\/\/www.agrilink2020.eu\/pt-pt\/investigadores\/o-papel-dos-servicos-de-aconselhamento-agricola-na-tomada-de-decisoes-dos-agricultores-relativamente-a-adocao-de-inovacoes-em-energias-renovaveis-digestao-anaerobica-em-pequena-escala\">Continued<\/a><\/p>\n","protected":false},"author":2,"featured_media":5368,"comment_status":"open","ping_status":"open","sticky":false,"template":"","format":"standard","meta":[],"categories":[130,131,173,175],"tags":[480],"region":[693],"country":[217],"work_package":[235],"keyword":[271],"_links":{"self":[{"href":"https:\/\/www.agrilink2020.eu\/pt-pt\/wp-json\/wp\/v2\/posts\/7718"}],"collection":[{"href":"https:\/\/www.agrilink2020.eu\/pt-pt\/wp-json\/wp\/v2\/posts"}],"about":[{"href":"https:\/\/www.agrilink2020.eu\/pt-pt\/wp-json\/wp\/v2\/types\/post"}],"author":[{"embeddable":true,"href":"https:\/\/www.agrilink2020.eu\/pt-pt\/wp-json\/wp\/v2\/users\/2"}],"replies":[{"embeddable":true,"href":"https:\/\/www.agrilink2020.eu\/pt-pt\/wp-json\/wp\/v2\/comments?post=7718"}],"version-history":[{"count":3,"href":"https:\/\/www.agrilink2020.eu\/pt-pt\/wp-json\/wp\/v2\/posts\/7718\/revisions"}],"predecessor-version":[{"id":7721,"href":"https:\/\/www.agrilink2020.eu\/pt-pt\/wp-json\/wp\/v2\/posts\/7718\/revisions\/7721"}],"wp:featuredmedia":[{"embeddable":true,"href":"https:\/\/www.agrilink2020.eu\/pt-pt\/wp-json\/wp\/v2\/media\/5368"}],"wp:attachment":[{"href":"https:\/\/www.agrilink2020.eu\/pt-pt\/wp-json\/wp\/v2\/media?parent=7718"}],"wp:term":[{"taxonomy":"category","embeddable":true,"href":"https:\/\/www.agrilink2020.eu\/pt-pt\/wp-json\/wp\/v2\/categories?post=7718"},{"taxonomy":"post_tag","embeddable":true,"href":"https:\/\/www.agrilink2020.eu\/pt-pt\/wp-json\/wp\/v2\/tags?post=7718"},{"taxonomy":"region","embeddable":true,"href":"https:\/\/www.agrilink2020.eu\/pt-pt\/wp-json\/wp\/v2\/region?post=7718"},{"taxonomy":"country","embeddable":true,"href":"https:\/\/www.agrilink2020.eu\/pt-pt\/wp-json\/wp\/v2\/country?post=7718"},{"taxonomy":"work_package","embeddable":true,"href":"https:\/\/www.agrilink2020.eu\/pt-pt\/wp-json\/wp\/v2\/work_package?post=7718"},{"taxonomy":"keyword","embeddable":true,"href":"https:\/\/www.agrilink2020.eu\/pt-pt\/wp-json\/wp\/v2\/keyword?post=7718"}],"curies":[{"name":"wp","href":"https:\/\/api.w.org\/{rel}","templated":true}]}}