{"id":10189,"date":"2022-04-17T14:01:03","date_gmt":"2022-04-17T14:01:03","guid":{"rendered":"https:\/\/www.agrilink2020.eu\/uncategorized-ro\/accelerarea-cultivarii-de-avocado"},"modified":"2022-08-03T09:01:42","modified_gmt":"2022-08-03T09:01:42","slug":"accelerarea-cultivarii-de-avocado","status":"publish","type":"post","link":"https:\/\/www.agrilink2020.eu\/ro\/cercetatori\/accelerarea-cultivarii-de-avocado","title":{"rendered":"Accelerarea cultiv\u0103rii de avocado"},"content":{"rendered":"\n<h2>Regiune<\/h2>\n\n<p>Chania este situat\u0103 \u00een Creta, cu 1,8% din teritoriul na\u021bional \u0219i 1,7% din totalul terenurilor agricole ale \u021b\u0103rii. Economia sa este dependent\u0103 de sectorul agricol \u0219i de servicii, \u00een special de turism \u0219i comer\u021b. Culturile pomicole acoper\u0103 aproape 85% din terenurile agricole, m\u0103slinii reprezent\u00e2nd 90%, iar citricele 7% din totalul suprafe\u021bei agricole acoperite de culturi pomicole.<\/p>\n\n<div class=\"wp-block-image\"><figure class=\"aligncenter size-full\"><img decoding=\"async\" loading=\"lazy\" width=\"815\" height=\"556\" src=\"https:\/\/agrilink2020.eu\/wp-content\/uploads\/2022\/04\/F.5.jpg\" alt=\"\" class=\"wp-image-7375\" srcset=\"https:\/\/www.agrilink2020.eu\/wp-content\/uploads\/2022\/04\/F.5.jpg 815w, https:\/\/www.agrilink2020.eu\/wp-content\/uploads\/2022\/04\/F.5-300x205.jpg 300w, https:\/\/www.agrilink2020.eu\/wp-content\/uploads\/2022\/04\/F.5-768x524.jpg 768w\" sizes=\"(max-width: 815px) 100vw, 815px\" \/><figcaption>Harta regiunii<\/figcaption><\/figure><\/div>\n\n<p>Cultivarea de avocado acoper\u0103 doar o suprafa\u021b\u0103 mic\u0103 (nu dep\u0103\u0219e\u0219te 1,3% din totalul terenurilor cultivate cu plante pomicole), dar \u00een ultimii ani s-a extins \u00een mod spectaculos, chiar \u0219i \u00een zonele marginale. Extinderea rapid\u0103 a produc\u021biei de avocado, combinat\u0103 cu provoc\u0103rile locale legate de schimb\u0103rile climatice \u0219i cu importan\u021ba sa financiar\u0103 tot mai mare la nivel global, a f\u0103cut ca explorarea acestei inova\u021bii s\u0103 fie interesant\u0103 \u0219i s\u0103 merite.<\/p>\n\n<h2>Principalul obiect de interes al studiului<\/h2>\n\n<p>Studiul s-a axat pe rolul actorilor locali AKIS \u0219i pe interac\u021biunile dezvoltate \u00eentre cultivatorii de avocado, care au vizat schimbul de informa\u021bii \u0219i cuno\u0219tin\u021be pe parcursul procesului de inovare. Sistemul de consultan\u021b\u0103 din Chania este format din c\u00e2teva organiza\u021bii publice \u0219i organiza\u021bii bazate pe fermieri, dar mai ales din numeroase pepiniere \u0219i magazine de furnizare de inputuri (agronomi priva\u021bi).<\/p>\n\n<div class=\"wp-block-image\"><figure class=\"aligncenter size-full\"><img decoding=\"async\" loading=\"lazy\" width=\"1024\" height=\"768\" src=\"https:\/\/agrilink2020.eu\/wp-content\/uploads\/2022\/04\/avocado-3-1024x768-1.jpeg\" alt=\"\" class=\"wp-image-7434\" srcset=\"https:\/\/www.agrilink2020.eu\/wp-content\/uploads\/2022\/04\/avocado-3-1024x768-1.jpeg 1024w, https:\/\/www.agrilink2020.eu\/wp-content\/uploads\/2022\/04\/avocado-3-1024x768-1-300x225.jpeg 300w, https:\/\/www.agrilink2020.eu\/wp-content\/uploads\/2022\/04\/avocado-3-1024x768-1-768x576.jpeg 768w\" sizes=\"(max-width: 1024px) 100vw, 1024px\" \/><\/figure><\/div>\n\n<p>Ini\u021bial, institutele de cercetare au sensibilizat fermierii cu privire la poten\u021bialul avocado \u00een regiune. Acestea au fost esen\u021biale \u00een timpul evalu\u0103rii inova\u021biei de c\u0103tre fermieri, atunci c\u00e2nd ace\u0219tia au c\u0103utat \u00eendrumare \u0219i informa\u021bii fiabile pentru a-\u0219i sprijini procesul decizional. Influen\u021ba furnizorilor locali de inputuri ca furnizori de consultan\u021b\u0103 a crescut dup\u0103 ce fermierii au \u00eenceput s\u0103 cultive avocado, ceea ce indic\u0103 o revenire a fermierilor la dependen\u021ba lor anterioar\u0103 fa\u021b\u0103 de ace\u0219tia.<\/p>\n\n<p>Mai mul\u021bi cultivatori de avocado au intrat \u00een leg\u0103tur\u0103 direct\u0103 cu furnizorii de consultan\u021b\u0103 disponibili, dar mul\u021bi al\u021bii s-au bazat (uneori exclusiv) pe interac\u021biunile de la egal la egal cu al\u021bi cultivatori. Principala activitate a principalilor furnizori de consultan\u021b\u0103 a fost implicarea lor \u00eentr-un grup de lucru informal. Cu toate acestea, aceast\u0103 activitate nu a produs rezultate tangibile pentru cultivatorii de avocado din cauza lipsei de sprijin oficial. Percep\u021biile comune despre agricultur\u0103, preferin\u021bele personale, prieteniile, leg\u0103turile de familie \u0219i tradi\u021biile joac\u0103 un rol important \u00een rela\u021biile dintre fermierii \u0219i consilierii din Chania.<\/p>\n\n<p>\u00cen ansamblu, studiul relev\u0103 un decalaj \u00een producerea \u0219i adaptarea cuno\u0219tin\u021belor relevante, fapt care, \u00een multe ocazii, a condus cultivatorii de avocado la e\u0219ecuri repetate ale culturilor din cauza materialului de \u00eenmul\u021bire necorespunz\u0103tor \u0219i a practicilor de cultivare incorecte. Furnizorii de consultan\u021b\u0103 nu au fost \u00eentotdeauna \u00een m\u0103sur\u0103 s\u0103 ofere r\u0103spunsuri adecvate la \u00eentreb\u0103rile cultivatorilor, iar seminariile organizate sporadic de c\u0103tre entit\u0103\u021bile publice nu au fost suficiente pentru a-i \u00eendruma pe cultivatori c\u0103tre solu\u021bii la problemele de cultivare.<\/p>\n\n<p>Raportul complet (\u00een limba englez\u0103) este disponibil aici &#8211; Partea 1 \u0219i Partea 2.<\/p>\n\n<div class=\"wp-block-file\"><object class=\"wp-block-file__embed\" data=\"https:\/\/agrilink2020.eu\/wp-content\/uploads\/2021\/06\/D2.2_GR.GDPR-part-1.pdf\" type=\"application\/pdf\" style=\"width:100%;height:600px\" aria-label=\"\u00cenglobare pentru Embed of D2.2_GR.GDPR part 1..\"><\/object><a id=\"wp-block-file--media-64b25d83-5843-424b-8e9e-506ea9d80a8a\" href=\"https:\/\/agrilink2020.eu\/wp-content\/uploads\/2021\/06\/D2.2_GR.GDPR-part-1.pdf\">D2.2_GR.GDPR part 1<\/a><a href=\"https:\/\/agrilink2020.eu\/wp-content\/uploads\/2021\/06\/D2.2_GR.GDPR-part-1.pdf\" class=\"wp-block-file__button\" download=\"\" aria-describedby=\"wp-block-file--media-64b25d83-5843-424b-8e9e-506ea9d80a8a\">Download<\/a><\/div>\n\n<div class=\"wp-block-file\"><object class=\"wp-block-file__embed\" data=\"https:\/\/agrilink2020.eu\/wp-content\/uploads\/2021\/06\/D2.2_GR.GDPR-part-2.pdf\" type=\"application\/pdf\" style=\"width:100%;height:600px\" aria-label=\"\u00cenglobare pentru Embed of D2.2_GR.GDPR part 2..\"><\/object><a id=\"wp-block-file--media-95fb7ba9-b18d-4aa6-ae00-da163b91d171\" href=\"https:\/\/agrilink2020.eu\/wp-content\/uploads\/2021\/06\/D2.2_GR.GDPR-part-2.pdf\">D2.2_GR.GDPR part 2<\/a><a href=\"https:\/\/agrilink2020.eu\/wp-content\/uploads\/2021\/06\/D2.2_GR.GDPR-part-2.pdf\" class=\"wp-block-file__button\" download=\"\" aria-describedby=\"wp-block-file--media-95fb7ba9-b18d-4aa6-ae00-da163b91d171\">Download<\/a><\/div>\n\n<hr class=\"wp-block-separator\"\/>\n\n<h2>Partener \u0219i persoan\u0103 de contact<\/h2>\n\n<div class=\"wp-block-image\"><figure class=\"aligncenter size-full\"><img decoding=\"async\" loading=\"lazy\" width=\"209\" height=\"56\" src=\"https:\/\/agrilink2020.eu\/wp-content\/uploads\/2022\/01\/AUA-logo.png\" alt=\"\" class=\"wp-image-734\"\/><\/figure><\/div>\n\n<h2>Universitatea Agricol\u0103 din Atena<\/h2>\n\n<p>Alex Koutsouris, <a href=\"mailto:koutsouris@aua.gr\">koutsouris@aua.gr<\/a><\/p>\n\n<hr class=\"wp-block-separator\"\/>\n\n<h2>Lec\u021bii \u00eenv\u0103\u021bate<\/h2>\n\n<ol><li>Peisajul consultan\u021bei din Chania este fragmentat, cu diver\u0219i actori care \u00eencearc\u0103 s\u0103 sprijine cultivatorii de avocado \u0219i s\u0103 \u00eembun\u0103t\u0103\u021beasc\u0103 cuno\u0219tin\u021bele relevante, de\u0219i cu rezultate mixte. Autorit\u0103\u021bile de stat nu au sprijinit \u00een mod consecvent o strategie pentru cre\u0219terea produc\u021biei de avocado. Organiza\u021biile publice de cercetare nu au fost \u00een m\u0103sur\u0103 s\u0103 produc\u0103 sau s\u0103 adapteze cuno\u0219tin\u021be fiabile adaptate la nevoile locale. Consilierii individuali \u0219i fermierii \u00een\u0219i\u0219i s-au sprijinit reciproc prin intermediul re\u021belelor lor sociale, motiva\u021bi de nevoia de a supravie\u021bui. Aceste interac\u021biuni nu au fost suficiente pentru a schimba semnificativ peisajul de consiliere. Acest e\u0219ec sistematic se reflect\u0103 \u00een faptul c\u0103 mul\u021bi dintre primii adoptatori au abandonat cultivarea avocado, pentru a reveni la aceasta doar atunci c\u00e2nd au fost &#8222;for\u021ba\u021bi&#8221; de \u00eenr\u0103ut\u0103\u021birea condi\u021biilor de pe pie\u021bele de portocale \u0219i de ulei de m\u0103sline.<\/li><li>Mul\u021bi furnizori de consultan\u021b\u0103 (inclusiv cercet\u0103tori, autorit\u0103\u021bi \u0219i comercian\u021bi) au ajuns s\u0103 recunoasc\u0103 fermierii ca surse valoroase de cuno\u0219tin\u021be. Pe de o parte, acest lucru ofer\u0103 o baz\u0103 de referin\u021b\u0103 pentru co-crearea de noi cuno\u0219tin\u021be prin intermediul unor viitoare proiecte \u0219i re\u021bele multi-actor. Pe de alt\u0103 parte, aceasta presupune: a) angajarea fermierilor \u00een activit\u0103\u021bi de formare continu\u0103 pentru a-\u0219i \u00eembun\u0103t\u0103\u021bi competen\u021bele \u0219i b) capacitatea tot mai mare a consilierilor de a facilita interac\u021biunile \u0219i fluxul de cuno\u0219tin\u021be \u00eentre actorii implica\u021bi.<\/li><\/ol>\n","protected":false},"excerpt":{"rendered":"<p>Regiune Chania este situat\u0103 \u00een Creta, cu 1,8% din teritoriul na\u021bional \u0219i 1,7% din totalul terenurilor agricole ale \u021b\u0103rii. Economia sa este dependent\u0103 de sectorul agricol \u0219i de servicii, \u00een special de turism \u0219i comer\u021b. Culturile pomicole acoper\u0103 aproape 85% din terenurile agricole, m\u0103slinii reprezent\u00e2nd 90%, iar citricele 7% din totalul suprafe\u021bei agricole acoperite de &hellip; <a href=\"https:\/\/www.agrilink2020.eu\/ro\/cercetatori\/accelerarea-cultivarii-de-avocado\">Continued<\/a><\/p>\n","protected":false},"author":2,"featured_media":7452,"comment_status":"open","ping_status":"open","sticky":false,"template":"","format":"standard","meta":[],"categories":[145,146,181,183],"tags":[482],"region":[1083],"country":[622],"work_package":[240],"keyword":[276],"_links":{"self":[{"href":"https:\/\/www.agrilink2020.eu\/ro\/wp-json\/wp\/v2\/posts\/10189"}],"collection":[{"href":"https:\/\/www.agrilink2020.eu\/ro\/wp-json\/wp\/v2\/posts"}],"about":[{"href":"https:\/\/www.agrilink2020.eu\/ro\/wp-json\/wp\/v2\/types\/post"}],"author":[{"embeddable":true,"href":"https:\/\/www.agrilink2020.eu\/ro\/wp-json\/wp\/v2\/users\/2"}],"replies":[{"embeddable":true,"href":"https:\/\/www.agrilink2020.eu\/ro\/wp-json\/wp\/v2\/comments?post=10189"}],"version-history":[{"count":1,"href":"https:\/\/www.agrilink2020.eu\/ro\/wp-json\/wp\/v2\/posts\/10189\/revisions"}],"predecessor-version":[{"id":10190,"href":"https:\/\/www.agrilink2020.eu\/ro\/wp-json\/wp\/v2\/posts\/10189\/revisions\/10190"}],"wp:featuredmedia":[{"embeddable":true,"href":"https:\/\/www.agrilink2020.eu\/ro\/wp-json\/wp\/v2\/media\/7452"}],"wp:attachment":[{"href":"https:\/\/www.agrilink2020.eu\/ro\/wp-json\/wp\/v2\/media?parent=10189"}],"wp:term":[{"taxonomy":"category","embeddable":true,"href":"https:\/\/www.agrilink2020.eu\/ro\/wp-json\/wp\/v2\/categories?post=10189"},{"taxonomy":"post_tag","embeddable":true,"href":"https:\/\/www.agrilink2020.eu\/ro\/wp-json\/wp\/v2\/tags?post=10189"},{"taxonomy":"region","embeddable":true,"href":"https:\/\/www.agrilink2020.eu\/ro\/wp-json\/wp\/v2\/region?post=10189"},{"taxonomy":"country","embeddable":true,"href":"https:\/\/www.agrilink2020.eu\/ro\/wp-json\/wp\/v2\/country?post=10189"},{"taxonomy":"work_package","embeddable":true,"href":"https:\/\/www.agrilink2020.eu\/ro\/wp-json\/wp\/v2\/work_package?post=10189"},{"taxonomy":"keyword","embeddable":true,"href":"https:\/\/www.agrilink2020.eu\/ro\/wp-json\/wp\/v2\/keyword?post=10189"}],"curies":[{"name":"wp","href":"https:\/\/api.w.org\/{rel}","templated":true}]}}