{"id":10205,"date":"2022-04-17T14:08:30","date_gmt":"2022-04-17T14:08:30","guid":{"rendered":"https:\/\/www.agrilink2020.eu\/uncategorized-ro\/rolul-serviciilor-de-consultanta-in-procesul-decizional-al-fermierilor-cu-privire-la-noile-forme-de-munca-inovatoare"},"modified":"2022-08-03T19:07:43","modified_gmt":"2022-08-03T19:07:43","slug":"rolul-serviciilor-de-consultanta-in-procesul-decizional-al-fermierilor-cu-privire-la-noile-forme-de-munca-inovatoare","status":"publish","type":"post","link":"https:\/\/www.agrilink2020.eu\/ro\/cercetatori\/rolul-serviciilor-de-consultanta-in-procesul-decizional-al-fermierilor-cu-privire-la-noile-forme-de-munca-inovatoare","title":{"rendered":"Rolul serviciilor de consultan\u021b\u0103 \u00een procesul decizional al fermierilor cu privire la noile forme de munc\u0103 inovatoare"},"content":{"rendered":"\n<h2>Regiune<\/h2>\n\n<p>AgriLink a studiat dou\u0103 regiuni din Fran\u021ba. Gers este un jude\u021b agricol foarte rural (NUTS3) din sud-vestul Fran\u021bei. Agricultura asigur\u0103 12% din locurile de munc\u0103 locale \u0219i este una dintre cele mai importante regiuni pentru produc\u021bia vegetal\u0103 din \u021bar\u0103. De la \u00eenceputul anilor 2000, num\u0103rul exploata\u021biilor agricole a sc\u0103zut cu aproape 20%, \u00een timp ce dimensiunea medie a exploata\u021biilor agricole a crescut brusc, ajung\u00e2nd la 86,5 hectare (mult peste media na\u021bional\u0103). Pyr\u00e9n\u00e9es Atlantiques (PA) este situat\u0103 la sud de Gers. Este unul dintre cele 3 jude\u021be franceze (din 95) cu o propor\u021bie ridicat\u0103 (16-18%) de exploata\u021bii agricole a c\u0103ror gestionare a tuturor opera\u021biunilor de cultivare (cereale, oleaginoase \u0219i proteaginoase) este externalizat\u0103 c\u0103tre diferite tipuri de furnizori de servicii agricole.<\/p>\n\n<div class=\"wp-block-image\"><figure class=\"aligncenter size-full\"><img decoding=\"async\" loading=\"lazy\" width=\"831\" height=\"589\" src=\"https:\/\/agrilink2020.eu\/wp-content\/uploads\/2022\/04\/F.9.jpg\" alt=\"\" class=\"wp-image-7467\" srcset=\"https:\/\/www.agrilink2020.eu\/wp-content\/uploads\/2022\/04\/F.9.jpg 831w, https:\/\/www.agrilink2020.eu\/wp-content\/uploads\/2022\/04\/F.9-300x213.jpg 300w, https:\/\/www.agrilink2020.eu\/wp-content\/uploads\/2022\/04\/F.9-768x544.jpg 768w\" sizes=\"(max-width: 831px) 100vw, 831px\" \/><figcaption>Harta regiunii<\/figcaption><\/figure><\/div>\n\n<h2>Principalul obiect de interes al studiului<\/h2>\n\n<p>Studiul s-a axat pe acordurile inovatoare de munc\u0103 legate de externalizarea opera\u021biunilor agricole. Externalizarea anumitor opera\u021biuni agricole este o practic\u0103 de lung\u0103 durat\u0103 \u00een Fran\u021ba, \u00een special \u00een cazul fermelor mici care nu dispun de echipamentele sau de for\u021ba de munc\u0103 necesare pentru activit\u0103\u021bi precum recoltarea. Cu toate acestea, \u00een ultimii ani, tipul de servicii externalizate s-a schimbat.<\/p>\n\n<div class=\"wp-block-image\"><figure class=\"aligncenter size-full\"><img decoding=\"async\" loading=\"lazy\" width=\"1024\" height=\"683\" src=\"https:\/\/agrilink2020.eu\/wp-content\/uploads\/2022\/04\/wheat-1995041-1024x683-1.jpeg\" alt=\"\" class=\"wp-image-7457\" srcset=\"https:\/\/www.agrilink2020.eu\/wp-content\/uploads\/2022\/04\/wheat-1995041-1024x683-1.jpeg 1024w, https:\/\/www.agrilink2020.eu\/wp-content\/uploads\/2022\/04\/wheat-1995041-1024x683-1-300x200.jpeg 300w, https:\/\/www.agrilink2020.eu\/wp-content\/uploads\/2022\/04\/wheat-1995041-1024x683-1-768x512.jpeg 768w\" sizes=\"(max-width: 1024px) 100vw, 1024px\" \/><\/figure><\/div>\n\n<p>\u00centre 2000 \u0219i 2016, num\u0103rul exploata\u021biilor agricole care au recurs la servicii externalizate a crescut de peste dou\u0103 ori, pe m\u0103sur\u0103 ce a crescut adoptarea de noi tehnologii sofisticate care necesit\u0103 competen\u021be tehnice specifice (cultivarea conservativ\u0103 a solului, tratamente fitosanitare cu ajutorul tehnologiilor computerizate etc.). Acest studiu de caz a examinat: a) rolul sistemelor de consultan\u021b\u0103 agricol\u0103 \u00een orientarea fermierilor \u00een adoptarea acestor noi practici de externalizare \u0219i b) impactul mai larg al externaliz\u0103rii asupra peisajului de consultan\u021b\u0103.<\/p>\n\n<p>Raportul complet (\u00een limba englez\u0103) este aici<\/p>\n\n<div class=\"wp-block-file aligncenter\"><object class=\"wp-block-file__embed\" data=\"https:\/\/agrilink2020.eu\/wp-content\/uploads\/2021\/06\/D2.2_FR.GDPR_.pdf\" type=\"application\/pdf\" style=\"width:100%;height:600px\" aria-label=\"\u00cenglobare pentru Embed of D2.2_FR.GDPR..\"><\/object><a id=\"wp-block-file--media-19fa045a-3973-4177-ad16-e576a102f5fd\" href=\"https:\/\/agrilink2020.eu\/wp-content\/uploads\/2021\/06\/D2.2_FR.GDPR_.pdf\">D2.2_FR.GDPR<\/a><a href=\"https:\/\/agrilink2020.eu\/wp-content\/uploads\/2021\/06\/D2.2_FR.GDPR_.pdf\" class=\"wp-block-file__button\" download=\"\" aria-describedby=\"wp-block-file--media-19fa045a-3973-4177-ad16-e576a102f5fd\">Download<\/a><\/div>\n\n<hr class=\"wp-block-separator\"\/>\n\n<h2>Partener \u0219i persoan\u0103 de contact<\/h2>\n\n<div class=\"wp-block-image\"><figure class=\"aligncenter size-large is-resized\"><img decoding=\"async\" loading=\"lazy\" src=\"https:\/\/agrilink2020.eu\/wp-content\/uploads\/2022\/01\/inrae-vector-logo.svg\" alt=\"\" class=\"wp-image-941\" width=\"172\" height=\"172\"\/><\/figure><\/div>\n\n<h2>Institutul Na\u021bional de Cercetare pentru Agricultur\u0103, Alimenta\u021bie \u0219i Mediu (INRAE)<\/h2>\n\n<p>Pierre Labarthe, <a href=\"mailto:pierre.labarthe@inrae.fr\">pierre.labarthe@inrae.fr<\/a><\/p>\n\n<hr class=\"wp-block-separator\"\/>\n\n<h2>Lec\u021bii \u00eenv\u0103\u021bate<\/h2>\n\n<ol><li>Deciziile fermierilor de a utiliza aceste noi forme de organizare a muncii corespund la patru tipuri principale de nevoi: (i) externalizarea activit\u0103\u021bilor ca parte a reproiect\u0103rii sistemului de produc\u021bie, (ii) externalizarea activit\u0103\u021bilor de cultur\u0103 pentru a ra\u021bionaliza investi\u021biile \u00een utilaje \u0219i pentru a se concentra pe activitatea de baz\u0103, (iii) externalizarea &#8222;de la A la Z&#8221; din motive patrimoniale, pentru a p\u0103stra controlul asupra terenurilor \u0219i (iv) externalizarea din cauza dificult\u0103\u021bilor de a g\u0103si \u0219i de a gestiona personal de \u00eencredere. Ace\u0219tia se adapteaz\u0103 apoi \u00een func\u021bie de mediul lor geografic (de exemplu, contractan\u021bii disponibili) \u0219i de mediul organiza\u021bional (de exemplu, re\u021belele lor de al\u021bi fermieri, diversele surse de consiliere), pentru a g\u0103si cele mai bune sfaturi posibile pentru a pune \u00een aplicare aceste strategii.<\/li><li>Exist\u0103 o cerere crescut\u0103 de consultan\u021b\u0103 \u00een ceea ce prive\u0219te gestionarea for\u021bei de munc\u0103 \u00een agricultur\u0103, dar pu\u021bini consilieri pot oferi astfel de consultan\u021b\u0103. Aceasta este o nou\u0103 pia\u021b\u0103 de consultan\u021b\u0103 care se a\u0219teapt\u0103 s\u0103 creasc\u0103, \u00een condi\u021biile \u00een care performan\u021ba global\u0103 a fermei depinde nu numai de competen\u021bele tehnice, ci \u0219i de cele manageriale. Unii actori tradi\u021bionali, cum ar fi cooperativele \u0219i firmele de contabilitate, \u00eencearc\u0103 s\u0103 dezvolte aceste competen\u021be prin intermediul rela\u021biilor pe termen lung pe care le-au stabilit cu fermierii \u00een alte scopuri.<\/li><\/ol>\n\n<p><\/p>\n","protected":false},"excerpt":{"rendered":"<p>Regiune AgriLink a studiat dou\u0103 regiuni din Fran\u021ba. Gers este un jude\u021b agricol foarte rural (NUTS3) din sud-vestul Fran\u021bei. Agricultura asigur\u0103 12% din locurile de munc\u0103 locale \u0219i este una dintre cele mai importante regiuni pentru produc\u021bia vegetal\u0103 din \u021bar\u0103. De la \u00eenceputul anilor 2000, num\u0103rul exploata\u021biilor agricole a sc\u0103zut cu aproape 20%, \u00een timp &hellip; <a href=\"https:\/\/www.agrilink2020.eu\/ro\/cercetatori\/rolul-serviciilor-de-consultanta-in-procesul-decizional-al-fermierilor-cu-privire-la-noile-forme-de-munca-inovatoare\">Continued<\/a><\/p>\n","protected":false},"author":2,"featured_media":7485,"comment_status":"open","ping_status":"open","sticky":false,"template":"","format":"standard","meta":[],"categories":[145,146,181,182,183],"tags":[482],"region":[1091,500],"country":[501],"work_package":[240],"keyword":[330],"_links":{"self":[{"href":"https:\/\/www.agrilink2020.eu\/ro\/wp-json\/wp\/v2\/posts\/10205"}],"collection":[{"href":"https:\/\/www.agrilink2020.eu\/ro\/wp-json\/wp\/v2\/posts"}],"about":[{"href":"https:\/\/www.agrilink2020.eu\/ro\/wp-json\/wp\/v2\/types\/post"}],"author":[{"embeddable":true,"href":"https:\/\/www.agrilink2020.eu\/ro\/wp-json\/wp\/v2\/users\/2"}],"replies":[{"embeddable":true,"href":"https:\/\/www.agrilink2020.eu\/ro\/wp-json\/wp\/v2\/comments?post=10205"}],"version-history":[{"count":1,"href":"https:\/\/www.agrilink2020.eu\/ro\/wp-json\/wp\/v2\/posts\/10205\/revisions"}],"predecessor-version":[{"id":10206,"href":"https:\/\/www.agrilink2020.eu\/ro\/wp-json\/wp\/v2\/posts\/10205\/revisions\/10206"}],"wp:featuredmedia":[{"embeddable":true,"href":"https:\/\/www.agrilink2020.eu\/ro\/wp-json\/wp\/v2\/media\/7485"}],"wp:attachment":[{"href":"https:\/\/www.agrilink2020.eu\/ro\/wp-json\/wp\/v2\/media?parent=10205"}],"wp:term":[{"taxonomy":"category","embeddable":true,"href":"https:\/\/www.agrilink2020.eu\/ro\/wp-json\/wp\/v2\/categories?post=10205"},{"taxonomy":"post_tag","embeddable":true,"href":"https:\/\/www.agrilink2020.eu\/ro\/wp-json\/wp\/v2\/tags?post=10205"},{"taxonomy":"region","embeddable":true,"href":"https:\/\/www.agrilink2020.eu\/ro\/wp-json\/wp\/v2\/region?post=10205"},{"taxonomy":"country","embeddable":true,"href":"https:\/\/www.agrilink2020.eu\/ro\/wp-json\/wp\/v2\/country?post=10205"},{"taxonomy":"work_package","embeddable":true,"href":"https:\/\/www.agrilink2020.eu\/ro\/wp-json\/wp\/v2\/work_package?post=10205"},{"taxonomy":"keyword","embeddable":true,"href":"https:\/\/www.agrilink2020.eu\/ro\/wp-json\/wp\/v2\/keyword?post=10205"}],"curies":[{"name":"wp","href":"https:\/\/api.w.org\/{rel}","templated":true}]}}