{"id":10223,"date":"2022-04-17T14:15:38","date_gmt":"2022-04-17T14:15:38","guid":{"rendered":"https:\/\/www.agrilink2020.eu\/uncategorized-ro\/rolul-serviciilor-de-consultanta-in-procesul-decizional-al-fermierilor-cu-privire-la-modalitatile-inovatoare-de-lucru"},"modified":"2022-08-03T19:27:19","modified_gmt":"2022-08-03T19:27:19","slug":"rolul-serviciilor-de-consultanta-in-procesul-decizional-al-fermierilor-cu-privire-la-modalitatile-inovatoare-de-lucru","status":"publish","type":"post","link":"https:\/\/www.agrilink2020.eu\/ro\/cercetatori\/rolul-serviciilor-de-consultanta-in-procesul-decizional-al-fermierilor-cu-privire-la-modalitatile-inovatoare-de-lucru","title":{"rendered":"Rolul serviciilor de consultan\u021b\u0103 \u00een procesul decizional al fermierilor cu privire la modalit\u0103\u021bile inovatoare de lucru"},"content":{"rendered":"\n<h2>Regiune<\/h2>\n\n<p>Provincia Flandra de Vest are cel mai mare num\u0103r de fermieri din Belgia care sunt organiza\u021bi \u00een structuri cooperative. \u00cen 2013, \u00een Flandra de Vest existau \u00een total 8.678 de \u00eentreprinderi agricole \u0219i horticole (34,9% din totalul flamand) care foloseau un total de 205.764 de hectare (exact o treime din totalul flamand). Aproape trei sferturi (74,1%) din cele 15,1 milioane de animale din efectivele din Flandra de Vest erau p\u0103s\u0103ri de curte \u0219i 23% erau porci. Dimensiunea medie a unit\u0103\u021bilor horticole din regiune a crescut de la 21,8 hectare \u00een 2009 la 24,6 hectare \u00een 2013.<\/p>\n\n<div class=\"wp-block-image\"><figure class=\"aligncenter size-full\"><img decoding=\"async\" loading=\"lazy\" width=\"831\" height=\"589\" src=\"https:\/\/agrilink2020.eu\/wp-content\/uploads\/2022\/04\/F.9.jpg\" alt=\"\" class=\"wp-image-7467\" srcset=\"https:\/\/www.agrilink2020.eu\/wp-content\/uploads\/2022\/04\/F.9.jpg 831w, https:\/\/www.agrilink2020.eu\/wp-content\/uploads\/2022\/04\/F.9-300x213.jpg 300w, https:\/\/www.agrilink2020.eu\/wp-content\/uploads\/2022\/04\/F.9-768x544.jpg 768w\" sizes=\"(max-width: 831px) 100vw, 831px\" \/><figcaption>Harta regiunii<\/figcaption><\/figure><\/div>\n\n<h2>Principalul obiect de interes al studiului<\/h2>\n\n<p>Unul dintre principalele obstacole care trebuie dep\u0103\u0219ite atunci c\u00e2nd se promoveaz\u0103 inovarea \u00een domeniul agriculturii durabile este faptul c\u0103 mul\u021bi agricultori au dificult\u0103\u021bi \u00een a lucra \u00eempreun\u0103. Studiul s-a axat pe modul \u00een care serviciile de consultan\u021b\u0103 \u00eei pot ajuta pe fermieri s\u0103 abordeze aceast\u0103 provocare \u0219i s\u0103 \u00eenceap\u0103 s\u0103 lucreze \u00eempreun\u0103, inclusiv s\u0103 formeze structuri juridice adecvate. O cooperativ\u0103 este o asocia\u021bie independent\u0103 de indivizi uni\u021bi \u00een mod voluntar pentru a-\u0219i satisface nevoile \u0219i aspira\u021biile sociale \u0219i culturale comune prin intermediul unei \u00eentreprinderi de\u021binute \u00een comun \u0219i controlate \u00een mod democratic. Cooperativele agricole \u00eei unesc pe fermieri pentru a realiza obiective comune, cum ar fi comercializarea \u0219i prelucrarea produselor agricole, achizi\u021bionarea \u0219i producerea de inputuri sau utilaje agricole sau efectuarea de cercet\u0103ri.<\/p>\n\n<div class=\"wp-block-image\"><figure class=\"aligncenter size-large\"><img decoding=\"async\" loading=\"lazy\" width=\"1024\" height=\"680\" src=\"https:\/\/agrilink2020.eu\/wp-content\/uploads\/2021\/06\/b1d0eef73b5a2ebe387b4cd5992c3e6b-1024x680.jpg\" alt=\"\" class=\"wp-image-199\" srcset=\"https:\/\/www.agrilink2020.eu\/wp-content\/uploads\/2021\/06\/b1d0eef73b5a2ebe387b4cd5992c3e6b-1024x680.jpg 1024w, https:\/\/www.agrilink2020.eu\/wp-content\/uploads\/2021\/06\/b1d0eef73b5a2ebe387b4cd5992c3e6b-300x199.jpg 300w, https:\/\/www.agrilink2020.eu\/wp-content\/uploads\/2021\/06\/b1d0eef73b5a2ebe387b4cd5992c3e6b-768x510.jpg 768w, https:\/\/www.agrilink2020.eu\/wp-content\/uploads\/2021\/06\/b1d0eef73b5a2ebe387b4cd5992c3e6b-1536x1020.jpg 1536w, https:\/\/www.agrilink2020.eu\/wp-content\/uploads\/2021\/06\/b1d0eef73b5a2ebe387b4cd5992c3e6b-2048x1361.jpg 2048w\" sizes=\"(max-width: 1024px) 100vw, 1024px\" \/><\/figure><\/div>\n\n<p>Cele mai multe cooperative au ca scop cre\u0219terea veniturilor membrilor sau facilitarea activit\u0103\u021bii fermierilor individuali, ajut\u00e2ndu-i s\u0103 \u00ee\u0219i conecteze mai bine produc\u021bia cu pie\u021bele financiare, de inputuri agricole, de informa\u021bii sau de produc\u021bie. Cooperativa se poate specializa \u00een produc\u021bie, \u00een furnizarea de servicii sau \u00een marketing. De asemenea, ar putea oferi sprijin \u00een cadrul unora (sau al tuturor) acestor etape diferite. Acest studiu de caz examineaz\u0103 modul \u00een care cooperativele func\u021bioneaz\u0103 ca sisteme de consultan\u021b\u0103 \u0219i cum pot ajuta fermierii s\u0103 \u00eenfiin\u021beze noi cooperative.<\/p>\n\n<p>Studiul de caz examineaz\u0103 modul \u00een care cooperativele existente \u00ee\u0219i gestioneaz\u0103 guvernan\u021ba \u0219i dac\u0103 acestea primesc sprijin din partea consilierilor pentru a consolida aceast\u0103 guvernan\u021b\u0103. De asemenea, se analizeaz\u0103 beneficiile \u00eenfiin\u021b\u0103rii de noi cooperative pentru stimularea inov\u0103rii. Unii fermieri cred c\u0103, dac\u0103 e\u0219ti prea mic pentru a inova pe cont propriu, o po\u021bi face \u00eempreun\u0103.<\/p>\n\n<p>Raportul complet (\u00een limba englez\u0103) este aici<\/p>\n\n<div class=\"wp-block-file aligncenter\"><object class=\"wp-block-file__embed\" data=\"https:\/\/agrilink2020.eu\/wp-content\/uploads\/2021\/06\/D2.2_BE.GDPR_.pdf\" type=\"application\/pdf\" style=\"width:100%;height:600px\" aria-label=\"\u00cenglobare pentru Embed of D2.2_BE.GDPR..\"><\/object><a id=\"wp-block-file--media-d355b648-ba44-4eb6-98ca-98a951a4c318\" href=\"https:\/\/agrilink2020.eu\/wp-content\/uploads\/2021\/06\/D2.2_BE.GDPR_.pdf\">D2.2_BE.GDPR<\/a><a href=\"https:\/\/agrilink2020.eu\/wp-content\/uploads\/2021\/06\/D2.2_BE.GDPR_.pdf\" class=\"wp-block-file__button\" download=\"\" aria-describedby=\"wp-block-file--media-d355b648-ba44-4eb6-98ca-98a951a4c318\">Download<\/a><\/div>\n\n<hr class=\"wp-block-separator\"\/>\n\n<h2>Partener \u0219i persoan\u0103 de contact<\/h2>\n\n<div class=\"wp-block-image\"><figure class=\"aligncenter size-full is-resized\"><img decoding=\"async\" loading=\"lazy\" src=\"https:\/\/agrilink2020.eu\/wp-content\/uploads\/2021\/11\/Innovatiesteunpunt-logo.png\" alt=\"\" class=\"wp-image-587\" width=\"292\" height=\"57\"\/><\/figure><\/div>\n\n<h2>Centrul de sprijin pentru inovare<\/h2>\n\n<p>Stijn Bossin, <a href=\"mailto:stijn.bossin@innovatiesteunpunt.be\">stijn.bossin@innovatiesteunpunt.be<\/a><\/p>\n\n<hr class=\"wp-block-separator\"\/>\n\n<h2>Lec\u021bii \u00eenv\u0103\u021bate<\/h2>\n\n<ol><li>Ar trebui f\u0103cut\u0103 o distinc\u021bie \u00eentre procesul de aderare la cooperativele tradi\u021bionale mari \u0219i cel de aderare la cooperativele mai mici, \u00eenfiin\u021bate mai recent. Mul\u021bi agricultori devin con\u0219tien\u021bi de cooperativele tradi\u021bionale atunci c\u00e2nd cresc \u00een fermele lor de familie. Consilierii joac\u0103 un rol minim \u00een cre\u0219terea gradului de con\u0219tientizare a cooperativelor tradi\u021bionale \u0219i \u00een evaluarea acestora de c\u0103tre fermieri. Aderarea la o cooperativ\u0103 este &#8222;singurul lucru logic de f\u0103cut&#8221; pentru mul\u021bi fermieri flamanzi. Rareori exist\u0103 o evaluare activ\u0103 a acestei decizii. \u00cen pu\u021binele cazuri \u00een care exist\u0103 o etap\u0103 de evaluare activ\u0103, fermierii primesc consultan\u021b\u0103 de la cooperativele de fermieri prin consiliere individual\u0103, \u00een persoan\u0103 sau prin intermediul unor ateliere organizate.<\/li><li>Consilierii au un rol mai important \u00een cazul cooperativelor mai mici, \u00eenfiin\u021bate mai recent. Pionierii care \u00eencep o cooperativ\u0103 au tendin\u021ba de a c\u0103uta c\u00e2t mai multe informa\u021bii \u0219i sfaturi din diverse surse. Ace\u0219tia se \u00eent\u00e2lnesc \u0219i negociaz\u0103 cu reprezentan\u021bi ai sectorului privat, ai cooperativelor bazate pe fermieri, ai organiza\u021biilor de mediu, ai birourilor de contabilitate, cu omologi din alte \u021b\u0103ri etc. Aceia\u0219i actori pot juca, de asemenea, un rol \u00een punerea \u00een aplicare a noii cooperative.<\/li><\/ol>\n","protected":false},"excerpt":{"rendered":"<p>Regiune Provincia Flandra de Vest are cel mai mare num\u0103r de fermieri din Belgia care sunt organiza\u021bi \u00een structuri cooperative. \u00cen 2013, \u00een Flandra de Vest existau \u00een total 8.678 de \u00eentreprinderi agricole \u0219i horticole (34,9% din totalul flamand) care foloseau un total de 205.764 de hectare (exact o treime din totalul flamand). Aproape trei &hellip; <a href=\"https:\/\/www.agrilink2020.eu\/ro\/cercetatori\/rolul-serviciilor-de-consultanta-in-procesul-decizional-al-fermierilor-cu-privire-la-modalitatile-inovatoare-de-lucru\">Continued<\/a><\/p>\n","protected":false},"author":2,"featured_media":3818,"comment_status":"open","ping_status":"open","sticky":false,"template":"","format":"standard","meta":[],"categories":[145,146,181,183],"tags":[482],"region":[1100],"country":[222],"work_package":[240],"keyword":[330],"_links":{"self":[{"href":"https:\/\/www.agrilink2020.eu\/ro\/wp-json\/wp\/v2\/posts\/10223"}],"collection":[{"href":"https:\/\/www.agrilink2020.eu\/ro\/wp-json\/wp\/v2\/posts"}],"about":[{"href":"https:\/\/www.agrilink2020.eu\/ro\/wp-json\/wp\/v2\/types\/post"}],"author":[{"embeddable":true,"href":"https:\/\/www.agrilink2020.eu\/ro\/wp-json\/wp\/v2\/users\/2"}],"replies":[{"embeddable":true,"href":"https:\/\/www.agrilink2020.eu\/ro\/wp-json\/wp\/v2\/comments?post=10223"}],"version-history":[{"count":1,"href":"https:\/\/www.agrilink2020.eu\/ro\/wp-json\/wp\/v2\/posts\/10223\/revisions"}],"predecessor-version":[{"id":10224,"href":"https:\/\/www.agrilink2020.eu\/ro\/wp-json\/wp\/v2\/posts\/10223\/revisions\/10224"}],"wp:featuredmedia":[{"embeddable":true,"href":"https:\/\/www.agrilink2020.eu\/ro\/wp-json\/wp\/v2\/media\/3818"}],"wp:attachment":[{"href":"https:\/\/www.agrilink2020.eu\/ro\/wp-json\/wp\/v2\/media?parent=10223"}],"wp:term":[{"taxonomy":"category","embeddable":true,"href":"https:\/\/www.agrilink2020.eu\/ro\/wp-json\/wp\/v2\/categories?post=10223"},{"taxonomy":"post_tag","embeddable":true,"href":"https:\/\/www.agrilink2020.eu\/ro\/wp-json\/wp\/v2\/tags?post=10223"},{"taxonomy":"region","embeddable":true,"href":"https:\/\/www.agrilink2020.eu\/ro\/wp-json\/wp\/v2\/region?post=10223"},{"taxonomy":"country","embeddable":true,"href":"https:\/\/www.agrilink2020.eu\/ro\/wp-json\/wp\/v2\/country?post=10223"},{"taxonomy":"work_package","embeddable":true,"href":"https:\/\/www.agrilink2020.eu\/ro\/wp-json\/wp\/v2\/work_package?post=10223"},{"taxonomy":"keyword","embeddable":true,"href":"https:\/\/www.agrilink2020.eu\/ro\/wp-json\/wp\/v2\/keyword?post=10223"}],"curies":[{"name":"wp","href":"https:\/\/api.w.org\/{rel}","templated":true}]}}