{"id":5923,"date":"2021-11-11T13:19:17","date_gmt":"2021-11-11T13:19:17","guid":{"rendered":"https:\/\/legacy.agrilink2020.eu\/uncategorized-ro\/laboratoare-vii-sa-privim-impreuna-dintr-un-alt-unghi-cultivarea-durabila-a-porumbului"},"modified":"2022-04-12T19:00:21","modified_gmt":"2022-04-12T19:00:21","slug":"laboratoare-vii-sa-privim-impreuna-dintr-un-alt-unghi-cultivarea-durabila-a-porumbului","status":"publish","type":"post","link":"https:\/\/www.agrilink2020.eu\/ro\/cercetatori\/laboratoare-vii-sa-privim-impreuna-dintr-un-alt-unghi-cultivarea-durabila-a-porumbului","title":{"rendered":"Laboratoare vii: S\u0103 privim \u00eempreun\u0103 dintr-un alt unghi cultivarea durabil\u0103 a porumbului"},"content":{"rendered":"\n<h2 id=\"province-of-noord-brabant-the-netherlands-flanders-belgium\">Provincia Brabantul de Nord, \u021a\u0103rile de Jos &amp; Flandra, Belgia<\/h2>\n\n<p>Laboratorul viu olandezo-belgian \u0219i-a propus s\u0103 dezvolte noi instrumente de consiliere pentru a \u00eembun\u0103t\u0103\u021bi durabilitatea cultiv\u0103rii porumbului prin 1) schimbarea perspectivei fermierilor, a contractan\u021bilor \u0219i a consilierilor agricoli cu privire la riscul polu\u0103rii apei din cauza levig\u0103rii nitra\u021bilor \u0219i 2) cre\u0219terea capacit\u0103\u021bii \u0219i a disponibilit\u0103\u021bii acestora de a \u00eentreprinde ac\u021biuni pentru reducerea acestui risc. Este necesar\u0103 o perspectiv\u0103 mai ampl\u0103 asupra cultiv\u0103rii porumbului pentru a \u00eencuraja trecerea de la deciziile adoptate pe termen scurt pentru solu\u021bii specifice \u00een teren la planificare pe termen lung pentru solu\u021bii mai integrate care s\u0103 acopere managementul \u00eentregii exploata\u021bii.   <\/p>\n\n<figure class=\"wp-block-image is-style-default\"><img decoding=\"async\" src=\"https:\/\/www.agrilink2020.eu\/wp-content\/uploads\/2019\/07\/AgriLink.-Living.Lab_.Netherlands.1.jpg\" alt=\"\"\/><\/figure>\n\n<h2 id=\"context-theme-and-target-group\">Context, tem\u0103 \u0219i grup \u021bint\u0103<\/h2>\n\n<p>\u00cen regiunile Brabantul de Nord \u0219i Flandra, agricultura const\u0103 \u00een principal din cre\u0219terea intensiv\u0103 a animalelor combinat\u0103 cu cultivarea terenurilor arabile \u0219i horticultura. Porumbul reprezint\u0103 o surs\u0103 important\u0103 de hran\u0103 pentru fermele intensive produc\u0103toare de lactate din regiune \u0219i mul\u021bi fermieri folosesc contractan\u021bi pentru succesul cultiv\u0103rii. Serviciile independente de consiliere sunt asigurate de Royal Agrifirm Group (<a href=\"\">https:\/\/www.agrifirm.com\/Organisation\/about-us\/<\/a>).  <\/p>\n\n<figure class=\"is-layout-flex wp-block-gallery-1 wp-block-gallery has-nested-images columns-default is-cropped\">\n<figure class=\"wp-block-image size-large\"><img decoding=\"async\" data-id=\"577\"  src=\"https:\/\/agrilink.staging.nvt.agency\/wp-content\/uploads\/2021\/11\/AgriLink.Living.Lab_.Netherlands.1-1024x576.jpg\" alt=\"\" class=\"wp-image-577\"\/><\/figure>\n\n\n\n<figure class=\"wp-block-image size-large\"><img decoding=\"async\" loading=\"lazy\" width=\"1024\" height=\"576\" data-id=\"569\"  src=\"https:\/\/agrilink.staging.nvt.agency\/wp-content\/uploads\/2021\/11\/AgriLink.-Living.Lab_.Netherlands.4-1024x576.jpg\" alt=\"\" class=\"wp-image-569\" srcset=\"https:\/\/www.agrilink2020.eu\/wp-content\/uploads\/2021\/11\/AgriLink.-Living.Lab_.Netherlands.4-1024x576.jpg 1024w, https:\/\/www.agrilink2020.eu\/wp-content\/uploads\/2021\/11\/AgriLink.-Living.Lab_.Netherlands.4-300x169.jpg 300w, https:\/\/www.agrilink2020.eu\/wp-content\/uploads\/2021\/11\/AgriLink.-Living.Lab_.Netherlands.4-768x432.jpg 768w, https:\/\/www.agrilink2020.eu\/wp-content\/uploads\/2021\/11\/AgriLink.-Living.Lab_.Netherlands.4-1536x864.jpg 1536w, https:\/\/www.agrilink2020.eu\/wp-content\/uploads\/2021\/11\/AgriLink.-Living.Lab_.Netherlands.4-2048x1152.jpg 2048w\" sizes=\"(max-width: 1024px) 100vw, 1024px\" \/><\/figure>\n\n\n\n<figure class=\"wp-block-image size-large\"><img decoding=\"async\" loading=\"lazy\" width=\"1024\" height=\"576\" data-id=\"567\"  src=\"https:\/\/agrilink.staging.nvt.agency\/wp-content\/uploads\/2021\/11\/AgriLink.-Living.Lab_.Netherlands.2-1024x576.jpg\" alt=\"\" class=\"wp-image-567\" srcset=\"https:\/\/www.agrilink2020.eu\/wp-content\/uploads\/2021\/11\/AgriLink.-Living.Lab_.Netherlands.2-1024x576.jpg 1024w, https:\/\/www.agrilink2020.eu\/wp-content\/uploads\/2021\/11\/AgriLink.-Living.Lab_.Netherlands.2-300x169.jpg 300w, https:\/\/www.agrilink2020.eu\/wp-content\/uploads\/2021\/11\/AgriLink.-Living.Lab_.Netherlands.2-768x432.jpg 768w, https:\/\/www.agrilink2020.eu\/wp-content\/uploads\/2021\/11\/AgriLink.-Living.Lab_.Netherlands.2-1536x864.jpg 1536w, https:\/\/www.agrilink2020.eu\/wp-content\/uploads\/2021\/11\/AgriLink.-Living.Lab_.Netherlands.2.jpg 1918w\" sizes=\"(max-width: 1024px) 100vw, 1024px\" \/><\/figure>\n<\/figure>\n\n<p>Datorit\u0103 modific\u0103rilor legislative \u0219i ale percep\u021biei publicului, nevoia de a ameliora durabilitatea culturilor de porumb a crescut considerabil \u00een ultimii ani. R\u0103m\u00e2ne \u00eens\u0103 o incertitudine semnificativ\u0103 vizavi de efectul practicilor de management ale fermierilor \u00een ceea ce prive\u0219te calitatea apei, aplicarea legilor \u0219i fezabilitatea solu\u021biilor propuse \u00een prezent. <\/p>\n\n<p>Principalii factori interesa\u021bi reuni\u021bi \u00een Laboratorul viu au fost fermierii, consilierii \u0219i contractan\u021bii agricoli implica\u021bi \u00een cultivarea porumbului \u00een Brabantul de Nord \u0219i Flandra. Printre ace\u0219tia s-au num\u0103rat \u0219i factorii interesa\u021bi care lucrau deja \u00eempreun\u0103 \u00een cadrul proiectului \u201aGrondig Boeren met Mais\u2019 (<a href=\"\">https:\/\/www.grondigboerenmetmais.nl\/<\/a>) \u00een \u021a\u0103rile de Jos. <\/p>\n\n<h2 id=\"partner-and-responsible-person-contact\">Partener \u0219i persoan\u0103 de contact<\/h2>\n\n<h2 id=\"wageningen-university-and-research\">Wageningen University and Research<\/h2>\n\n<p>Jorieke Potters, <a href=\"mailto:jorieke.potters@wur.nl\">jorieke.potters@wur.nl<\/a><\/p>\n\n<p>Wageningen UR \u0219i Innovatiesteunpunt au o experien\u021b\u0103 considerabil\u0103 \u00een a sus\u021bine adoptarea unor metode agricole mai durabile.<\/p>\n\n<div class=\"wp-block-image is-style-default\"><figure class=\"alignleft size-full\"><img decoding=\"async\" loading=\"lazy\" width=\"300\" height=\"57\" src=\"https:\/\/agrilink.staging.nvt.agency\/wp-content\/uploads\/2021\/11\/WR_large.png\" alt=\"\" class=\"wp-image-591\"\/><\/figure><\/div>\n\n<p><\/p>\n\n<p><\/p>\n\n<p><\/p>\n\n<p><a href=\"https:\/\/www.agrilink2020.eu\/living-labs\/support-sustainable-maize-cultivation-looking-differently-at-maize-cultivation-together\/www.wur.nl\">www.wur.nl<\/a><\/p>\n\n<p><\/p>\n\n<p><\/p>\n\n<h2 id=\"innovatiesteunpunt\">Innovatiesteunpunt<\/h2>\n\n<p>Melanie van Raaij, <a href=\"mailto:melanie.van.raaij@innovatiesteunpunt.be\">melanie.van.raaij@innovatiesteunpunt.be<\/a><\/p>\n\n<div class=\"wp-block-image is-style-default\"><figure class=\"alignleft size-thumbnail\"><img decoding=\"async\" loading=\"lazy\" width=\"150\" height=\"42\" src=\"https:\/\/agrilink.staging.nvt.agency\/wp-content\/uploads\/2021\/11\/Innovatiesteunpunt-logo-150x42.png\" alt=\"\" class=\"wp-image-587\"\/><\/figure><\/div>\n\n<p><\/p>\n\n<p><\/p>\n\n<p><a href=\"https:\/\/www.agrilink2020.eu\/living-labs\/support-sustainable-maize-cultivation-looking-differently-at-maize-cultivation-together\/innovatiesteunpunt.com\">innovatiesteunpunt.com<\/a><\/p>\n\n<p><\/p>\n\n<h2 id=\"the-living-lab-story\">Povestea Laboratorului viu<\/h2>\n\n<figure class=\"wp-block-table\"><table><tbody><tr><td>AKIS-ul olandez este un sistem foarte dinamic ce combin\u0103 serviciile private de extindere cu fondurile de stat pentru cercetare plus diferite forme de parteneriate public-private pentru networking cu actorii AKIS.<\/td><\/tr><tr><td>Laboratorul viu a fost creat pentru prima dat\u0103 \u00een \u021a\u0103rile de Jos pe baza unei re\u021bele existente ini\u021biate \u00een cadrul proiectului \u201aGrondig Boeren met Mais\u2019 (a se vedea mai sus). Primul pas pentru Laboratorul viu a fost o serie de interviuri exploratorii cu fermierii, consilierii \u0219i contractan\u021bii despre perspectiva lor referitoare la cultivarea porumbului \u0219i provoc\u0103rile \u0219i oportunit\u0103\u021bile \u00eent\u00e2lnite \u00een \u00eembun\u0103t\u0103\u021birea durabilit\u0103\u021bii acestei activit\u0103\u021bii.  <\/td><\/tr><tr><td>The interviews gave a clear indication that a) the need to change existing methods of maize cultivation was perceived as being driven mainly by environmental legislation; b) consequently farmers and contractors showed little interest or urgency in making the necessary changes, and; c) farm advisors were playing a limited role in promoting more sustainable maize cultivation.   <\/td><\/tr><tr><td>Cu toate acestea, s-au identificat trei noi posibile \u201ainstrumente de consiliere\u2019: Un instrument de sprijin pentru a decide asupra culturilor intermediare. Tururi de consiliere pentru \u00eemp\u0103rt\u0103\u0219irea experien\u021belor \u0219i a sfaturilor practice despre cum se poate reduce riscul de levigare a nitra\u021bilor \u0219i cum se poate proteja calitatea apei. O list\u0103 de control pentru discu\u021biile dintre fermieri, contractan\u021bi \u0219i consilieri \u00eenainte de \u00eenceperea sezonului de cre\u0219tere a porumbului \u2013 a\u0219a-numita \u201eDurabilitate la masa din buc\u0103t\u0103rie\u201d.<\/td><\/tr><tr><td>Poten\u021bialul acestor instrumente a fost explorat \u0219i mai mult prin interviuri ulterioare, \u00eent\u00e2lniri cu factorii interesa\u021bi, o sesiune de co-creare \u0219i trei vizite de schimb \u00eentre Belgia \u0219i \u021a\u0103rile de Jos. Sesiunea de co-creare s-a organizat \u00een parteneriat cu factorii interesa\u021bi pentru dezvoltarea instrumentului de sprijinire a deciziilor privind culturile intermediare. Dar de\u0219i interesul de dezvoltare a instrumentului era relativ similar la nivelul participan\u021bilor, crearea unui singur instrument de sprijin nu era fezabil\u0103. \u00cen schimb, fiecare fermier \u0219i-a elaborat propriul mecanism de sprijin pentru luarea unei decizii privind culturile intermediare. Turul de consiliere a evoluat de la un tur organizat cu autobuzul care trecea pe la diverse ferme la m\u0103surarea nitra\u021bilor \u00een c\u00e2mpurile fermierilor din re\u021beaua \u201aGrondig Boeren met Mais\u2019 urmat\u0103 de o discu\u021bie mai ampl\u0103. Lista de control pentru discu\u021biile la masa din buc\u0103t\u0103rie a fost considerat\u0103 prea formal\u0103 pentru conturarea conversa\u021biilor necesare \u00eentre fermieri, contractan\u021bi \u0219i consilieri.      <\/td><\/tr><\/tbody><\/table><\/figure>\n\n<h2 id=\"lessons-learned\">Lec\u021bii \u00eenv\u0103\u021bate<\/h2>\n\n<figure class=\"wp-block-table\"><table><tbody><tr><td><strong>Implicarea fermierilor<\/strong><br\/>Implicarea activ\u0103 a fermierilor \u0219i a consilierilor \u00een procesul Laboratorului viu a fost dificil\u0103. De\u0219i cultivarea durabil\u0103 a porumbului este \u00een interesul pe termen lung al fermierilor, presiunea de a schimba metodele existente de cultivare nu este resim\u021bit\u0103 direct de agricultori \u0219i nici perceput\u0103 ca o chestiune urgent\u0103. Presiunea legisla\u021biei \u0219i a opiniei publice se resimte doar indirect.  <\/td><\/tr><tr><td><strong>Interes \u0219i schimburi<\/strong><br\/>Factorii interesa\u021bi implica\u021bi \u00een Laboratorul viu au fost mai interesa\u021bi de schimbul de experien\u021be despre practicile agronomice dec\u00e2t despre metodele de consiliere. Prin urmare, a fost dificil ca aten\u021bia s\u0103 se concentreze pe principalul obiectiv al Laboratorului viu pentru \u201ea dezvolta noi instrumente de consiliere pentru \u00eembun\u0103t\u0103\u021birea durabilit\u0103\u021bii cultiv\u0103rii porumbului\u201d. Mai mult, principala provocare \u00een consilierea privind agricultura durabil\u0103 nu a p\u0103rut s\u0103 fie lipsa de instrumente sau metode corespunz\u0103toare, ci simplul fapt c\u0103 durabilitatea reprezenta o prioritate minor\u0103 pentru to\u021bi factorii implica\u021bi.   <\/td><\/tr><tr><td><strong>Co-creare <\/strong><br\/>To\u021bi factorii interesa\u021bi implica\u021bi \u00een Laboratorul viu au identificat necesitatea unui instrument de sprijinire a deciziilor pentru culturile intermediare. \u00cens\u0103 de\u0219i s-a facilitate un proces eficient de co-creare, \u00een practic\u0103 nu s-a putut dezvolta un instrument comun. Au existat dou\u0103 motive pentru acest fapt: La un nivel mai general, \u00een timpul sesiunii de co-creare, participan\u021bii (fermieri, contractan\u021bi \u0219i factori interesa\u021bi) nu s-au putut pune de acord asupra con\u021binutului instrumentului de sprijin deoarece interesele lor individuale \u00eei \u00eempingeau \u00een prea multe direc\u021bii diferite. Mai specific, consilierii implica\u021bi \u00een proces erau interesa\u021bi \u00een principal s\u0103 construiasc\u0103 \u0219i s\u0103 men\u021bin\u0103 rela\u021bii bune cu fermierii, fapt care favoriza dezvoltarea unor instrumente decizionale separate adaptate la nevoile individuale ale fermierilor.     <\/td><\/tr><tr><td><strong>Cadru \u0219i context<\/strong><br\/>\u00cen ciuda numeroaselor caracteristici comune, a fost dificil\u0103 crearea unei conexiuni reale \u00eentre Brabantul de Nord din \u021a\u0103rile de Jos \u0219i regiunea Flandra din Belgia. \u00cen practic\u0103, Laboratorul viu nu a putut crea o punte \u00eentre contextele specifice existente deoarece experien\u021bele practice dintr-un context nu puteau fi transpuse \u00een cel\u0103lalt context. Acest lucru arat\u0103 c\u0103 Laboratoarele vii au nevoie de o adaptare atent\u0103 la context. Combinarea Laboratorului viu cu proiectul existent \u201aGrondig Boeren met Mais\u2019 a reprezentat at\u00e2t o oportunitate, c\u00e2t \u0219i o amenin\u021bare. Proiectul a oferit resurse \u0219i o re\u021bea de factori existen\u021bi deja \u00eenchegat\u0103, dar Laboratorul viu a fost eclipsat de proiect \u0219i nu a avut suficient\u0103 vizibilitate \/ aten\u021bie.    <\/td><\/tr><\/tbody><\/table><\/figure>\n\n<hr class=\"wp-block-separator\"\/>\n\n<p>Mai multe informa\u021bii despre acest Laborator viu (\u00een englez\u0103)<\/p>\n\n<p><a href=\"http:\/\/www.agrilink2020.eu\/wp-content\/uploads\/2019\/07\/PA_8_NL_WR.pdf\">Practice Abstract 8 \u2013 <strong>Problem solving in Living Lab: Improving innovation support to sustainable soil management in maize cultivation<\/strong> (Stichting Wageningen Research)<\/a><\/p>\n\n<p><a href=\"https:\/\/www.agrilink2020.eu\/wp-content\/uploads\/2020\/04\/PA37-How-is-design-thinking-used-in-the-living-lab.pdf\">Practice Abstract 37 \u2013 <\/a><strong><a href=\"https:\/\/www.agrilink2020.eu\/wp-content\/uploads\/2020\/04\/PA37-How-is-design-thinking-used-in-the-living-lab.pdf\">How is design thinking used in the living lab? <\/a><\/strong><a href=\"https:\/\/www.agrilink2020.eu\/wp-content\/uploads\/2020\/04\/PA37-How-is-design-thinking-used-in-the-living-lab.pdf\">(<\/a><a href=\"https:\/\/www.agrilink2020.eu\/wp-content\/uploads\/2020\/04\/PA37-How-is-design-thinking-used-in-the-living-lab.pdf\">Innovatiesteunpunt)<\/a><\/p>\n\n<p>Un articol despre acest Laborator Viu (\u00een olandez\u0103)<\/p>\n\n<p><a href=\"https:\/\/www.innovatiesteunpunt.be\/nl\/inspiratie\/veldbijeenkomst-vanggewas-2019-hoe-heeft-u-het-aangepakt-20-november-2019\">https:\/\/www.innovatiesteunpunt.be\/nl\/inspiratie\/veldbijeenkomst-vanggewas-2019-hoe-heeft-u-het-aangepakt-20-november-2019<\/a><\/p>\n","protected":false},"excerpt":{"rendered":"<p>Provincia Brabantul de Nord, \u021a\u0103rile de Jos &amp; Flandra, Belgia Laboratorul viu olandezo-belgian \u0219i-a propus s\u0103 dezvolte noi instrumente de consiliere pentru a \u00eembun\u0103t\u0103\u021bi durabilitatea cultiv\u0103rii porumbului prin 1) schimbarea perspectivei fermierilor, a contractan\u021bilor \u0219i a consilierilor agricoli cu privire la riscul polu\u0103rii apei din cauza levig\u0103rii nitra\u021bilor \u0219i 2) cre\u0219terea capacit\u0103\u021bii \u0219i a disponibilit\u0103\u021bii &hellip; <a href=\"https:\/\/www.agrilink2020.eu\/ro\/cercetatori\/laboratoare-vii-sa-privim-impreuna-dintr-un-alt-unghi-cultivarea-durabila-a-porumbului\">Continued<\/a><\/p>\n","protected":false},"author":2,"featured_media":4070,"comment_status":"open","ping_status":"open","sticky":false,"template":"","format":"standard","meta":[],"categories":[145,146,181,182,183],"tags":[203],"region":[],"country":[222,213],"work_package":[249],"keyword":[327,276],"_links":{"self":[{"href":"https:\/\/www.agrilink2020.eu\/ro\/wp-json\/wp\/v2\/posts\/5923"}],"collection":[{"href":"https:\/\/www.agrilink2020.eu\/ro\/wp-json\/wp\/v2\/posts"}],"about":[{"href":"https:\/\/www.agrilink2020.eu\/ro\/wp-json\/wp\/v2\/types\/post"}],"author":[{"embeddable":true,"href":"https:\/\/www.agrilink2020.eu\/ro\/wp-json\/wp\/v2\/users\/2"}],"replies":[{"embeddable":true,"href":"https:\/\/www.agrilink2020.eu\/ro\/wp-json\/wp\/v2\/comments?post=5923"}],"version-history":[{"count":6,"href":"https:\/\/www.agrilink2020.eu\/ro\/wp-json\/wp\/v2\/posts\/5923\/revisions"}],"predecessor-version":[{"id":6104,"href":"https:\/\/www.agrilink2020.eu\/ro\/wp-json\/wp\/v2\/posts\/5923\/revisions\/6104"}],"wp:featuredmedia":[{"embeddable":true,"href":"https:\/\/www.agrilink2020.eu\/ro\/wp-json\/wp\/v2\/media\/4070"}],"wp:attachment":[{"href":"https:\/\/www.agrilink2020.eu\/ro\/wp-json\/wp\/v2\/media?parent=5923"}],"wp:term":[{"taxonomy":"category","embeddable":true,"href":"https:\/\/www.agrilink2020.eu\/ro\/wp-json\/wp\/v2\/categories?post=5923"},{"taxonomy":"post_tag","embeddable":true,"href":"https:\/\/www.agrilink2020.eu\/ro\/wp-json\/wp\/v2\/tags?post=5923"},{"taxonomy":"region","embeddable":true,"href":"https:\/\/www.agrilink2020.eu\/ro\/wp-json\/wp\/v2\/region?post=5923"},{"taxonomy":"country","embeddable":true,"href":"https:\/\/www.agrilink2020.eu\/ro\/wp-json\/wp\/v2\/country?post=5923"},{"taxonomy":"work_package","embeddable":true,"href":"https:\/\/www.agrilink2020.eu\/ro\/wp-json\/wp\/v2\/work_package?post=5923"},{"taxonomy":"keyword","embeddable":true,"href":"https:\/\/www.agrilink2020.eu\/ro\/wp-json\/wp\/v2\/keyword?post=5923"}],"curies":[{"name":"wp","href":"https:\/\/api.w.org\/{rel}","templated":true}]}}