{"id":6131,"date":"2021-11-11T14:21:40","date_gmt":"2021-11-11T14:21:40","guid":{"rendered":"https:\/\/legacy.agrilink2020.eu\/uncategorized-ro\/laborator-viu-rotatia-culturilor-intre-exploatatii-dezvoltarea-unor-servicii-si-instrumente-de-sprijinire-a-inovatiei"},"modified":"2022-04-12T19:49:10","modified_gmt":"2022-04-12T19:49:10","slug":"laborator-viu-rotatia-culturilor-intre-exploatatii-dezvoltarea-unor-servicii-si-instrumente-de-sprijinire-a-inovatiei","status":"publish","type":"post","link":"https:\/\/www.agrilink2020.eu\/ro\/cercetatori\/laborator-viu-rotatia-culturilor-intre-exploatatii-dezvoltarea-unor-servicii-si-instrumente-de-sprijinire-a-inovatiei","title":{"rendered":"Laborator viu: Rota\u021bia culturilor \u00eentre exploata\u021bii: Dezvoltarea unor servicii \u0219i instrumente de sprijinire a inova\u021biei"},"content":{"rendered":"\n<h2 id=\"trondelag-county-norway\">Comitatul Tr\u00f8ndelag, Norvegia<\/h2>\n\n<p>Obiectivul Laboratorului viu norvegian a fost acela de a sprijini dezvoltarea de metode \u0219i instrumente de consiliere care s\u0103 sprijine cooperarea \u00eentre fermieri \u00een vederea stabilirii unor rota\u021bii de culturi mai diverse &#8211; at\u00e2t \u00een ferme individuale, c\u00e2t \u0219i \u201epartajate&#8221; \u00eentre ferme &#8211; prin includerea unor combina\u021bii mai diverse de diferite tipuri de culturi de cereale, p\u0103\u0219uni temporare (sem\u0103nate), cartofi \u0219i\/sau legume.<\/p>\n\n<figure class=\"wp-block-image is-style-default\"><img decoding=\"async\" src=\"https:\/\/www.agrilink2020.eu\/wp-content\/uploads\/2020\/04\/Norway.2-e1587023076382.jpg\" alt=\"\"\/><\/figure>\n\n<h2 id=\"context-theme-and-target-group\">Context, tem\u0103 \u0219i grup \u021bint\u0103<\/h2>\n\n<figure class=\"wp-block-table\"><table><tbody><tr><td>Laboratorul viu a fost integrat ca parte a unui proiect de rota\u021bie a culturilor organizat de Serviciul norvegian de extensie agricol\u0103 Tr\u00f8ndelag (o cooperativ\u0103 de\u021binut\u0103 de fermieri). Principalele grupuri \u021bint\u0103 au fost consilierii din cadrul cooperativei, precum \u0219i fermierii din regiune. <\/td><\/tr><tr><td>Comitatul Tr\u00f8ndelag este situat \u00een centrul Norvegiei \u0219i este una dintre cele mai importante trei regiuni agricole din \u021bar\u0103, cu un total de 5 600 de ferme. Cre\u0219terea laptelui \u0219i produc\u021bia de cereale sunt cele mai frecvente activit\u0103\u021bi agricole. O propor\u021bie semnificativ\u0103 (31%) din terenul arabil al comitatului este utilizat\u0103 pentru produc\u021bia de cereale, cu rota\u021bii de culturi specializate care includ, de obicei, 85% orz, 10% ov\u0103z \u0219i 5% gr\u00e2u. Suprafe\u021be mici de teren arabil sunt, de asemenea, folosite pentru cartofi \u0219i legume.   <\/td><\/tr><\/tbody><\/table><\/figure>\n\n<figure class=\"is-layout-flex wp-block-gallery-1 wp-block-gallery has-nested-images columns-default is-cropped\">\n<figure class=\"wp-block-image size-large\"><img decoding=\"async\" loading=\"lazy\" width=\"694\" height=\"925\" data-id=\"622\"  src=\"https:\/\/agrilink.staging.nvt.agency\/wp-content\/uploads\/2021\/11\/Norway.4.jpg\" alt=\"\" class=\"wp-image-622\" srcset=\"https:\/\/www.agrilink2020.eu\/wp-content\/uploads\/2021\/11\/Norway.4.jpg 694w, https:\/\/www.agrilink2020.eu\/wp-content\/uploads\/2021\/11\/Norway.4-225x300.jpg 225w\" sizes=\"(max-width: 694px) 100vw, 694px\" \/><\/figure>\n\n\n\n<figure class=\"wp-block-image size-large\"><img decoding=\"async\" loading=\"lazy\" width=\"1024\" height=\"825\" data-id=\"620\"  src=\"https:\/\/agrilink.staging.nvt.agency\/wp-content\/uploads\/2021\/11\/Norway.1-1024x825.jpg\" alt=\"\" class=\"wp-image-620\" srcset=\"https:\/\/www.agrilink2020.eu\/wp-content\/uploads\/2021\/11\/Norway.1-1024x825.jpg 1024w, https:\/\/www.agrilink2020.eu\/wp-content\/uploads\/2021\/11\/Norway.1-300x242.jpg 300w, https:\/\/www.agrilink2020.eu\/wp-content\/uploads\/2021\/11\/Norway.1-768x619.jpg 768w, https:\/\/www.agrilink2020.eu\/wp-content\/uploads\/2021\/11\/Norway.1-1536x1238.jpg 1536w, https:\/\/www.agrilink2020.eu\/wp-content\/uploads\/2021\/11\/Norway.1.jpg 1645w\" sizes=\"(max-width: 1024px) 100vw, 1024px\" \/><\/figure>\n\n\n\n<figure class=\"wp-block-image size-large\"><img decoding=\"async\" loading=\"lazy\" width=\"1024\" height=\"768\" data-id=\"621\"  src=\"https:\/\/agrilink.staging.nvt.agency\/wp-content\/uploads\/2021\/11\/Norway.3-1024x768.jpg\" alt=\"\" class=\"wp-image-621\" srcset=\"https:\/\/www.agrilink2020.eu\/wp-content\/uploads\/2021\/11\/Norway.3-1024x768.jpg 1024w, https:\/\/www.agrilink2020.eu\/wp-content\/uploads\/2021\/11\/Norway.3-300x225.jpg 300w, https:\/\/www.agrilink2020.eu\/wp-content\/uploads\/2021\/11\/Norway.3-768x576.jpg 768w, https:\/\/www.agrilink2020.eu\/wp-content\/uploads\/2021\/11\/Norway.3.jpg 1315w\" sizes=\"(max-width: 1024px) 100vw, 1024px\" \/><\/figure>\n<figcaption class=\"blocks-gallery-caption\"><br><\/figcaption><\/figure>\n\n<figure class=\"wp-block-table\"><table><tbody><tr><td>Rota\u021bia culturilor \u00een fermele individuale din regiune a avut tendin\u021ba de a deveni foarte specializat\u0103 \u0219i, \u00een unele cazuri vorbim de simple monoculturi. Este nevoie de o rota\u021bie mai diversificat\u0103 a culturilor pentru a) a \u00eembun\u0103t\u0103\u021bi fertilitatea solului, s\u0103n\u0103tatea plantelor \u0219i randamentele; b) a reduce nevoia de \u00eengr\u0103\u0219\u0103minte \u0219i pesticide (\u0219i, prin urmare, costurile) \u0219i; c) \u00een consecin\u021b\u0103, pentru a produce beneficii economice pentru fermieri. O op\u021biune pentru introducerea unor culturi suplimentare \u00een rota\u021bie este cooperarea \u00eentre ferme vecine, \u00een special \u00een cazul \u00een care vecinii sunt specializa\u021bi \u00een culturi complementare.      <\/td><\/tr><tr><td>De exemplu, un agricultor specializat \u00een cultivarea orzului \u0219i a cartofilor, situat l\u00e2ng\u0103 o ferm\u0103 produc\u0103toare de lactate, ar putea introduce \u00een rota\u021bia sa o cultur\u0103 de iarb\u0103 pentru \u00eensilozare, \u00een timp ce vecinul s\u0103u a sem\u0103nat orz sau cartofi pe unul sau mai multe dintre c\u00e2mpurile sale de iarb\u0103 \u00een aceea\u0219i perioad\u0103. <\/td><\/tr><\/tbody><\/table><\/figure>\n\n<h2 id=\"partner-and-responsible-person-contact\">Partener \u0219i persoan\u0103 de contact<\/h2>\n<div class=\"block2-partner\">\n\n        <div class=\"block2-content\">\n            <h3 class=\"block2-title text-h3\">Ruralis<\/h3>\n\n                                                <div class=\"block2-contact-item\">\n                        <span class=\"block2-name\">\n                            Egil Petter Str\u00e6te,                        <\/span>\n                        <a class=\"block2-email\" href=\"mailto:egil.petter.strate@ruralis.no\">\n                            egil.petter.strate@ruralis.no                        <\/a>\n                    <\/div>\n                                    <div class=\"block2-contact-item\">\n                        <span class=\"block2-name\">\n                            Gunn-Turid Kvam,                        <\/span>\n                        <a class=\"block2-email\" href=\"mailto:gunn.turid.kvam@ruralis.no\">\n                            gunn.turid.kvam@ruralis.no                        <\/a>\n                    <\/div>\n                            \n            <div class=\"block2-description\">Ruralis colaboreaz\u0103 cu Serviciul borvegian de de extindere agricol\u0103 Tr\u00f8ndelag (Astrid Johansen, astrid.johansen@nlr.no)<\/div>\n        <\/div>\n\n\n        <div class=\"block2-logo-wrapper\">\n            <div class=\"block2-logo\">\n                <img width=\"200\" height=\"49\" src=\"https:\/\/www.agrilink2020.eu\/wp-content\/uploads\/2021\/11\/ruralis-logo-hor-en_medium.png\" class=\"attachment-full size-full\" alt=\"\" decoding=\"async\" loading=\"lazy\" \/>            <\/div>\n            <a class=\"block-link text-detail\" href=\"www.ruralis.no\">\n                www.ruralis.no            <\/a>\n        <\/div>\n\n<\/div>\n\n<h2 id=\"the-living-lab-story\">Povestea Laboratorului viu<\/h2>\n\n<p>Laboratorul viu a \u00eenceput \u00een toamna anului 2017. Activit\u0103\u021bile ini\u021biale ale Laboratorului viu s-au axat pe stabilirea comunic\u0103rii, pe construirea \u00eencrederii \u0219i pe organizarea rutinelor de lucru \u00een cadrul Proiectului de rota\u021bie a culturilor \u00een care era integrat Laboratorul viu  <\/p>\n\n<figure class=\"is-layout-flex wp-block-gallery-3 wp-block-gallery has-nested-images columns-default is-cropped\">\n<figure class=\"wp-block-image size-large\"><img decoding=\"async\" loading=\"lazy\" width=\"1024\" height=\"576\" data-id=\"580\"  src=\"https:\/\/agrilink.staging.nvt.agency\/wp-content\/uploads\/2021\/11\/AgriLink.Living.Lab_.Norway.3-1024x576.jpg\" alt=\"\" class=\"wp-image-580\" srcset=\"https:\/\/www.agrilink2020.eu\/wp-content\/uploads\/2021\/11\/AgriLink.Living.Lab_.Norway.3-1024x576.jpg 1024w, https:\/\/www.agrilink2020.eu\/wp-content\/uploads\/2021\/11\/AgriLink.Living.Lab_.Norway.3-300x169.jpg 300w, https:\/\/www.agrilink2020.eu\/wp-content\/uploads\/2021\/11\/AgriLink.Living.Lab_.Norway.3-768x432.jpg 768w, https:\/\/www.agrilink2020.eu\/wp-content\/uploads\/2021\/11\/AgriLink.Living.Lab_.Norway.3-1536x864.jpg 1536w, https:\/\/www.agrilink2020.eu\/wp-content\/uploads\/2021\/11\/AgriLink.Living.Lab_.Norway.3.jpg 1645w\" sizes=\"(max-width: 1024px) 100vw, 1024px\" \/><\/figure>\n\n\n\n<figure class=\"wp-block-image size-large\"><img decoding=\"async\" loading=\"lazy\" width=\"1024\" height=\"576\" data-id=\"579\"  src=\"https:\/\/agrilink.staging.nvt.agency\/wp-content\/uploads\/2021\/11\/AgriLink.Living.Lab_.Norway.2-1024x576.jpg\" alt=\"\" class=\"wp-image-579\" srcset=\"https:\/\/www.agrilink2020.eu\/wp-content\/uploads\/2021\/11\/AgriLink.Living.Lab_.Norway.2-1024x576.jpg 1024w, https:\/\/www.agrilink2020.eu\/wp-content\/uploads\/2021\/11\/AgriLink.Living.Lab_.Norway.2-300x169.jpg 300w, https:\/\/www.agrilink2020.eu\/wp-content\/uploads\/2021\/11\/AgriLink.Living.Lab_.Norway.2-768x432.jpg 768w, https:\/\/www.agrilink2020.eu\/wp-content\/uploads\/2021\/11\/AgriLink.Living.Lab_.Norway.2-1536x864.jpg 1536w, https:\/\/www.agrilink2020.eu\/wp-content\/uploads\/2021\/11\/AgriLink.Living.Lab_.Norway.2.jpg 1645w\" sizes=\"(max-width: 1024px) 100vw, 1024px\" \/><\/figure>\n\n\n\n<figure class=\"wp-block-image size-large\"><img decoding=\"async\" loading=\"lazy\" width=\"1024\" height=\"768\" data-id=\"623\"  src=\"https:\/\/agrilink.staging.nvt.agency\/wp-content\/uploads\/2021\/11\/Norway.5-1024x768.jpg\" alt=\"\" class=\"wp-image-623\" srcset=\"https:\/\/www.agrilink2020.eu\/wp-content\/uploads\/2021\/11\/Norway.5-1024x768.jpg 1024w, https:\/\/www.agrilink2020.eu\/wp-content\/uploads\/2021\/11\/Norway.5-300x225.jpg 300w, https:\/\/www.agrilink2020.eu\/wp-content\/uploads\/2021\/11\/Norway.5-768x576.jpg 768w, https:\/\/www.agrilink2020.eu\/wp-content\/uploads\/2021\/11\/Norway.5-1536x1152.jpg 1536w, https:\/\/www.agrilink2020.eu\/wp-content\/uploads\/2021\/11\/Norway.5-2048x1536.jpg 2048w\" sizes=\"(max-width: 1024px) 100vw, 1024px\" \/><\/figure>\n<figcaption class=\"blocks-gallery-caption\"><br><\/figcaption><\/figure>\n\n<figure class=\"wp-block-table\"><table><tbody><tr><td>Au fost dezvoltate trei \u201adialoguri\u2019 principale \u00eentre fermierii, consilierii \u0219i cercet\u0103torii participan\u021bi: Primul dialog a avut loc \u00eentre consilieri \u0219i fermieri. Consilierii au contactat grupuri de fermieri cu experien\u021b\u0103 \u00een rota\u021bia culturilor, cu scopul de a \u00eenv\u0103\u021ba de la ace\u0219tia. Cel de-al doilea dialog a avut loc \u00eentre cercet\u0103tori \u0219i fermieri. \u00cen cadrul interviurilor personale \u0219i al grupurilor de discu\u021bii, cercet\u0103torii au aflat care sunt cele mai potrivite condi\u021bii de cooperare cu fermierii \u0219i au discutat elementele poten\u021biale ale unui nou serviciu de consiliere. Cel de-al treilea dialog a avut loc \u00eentre consilieri \u0219i cercet\u0103tori, \u00een cadrul unor \u00eent\u00e2lniri pentru a) a \u00eemp\u0103rt\u0103\u0219i cuno\u0219tin\u021bele \u0219i experien\u021bele dob\u00e2ndite \u00een urma dialogurilor purtate cu fermierii; b) a reflecta asupra acestor experien\u021be \u0219i; c) a discuta idei \u0219i concepte pentru un nou serviciu de consiliere agricol\u0103.       <\/td><\/tr><tr><td>Din nefericire, elementul de co-crea\u021bie al Laboratorului viu a fost \u00eent\u00e2rziat \u0219i nu a fost finalizat pe deplin. Acest lucru s-a datorat mai multor factori: Proiectul de rota\u021bie a culturilor a fost supus unei reorganiz\u0103ri care a implicat un nou proprietar, un nou lider de proiect \u0219i o reducere a bugetului \u0219i a activit\u0103\u021bilor. Acest lucru a avut, de asemenea, un impact asupra Laboratorului viu. Lipsa general\u0103 de cuno\u0219tin\u021be \u0219i de experien\u021b\u0103 \u00een ceea ce prive\u0219te metodologia Laboratorului viu a limitat progresul \u00een ceea ce prive\u0219te punerea \u00een aplicare a acesteia. Consilierii agricoli \u0219i cercet\u0103torii au fost ocupa\u021bi cu alte sarcini \u0219i nu au fost \u00eentotdeauna capabili s\u0103 se implice \u00een Laboratorul viu. Laboratorul viu a \u00eenceput bine \u0219i to\u021bi participan\u021bii au avut timp suficient pentru a se cunoa\u0219te reciproc \u0219i pentru a dezvolta deschiderea \u0219i \u00eencrederea necesare. Cu toate acestea, restric\u021biile Covid-19 din martie 2020 au oprit laboratorul \u00eenainte ca procesul de co-creare s\u0103 se poat\u0103 finaliza.    <\/td><\/tr><\/tbody><\/table><\/figure>\n\n<h2 id=\"lessons-learned\">Lec\u021bii \u00eenv\u0103\u021bate<\/h2>\n\n<figure class=\"wp-block-table\"><table><tbody><tr><td><strong>Existen\u021ba unei probleme sau a unei oportunit\u0103\u021bi<\/strong><br\/>Participan\u021bii la un Laborator viu trebuie s\u0103 recunoasc\u0103 faptul c\u0103 un lucru reprezint\u0103 o problem\u0103 sau c\u0103 exist\u0103 o oportunitate de exploatat. F\u0103r\u0103 o astfel de recunoa\u0219tere, nu exist\u0103 nici o baz\u0103 pentru \u00eenfiin\u021barea unui laborator viu \u0219i nici o motiva\u021bie pentru a se implica \u00een el. <\/td><\/tr><tr><td><strong>Parteneriat \u0219i cooperare<\/strong><br\/>Participan\u021bii la un laborator viu trebuie s\u0103 recunoasc\u0103 faptul prin cooperare \u00eentre diver\u0219i parteneri se poate identifica o solu\u021bie la o problem\u0103 sau a profita de o oportunitate. Un Laborator viu nu trebuie s\u0103 implice neap\u0103rat un parteneriat amplu cu mul\u021bi participan\u021bi, dar \u00een unele cazuri acest lucru va fi necesar. <\/td><\/tr><tr><td><strong>Motivare, implicare \u0219i \u00eensu\u0219ire <\/strong><br\/>Participan\u021bii trebuie s\u0103 \u00ee\u0219i \u00eensu\u0219easc\u0103 procesul Laboratorului viu. F\u0103r\u0103 aceast\u0103 implicare, este dificil s\u0103 coopereze \u0219i s\u0103 progreseze. Prin urmare, un Laborator viu trebuie s\u0103 fie realist \u0219i s\u0103 fie conceput\/gestionat pentru a r\u0103spunde nevoilor reale ale participan\u021bilor. \u00cen cazul \u00een care lipse\u0219te motiva\u021bia, poate fi necesar\u0103 adaptarea Laboratorului viu \u0219i concentrarea asupra unor nevoi mai relevante. \u00cen mod ideal, finan\u021barea ar trebui s\u0103 fie asigurat\u0103 \u00eenainte de a \u00eencepe, astfel \u00eenc\u00e2t participan\u021bii s\u0103 \u0219tie c\u0103 au un buget. Toate activit\u0103\u021bile care se a\u0219teapt\u0103 s\u0103 fie sus\u021binute de acest buget ar trebui s\u0103 fie bine definite.    <\/td><\/tr><tr><td><strong>Facilitare \u0219i cooperare<\/strong><br\/>Un Laborator viu are nevoie de sprijinul unui facilitator care s\u0103 aib\u0103 competen\u021ba \u0219i independen\u021ba necesare pentru a asista participan\u021bii, inclusiv pe cei care \u0219i-au asumat responsabilitatea de a se ocupa de munc\u0103 \u0219i\/sau de a conduce procesul. \u00cencrederea reciproc\u0103 este esen\u021bial\u0103 pentru o cooperare eficient\u0103 cu un facilitator.  <\/td><\/tr><tr><td><strong>Serviciul de consiliere<\/strong><br\/>Crearea unui serviciu de consiliere pentru a sprijini cooperarea \u00eentre fermieri \u00een vederea stabilirii unor rota\u021bii de culturi mai \u201acomune\u2019 \u00eentre ferme a fost complex\u0103 \u0219i dificil\u0103. Consilierii au avut nevoie de: a) cuno\u0219tin\u021be tehnice interdisciplinare despre diversele sisteme de rota\u021bie a culturilor pe care le ajutau s\u0103 le dezvolte; b) abilit\u0103\u021bile \u0219i experien\u021ba necesare pentru a stabili \u0219i desf\u0103\u0219ura activit\u0103\u021bi de consiliere \u00een grup; \u0219i c) competen\u021be \u0219i instrumente specifice pentru a facilita procesele de co-creare.     <\/td><\/tr><\/tbody><\/table><\/figure>\n\n<hr class=\"wp-block-separator\"\/>\n\n<p><strong>More info about the Norway Living Lab<\/strong> (in English)<\/p>\n\n<p><a href=\"https:\/\/www.agrilink2020.eu\/wp-content\/uploads\/2020\/04\/PA7-Crop-rotation-between-farms-in-Norway-Developing-innovation-support-services-and-tools-through-Living-Lab_RUR.pdf\">Practice Abstract 7 \u2013 <strong>Crop rotation between farms in Norway: Developing innovation support services and tools through Living Lab<\/strong> (RURALIS)<\/a><\/p>\n\n<p><a href=\"https:\/\/www.agrilink2020.eu\/wp-content\/uploads\/2020\/04\/PA44-How-to-make-a-Living-Lab-work-in-an-agricultural-advisory-service.pdf\">Practice Abstract 44 <strong>\u2013 How to make a Living Lab work in an agricultural advisory service<\/strong><\/a><\/p>\n\n<p><a href=\"https:\/\/www.agrilink2020.eu\/wp-content\/uploads\/2020\/04\/PA50-Factors-delaying-co-creation-and-progress-of-a-Living-Lab.pdf\">Practice Abstract 50 \u2013 <strong>Factors delaying co-creation and progress of a Living Lab<\/strong><\/a><\/p>\n\n<p>Info on Ruralis website:<\/p>\n\n<ul><li><a href=\"https:\/\/ruralis.no\/en\/2018\/03\/06\/living-lab\/\">https:\/\/ruralis.no\/en\/2018\/03\/06\/living-lab\/<\/a><\/li><li><a href=\"https:\/\/ruralis.no\/en\/2017\/01\/13\/new-eu-project-will-contribute-to-increased-knowledge-and-better-farm-advice-in-european-agriculture\/\">https:\/\/ruralis.no\/en\/2017\/01\/13\/new-eu-project-will-contribute-to-increased-knowledge-and-better-farm-advice-in-european-agriculture\/<\/a><\/li><\/ul>\n\n<p>Blog post on AgriLink website:<\/p>\n\n<ul><li><a href=\"https:\/\/www.agrilink2020.eu\/news-mobilizing-farmers-for-crop-rotation-in-norwegian-living-lab\/\">https:\/\/www.agrilink2020.eu\/news-mobilizing-farmers-for-crop-rotation-in-norwegian-living-lab\/<\/a><\/li><\/ul>\n","protected":false},"excerpt":{"rendered":"<p>Comitatul Tr\u00f8ndelag, Norvegia Obiectivul Laboratorului viu norvegian a fost acela de a sprijini dezvoltarea de metode \u0219i instrumente de consiliere care s\u0103 sprijine cooperarea \u00eentre fermieri \u00een vederea stabilirii unor rota\u021bii de culturi mai diverse &#8211; at\u00e2t \u00een ferme individuale, c\u00e2t \u0219i \u201epartajate&#8221; \u00eentre ferme &#8211; prin includerea unor combina\u021bii mai diverse de diferite tipuri &hellip; <a href=\"https:\/\/www.agrilink2020.eu\/ro\/cercetatori\/laborator-viu-rotatia-culturilor-intre-exploatatii-dezvoltarea-unor-servicii-si-instrumente-de-sprijinire-a-inovatiei\">Continued<\/a><\/p>\n","protected":false},"author":2,"featured_media":4103,"comment_status":"open","ping_status":"open","sticky":false,"template":"","format":"standard","meta":[],"categories":[145,146,181,182,183],"tags":[203],"region":[511],"country":[345],"work_package":[249],"keyword":[327,330],"_links":{"self":[{"href":"https:\/\/www.agrilink2020.eu\/ro\/wp-json\/wp\/v2\/posts\/6131"}],"collection":[{"href":"https:\/\/www.agrilink2020.eu\/ro\/wp-json\/wp\/v2\/posts"}],"about":[{"href":"https:\/\/www.agrilink2020.eu\/ro\/wp-json\/wp\/v2\/types\/post"}],"author":[{"embeddable":true,"href":"https:\/\/www.agrilink2020.eu\/ro\/wp-json\/wp\/v2\/users\/2"}],"replies":[{"embeddable":true,"href":"https:\/\/www.agrilink2020.eu\/ro\/wp-json\/wp\/v2\/comments?post=6131"}],"version-history":[{"count":7,"href":"https:\/\/www.agrilink2020.eu\/ro\/wp-json\/wp\/v2\/posts\/6131\/revisions"}],"predecessor-version":[{"id":6161,"href":"https:\/\/www.agrilink2020.eu\/ro\/wp-json\/wp\/v2\/posts\/6131\/revisions\/6161"}],"wp:featuredmedia":[{"embeddable":true,"href":"https:\/\/www.agrilink2020.eu\/ro\/wp-json\/wp\/v2\/media\/4103"}],"wp:attachment":[{"href":"https:\/\/www.agrilink2020.eu\/ro\/wp-json\/wp\/v2\/media?parent=6131"}],"wp:term":[{"taxonomy":"category","embeddable":true,"href":"https:\/\/www.agrilink2020.eu\/ro\/wp-json\/wp\/v2\/categories?post=6131"},{"taxonomy":"post_tag","embeddable":true,"href":"https:\/\/www.agrilink2020.eu\/ro\/wp-json\/wp\/v2\/tags?post=6131"},{"taxonomy":"region","embeddable":true,"href":"https:\/\/www.agrilink2020.eu\/ro\/wp-json\/wp\/v2\/region?post=6131"},{"taxonomy":"country","embeddable":true,"href":"https:\/\/www.agrilink2020.eu\/ro\/wp-json\/wp\/v2\/country?post=6131"},{"taxonomy":"work_package","embeddable":true,"href":"https:\/\/www.agrilink2020.eu\/ro\/wp-json\/wp\/v2\/work_package?post=6131"},{"taxonomy":"keyword","embeddable":true,"href":"https:\/\/www.agrilink2020.eu\/ro\/wp-json\/wp\/v2\/keyword?post=6131"}],"curies":[{"name":"wp","href":"https:\/\/api.w.org\/{rel}","templated":true}]}}