{"id":7111,"date":"2022-03-10T09:01:26","date_gmt":"2022-03-10T09:01:26","guid":{"rendered":"https:\/\/legacy.agrilink2020.eu\/uncategorized-ro\/evolutia-tehnicilor-de-combatere-integrata-a-daunatorilor-integrated-pest-management-ipm-si-a-serviciului-de-consiliere-regional-aferent"},"modified":"2022-04-17T10:11:40","modified_gmt":"2022-04-17T10:11:40","slug":"evolutia-tehnicilor-de-combatere-integrata-a-daunatorilor-integrated-pest-management-ipm-si-a-serviciului-de-consiliere-regional-aferent","status":"publish","type":"post","link":"https:\/\/www.agrilink2020.eu\/ro\/cercetatori\/evolutia-tehnicilor-de-combatere-integrata-a-daunatorilor-integrated-pest-management-ipm-si-a-serviciului-de-consiliere-regional-aferent","title":{"rendered":"Evolu\u021bia tehnicilor de combatere integrat\u0103 a d\u0103un\u0103torilor (Integrated Pest Management &#8211; IPM) \u0219i a serviciului de consiliere regional aferent"},"content":{"rendered":"\n<h2>Regiune<\/h2>\n\n<p>Navarra este situat\u0103 \u00een nordul Spaniei, la grani\u021ba cu Fran\u021ba. Este o regiune mic\u0103, cu multe tipuri diferite de produc\u021bie agricol\u0103. Bovinele \u0219i ovinele pentru carne \u0219i lapte sunt predominante \u00een nord, \u00een timp ce horticultura intensiv\u0103 legat\u0103 de industria agroalimentar\u0103 este important\u0103 \u00een sud.  <\/p>\n\n<div class=\"wp-block-image\"><figure class=\"aligncenter size-full\"><img decoding=\"async\" loading=\"lazy\" width=\"852\" height=\"605\" src=\"https:\/\/agrilink2020.eu\/wp-content\/uploads\/2022\/03\/F.2.jpg\" alt=\"\" class=\"wp-image-3541\" srcset=\"https:\/\/www.agrilink2020.eu\/wp-content\/uploads\/2022\/03\/F.2.jpg 852w, https:\/\/www.agrilink2020.eu\/wp-content\/uploads\/2022\/03\/F.2-300x213.jpg 300w, https:\/\/www.agrilink2020.eu\/wp-content\/uploads\/2022\/03\/F.2-768x545.jpg 768w\" sizes=\"(max-width: 852px) 100vw, 852px\" \/><figcaption>Harta regiunii<\/figcaption><\/figure><\/div>\n\n<h2>Principalul obiect de interes al studiului<\/h2>\n\n<p>Din punct de vedere istoric, aplicarea tehnicilor de combatere integrat\u0103 a d\u0103un\u0103torilor (IPM) \u00een Navarra s-a bazat pe utilizarea unor m\u0103suri preventive declan\u0219ate de un Sistem de monitorizare \u0219i avertizare a prezen\u021bei d\u0103un\u0103torilor, cu sprijinul tehnic al serviciului regional de consiliere finan\u021bat din fonduri publice (INTIA), care ofer\u0103 agricultorilor cuno\u0219tin\u021be relevante. Alte tehnici IPM, cum ar fi controlul biologic \u0219i utilizarea feromonilor, au fost utilizate \u00een principal \u00een sere \u0219i \u00een podgorii de c\u0103tre fermierii ecologici \u0219i de c\u0103tre cei care erau mai preocupa\u021bi de problemele de mediu \u0219i de s\u0103n\u0103tate. <\/p>\n\n<div class=\"wp-block-image\"><figure class=\"aligncenter size-full\"><img decoding=\"async\" loading=\"lazy\" width=\"667\" height=\"376\" src=\"https:\/\/agrilink2020.eu\/wp-content\/uploads\/2022\/03\/CS_Navarra_Spain_IPM_2.jpeg\" alt=\"\" class=\"wp-image-3556\" srcset=\"https:\/\/www.agrilink2020.eu\/wp-content\/uploads\/2022\/03\/CS_Navarra_Spain_IPM_2.jpeg 667w, https:\/\/www.agrilink2020.eu\/wp-content\/uploads\/2022\/03\/CS_Navarra_Spain_IPM_2-300x169.jpeg 300w\" sizes=\"(max-width: 667px) 100vw, 667px\" \/><\/figure><\/div>\n\n<p>Cu toate acestea, \u00een ultimii ani fermierii au devenit interesa\u021bi s\u0103 aplice tehnicile IPM \u00een cazul altor culturi, ca urmare a introducerii unor noi reglement\u0103ri ale UE, a schimb\u0103rii cerin\u021belor consumatorilor \u0219i a disponibilit\u0103\u021bii reduse a produselor fitosanitare chimice conven\u021bionale. <\/p>\n\n<p>\u00cen acela\u0219i timp, gama de organiza\u021bii \u0219i \u00eentreprinderi care ofer\u0103 consiliere fermierilor cu privire la utilizarea inovatoare a tehnicilor IPM a devenit, de asemenea, mai diversificat\u0103. Sondajele efectuate \u00een regiune au ar\u0103tat c\u0103 ace\u0219tia apeleaz\u0103 la o gam\u0103 larg\u0103 de surse de informare \u0219i consiliere (consilieri publici \u0219i priva\u021bi, industrii, cooperative, internet etc.), iar opinia \u0219i experien\u021ba altor agricultori sunt considerate esen\u021biale \u00een momentul \u00een care decid s\u0103 pun\u0103 \u00een aplicare o inova\u021bie. <\/p>\n\n<p>Decizia de a nu adopta tehnicile IPM este determinat\u0103 de mai mul\u021bi factori, printre care: a) percep\u021bia c\u0103 aceste tehnici sunt mai complexe din punct de vedere tehnic \u0219i mai costisitoare; b) lipsa cererii pe pia\u021b\u0103 pentru culturile cultivate cu ajutorul tehnicilor IPM \u0219i\/sau; c) din cauza preocup\u0103rilor legate de reducerea productivit\u0103\u021bii culturilor. Este interesant faptul c\u0103 doar c\u00e2\u021biva fermieri au renun\u021bat la tehnicile inovatoare IPM dup\u0103 ce le-au adoptat \u0219i implementat.    <\/p>\n\n<p>Raportul integral (\u00een englez\u0103) \u00eel g\u0103si\u021bi aici<\/p>\n\n<div class=\"wp-block-file\"><object class=\"wp-block-file__embed\" data=\"https:\/\/agrilink2020.eu\/wp-content\/uploads\/2021\/06\/D2.2_SP.GDPR_.pdf\" type=\"application\/pdf\" style=\"width:100%;height:600px\" aria-label=\"\u00cenglobare pentru Embed of D2.2_SP.GDPR..\"><\/object><a id=\"wp-block-file--media-92c8d45c-128e-45b0-84a1-1c63374130e8\" href=\"https:\/\/agrilink2020.eu\/wp-content\/uploads\/2021\/06\/D2.2_SP.GDPR_.pdf\">D2.2_SP.GDPR<\/a><a href=\"https:\/\/agrilink2020.eu\/wp-content\/uploads\/2021\/06\/D2.2_SP.GDPR_.pdf\" class=\"wp-block-file__button\" download=\"\" aria-describedby=\"wp-block-file--media-92c8d45c-128e-45b0-84a1-1c63374130e8\">Download<\/a><\/div>\n\n<hr class=\"wp-block-separator\"\/>\n\n<h2>Partener \u0219i persoan\u0103 de contact<\/h2>\n\n<div class=\"wp-block-image\"><figure class=\"aligncenter size-full\"><img decoding=\"async\" loading=\"lazy\" width=\"300\" height=\"63\" src=\"https:\/\/agrilink2020.eu\/wp-content\/uploads\/2021\/11\/INTIA_large.png\" alt=\"\" class=\"wp-image-588\"\/><\/figure><\/div>\n\n<h2>INTIA<\/h2>\n\n<p>Noelia Telletxea, <a href=\"mailto:ntelletxea@intiasa.es\">ntelletxea@intiasa.es<\/a><\/p>\n\n<hr class=\"wp-block-separator\"\/>\n\n<h2>Lec\u021bii \u00eenv\u0103\u021bate<\/h2>\n\n<ol><li>\u00cen Navarra exist\u0103 un interes cresc\u00e2nd pentru inova\u021biile bazate pe utilizarea de metode alternative care reduc utilizarea produselor de protec\u021bie a plantelor \u0219i \u00eembun\u0103t\u0103\u021besc biodiversitatea prin atenuarea impactului negativ asupra mediului al metodelor conven\u021bionale de protec\u021bie a culturilor.<\/li><li>Fermierii din regiune utilizeaz\u0103 o gam\u0103 larg\u0103 de surse de cuno\u0219tin\u021be \u0219i consiliere pentru a colecta informa\u021bii privind tehnicile IPM (consultan\u021b\u0103 public\u0103, furnizori de produse, \u00eentreprinderi agricole, cooperative etc.). Cei mai mul\u021bi dintre ei au un consilier de \u00eencredere care le viziteaz\u0103 periodic ferma, le ofer\u0103 solu\u021bii la problemele lor \u0219i joac\u0103 un rol important \u00een promovarea inova\u021biilor pentru ei. Cu toate acestea, acest consilier nu este singura influen\u021b\u0103 asupra deciziei fermierilor de a adopta sau nu o inova\u021bie. \u0218i al\u021bi actori influen\u021beaz\u0103 procesul decizional.   <\/li><li>Fermierii intervieva\u021bi \u00een cadrul studiului de caz au eviden\u021biat importan\u021ba form\u0103rii consilierilor agricoli cu privire la tehnicile IPM alternative, astfel \u00eenc\u00e2t ei s\u0103 poat\u0103 promova utilizarea acestor tehnici \u00een r\u00e2ndul fermierilor lor prin formare continu\u0103, prin demonstrarea fezabilit\u0103\u021bii tehnice \u0219i economice a tehnicilor \u00een parcelele fermierilor \u0219i prin schimbul de experien\u021be \u0219i bune practici.<\/li><\/ol>\n","protected":false},"excerpt":{"rendered":"<p>Regiune Navarra este situat\u0103 \u00een nordul Spaniei, la grani\u021ba cu Fran\u021ba. Este o regiune mic\u0103, cu multe tipuri diferite de produc\u021bie agricol\u0103. Bovinele \u0219i ovinele pentru carne \u0219i lapte sunt predominante \u00een nord, \u00een timp ce horticultura intensiv\u0103 legat\u0103 de industria agroalimentar\u0103 este important\u0103 \u00een sud. Principalul obiect de interes al studiului Din punct de &hellip; <a href=\"https:\/\/www.agrilink2020.eu\/ro\/cercetatori\/evolutia-tehnicilor-de-combatere-integrata-a-daunatorilor-integrated-pest-management-ipm-si-a-serviciului-de-consiliere-regional-aferent\">Continued<\/a><\/p>\n","protected":false},"author":2,"featured_media":4758,"comment_status":"open","ping_status":"open","sticky":false,"template":"","format":"standard","meta":[],"categories":[145,146,181,183],"tags":[482],"region":[411],"country":[412],"work_package":[240],"keyword":[330,276],"_links":{"self":[{"href":"https:\/\/www.agrilink2020.eu\/ro\/wp-json\/wp\/v2\/posts\/7111"}],"collection":[{"href":"https:\/\/www.agrilink2020.eu\/ro\/wp-json\/wp\/v2\/posts"}],"about":[{"href":"https:\/\/www.agrilink2020.eu\/ro\/wp-json\/wp\/v2\/types\/post"}],"author":[{"embeddable":true,"href":"https:\/\/www.agrilink2020.eu\/ro\/wp-json\/wp\/v2\/users\/2"}],"replies":[{"embeddable":true,"href":"https:\/\/www.agrilink2020.eu\/ro\/wp-json\/wp\/v2\/comments?post=7111"}],"version-history":[{"count":3,"href":"https:\/\/www.agrilink2020.eu\/ro\/wp-json\/wp\/v2\/posts\/7111\/revisions"}],"predecessor-version":[{"id":7114,"href":"https:\/\/www.agrilink2020.eu\/ro\/wp-json\/wp\/v2\/posts\/7111\/revisions\/7114"}],"wp:featuredmedia":[{"embeddable":true,"href":"https:\/\/www.agrilink2020.eu\/ro\/wp-json\/wp\/v2\/media\/4758"}],"wp:attachment":[{"href":"https:\/\/www.agrilink2020.eu\/ro\/wp-json\/wp\/v2\/media?parent=7111"}],"wp:term":[{"taxonomy":"category","embeddable":true,"href":"https:\/\/www.agrilink2020.eu\/ro\/wp-json\/wp\/v2\/categories?post=7111"},{"taxonomy":"post_tag","embeddable":true,"href":"https:\/\/www.agrilink2020.eu\/ro\/wp-json\/wp\/v2\/tags?post=7111"},{"taxonomy":"region","embeddable":true,"href":"https:\/\/www.agrilink2020.eu\/ro\/wp-json\/wp\/v2\/region?post=7111"},{"taxonomy":"country","embeddable":true,"href":"https:\/\/www.agrilink2020.eu\/ro\/wp-json\/wp\/v2\/country?post=7111"},{"taxonomy":"work_package","embeddable":true,"href":"https:\/\/www.agrilink2020.eu\/ro\/wp-json\/wp\/v2\/work_package?post=7111"},{"taxonomy":"keyword","embeddable":true,"href":"https:\/\/www.agrilink2020.eu\/ro\/wp-json\/wp\/v2\/keyword?post=7111"}],"curies":[{"name":"wp","href":"https:\/\/api.w.org\/{rel}","templated":true}]}}