{"id":7208,"date":"2022-03-10T09:28:27","date_gmt":"2022-03-10T09:28:27","guid":{"rendered":"https:\/\/legacy.agrilink2020.eu\/uncategorized-ro\/rolul-serviciilor-de-consiliere-in-procesul-decizional-al-fermierilor-in-ceea-ce-priveste-cultivarea-de-tagetes-galbenele-franceze-pentru-combaterea-nematozilor-pe-solurile-nisipoase-din-tarile-de-j"},"modified":"2022-04-17T11:20:27","modified_gmt":"2022-04-17T11:20:27","slug":"rolul-serviciilor-de-consiliere-in-procesul-decizional-al-fermierilor-in-ceea-ce-priveste-cultivarea-de-tagetes-galbenele-franceze-pentru-combaterea-nematozilor-pe-solurile-nisipoase-din-tarile-de-j","status":"publish","type":"post","link":"https:\/\/www.agrilink2020.eu\/ro\/cercetatori\/rolul-serviciilor-de-consiliere-in-procesul-decizional-al-fermierilor-in-ceea-ce-priveste-cultivarea-de-tagetes-galbenele-franceze-pentru-combaterea-nematozilor-pe-solurile-nisipoase-din-tarile-de-j","title":{"rendered":"Rolul serviciilor de consiliere \u00een procesul decizional al fermierilor \u00een ceea ce prive\u0219te cultivarea de Tagetes (g\u0103lbenele franceze) pentru combaterea nematozilor pe solurile nisipoase din \u021a\u0103rile de Jos"},"content":{"rendered":"\n<h2>Regiune<\/h2>\n\n<p>Noord-Holland \u0219i Limburg sunt dou\u0103 regiuni arabile \u0219i de cultivare a legumelor din \u021a\u0103rile de Jos. Provincia Noord-Holland se afl\u0103 \u00een nord-estul \u021b\u0103rii, iar Limburg \u00een sud-est. Ambele regiuni sunt cunoscute: a) pentru cultivarea \u00een principal a culturilor de mare valoare, cum ar fi cartofii, c\u0103p\u0219unile, fructele \u0219i bulbii de flori \u0219i; b) pentru problema semnificativ\u0103 a nematozilor (\u0219i pierderile economice asociate) \u00een cazul cultiv\u0103rii acestor culturi pe soluri nisipoase.    <\/p>\n\n<div class=\"wp-block-image\"><figure class=\"aligncenter size-full\"><img decoding=\"async\" loading=\"lazy\" width=\"852\" height=\"605\" src=\"https:\/\/agrilink2020.eu\/wp-content\/uploads\/2022\/03\/F.2.jpg\" alt=\"\" class=\"wp-image-3541\" srcset=\"https:\/\/www.agrilink2020.eu\/wp-content\/uploads\/2022\/03\/F.2.jpg 852w, https:\/\/www.agrilink2020.eu\/wp-content\/uploads\/2022\/03\/F.2-300x213.jpg 300w, https:\/\/www.agrilink2020.eu\/wp-content\/uploads\/2022\/03\/F.2-768x545.jpg 768w\" sizes=\"(max-width: 852px) 100vw, 852px\" \/><figcaption>Harta regiunii<\/figcaption><\/figure><\/div>\n\n<h2>Principalul obiect de interes al studiului<\/h2>\n\n<p>Acest studiu s-a axat pe fluxul de cuno\u0219tin\u021be de la cercet\u0103tori \u0219i consilieri agricoli la fermieri \u00een ceea ce prive\u0219te cultivarea g\u0103lbenelelor franceze (<em>Tagetes patula)<\/em> pentru combaterea nematozilor. Aceast\u0103 practic\u0103 este \u00eenc\u0103 relativ inovatoare \u0219i adoptat\u0103 pe scar\u0103 larg\u0103 \u00een unele localit\u0103\u021bi, dar mai pu\u021bin \u00een altele.  <\/p>\n\n<div class=\"wp-block-image\"><figure class=\"aligncenter size-full\"><img decoding=\"async\" loading=\"lazy\" width=\"1024\" height=\"682\" src=\"https:\/\/agrilink2020.eu\/wp-content\/uploads\/2022\/03\/NL.Agrilink.CS_.1-1024x682-1.jpg\" alt=\"\" class=\"wp-image-3606\" srcset=\"https:\/\/www.agrilink2020.eu\/wp-content\/uploads\/2022\/03\/NL.Agrilink.CS_.1-1024x682-1.jpg 1024w, https:\/\/www.agrilink2020.eu\/wp-content\/uploads\/2022\/03\/NL.Agrilink.CS_.1-1024x682-1-300x200.jpg 300w, https:\/\/www.agrilink2020.eu\/wp-content\/uploads\/2022\/03\/NL.Agrilink.CS_.1-1024x682-1-768x512.jpg 768w\" sizes=\"(max-width: 1024px) 100vw, 1024px\" \/><\/figure><\/div>\n\n<p>Au fost analizate motivele pentru care fermierii au implementat aceast\u0103 inova\u021bie \u0219i s-a explorat din ce surse au primit cuno\u0219tin\u021bele necesare pentru a lua o decizie bine informat\u0103.<\/p>\n\n<p>Principalul motiv pentru care fermierii au \u00eenceput s\u0103 cultive <em>g\u0103lbenele franceze<\/em> este faptul c\u0103 este din ce \u00een ce mai dificil s\u0103 se foloseasc\u0103 mijloace chimice de control din cauza normelor tot mai stricte care reglementeaz\u0103 utilizarea pesticidelor \u00een ferme. Prin urmare, consilierii \u0219i cercet\u0103torii s-au angajat s\u0103 \u00eei fac\u0103 pe fermieri s\u0103 con\u0219tientizeze alternativele nechimice \u0219i s\u0103 \u00eei asiste \u00een implementarea acestora. Cercet\u0103rile privind utilizarea <em>g\u0103lbenelelor franceze<\/em> pentru controlul nematozilor se desf\u0103\u0219oar\u0103 \u00een principal \u00een ferme experimentale din cele dou\u0103 provincii, iar aceste ferme au fost observate \u00een mod clar ca puncte critice pentru adoptarea inova\u021biei.  <\/p>\n\n<p>Consilierii folosesc datele de cercetare pentru a-i face pe fermieri s\u0103 con\u0219tientizeze problema \u0219i solu\u021bia. Odat\u0103 ce ace\u0219tia sunt con\u0219tien\u021bi, fermierii \u00eencep s\u0103 caute sfaturi tehnice despre modul \u00een care pot fi cultivate cel mai bine aceste <em>Tagetes<\/em>pentru a controla nematozii din culturile lor. De exemplu, aspecte precum controlul buruienilor \u00een<em>Tagetes<\/em> sunt considera\u021bii practice importante pentru fermieri. \u00cen general, utilizarea culturii de <em>Tagetes<\/em>pentru controlul nematozilor este din ce \u00een ce mai eficient\u0103, este adoptat\u0103 pe scar\u0103 larg\u0103 \u0219i se constat\u0103 c\u0103 are \u0219i alte beneficii pentru agricultori, cum ar fi \u00eembun\u0103t\u0103\u021birea calit\u0103\u021bii solului.   <\/p>\n\n<p>Raportul integral (\u00een englez\u0103) \u00eel g\u0103si\u021bi aici<\/p>\n\n<div class=\"wp-block-file\"><object class=\"wp-block-file__embed\" data=\"https:\/\/agrilink2020.eu\/wp-content\/uploads\/2021\/06\/D2.2_NL.GDPR_.pdf\" type=\"application\/pdf\" style=\"width:100%;height:600px\" aria-label=\"\u00cenglobare pentru Embed of D2.2_NL.GDPR..\"><\/object><a id=\"wp-block-file--media-230ae321-0dbf-4266-bf41-0adb268e3603\" href=\"https:\/\/agrilink2020.eu\/wp-content\/uploads\/2021\/06\/D2.2_NL.GDPR_.pdf\">D2.2_NL.GDPR<\/a><a href=\"https:\/\/agrilink2020.eu\/wp-content\/uploads\/2021\/06\/D2.2_NL.GDPR_.pdf\" class=\"wp-block-file__button\" download=\"\" aria-describedby=\"wp-block-file--media-230ae321-0dbf-4266-bf41-0adb268e3603\">Download<\/a><\/div>\n\n<hr class=\"wp-block-separator\"\/>\n\n<h2>Partener \u0219i persoan\u0103 de contact<\/h2>\n\n<div class=\"wp-block-image\"><figure class=\"aligncenter size-full\"><img decoding=\"async\" loading=\"lazy\" width=\"300\" height=\"57\" src=\"https:\/\/agrilink2020.eu\/wp-content\/uploads\/2021\/11\/WR_large.png\" alt=\"\" class=\"wp-image-591\"\/><\/figure><\/div>\n\n<h2>Wageningen University and Research<\/h2>\n\n<p>Leendert Molendijk, <a href=\"mailto:leender.molendijk@wur.nl\">leender.molendijk@wur.nl<\/a><\/p>\n\n<h2>Lec\u021bii \u00eenv\u0103\u021bate<\/h2>\n\n<ol><li>To\u021bi fermierii din \u021a\u0103rile de Jos au tendin\u021ba de a r\u0103m\u00e2ne \u00een contact cu o anumit\u0103 form\u0103 de organiza\u021bie de consiliere. \u00cen cele dou\u0103 provincii, exist\u0103 organiza\u021bii de consiliere de diferite tipuri \u0219i dimensiuni care ofer\u0103 consiliere agricultorilor cu privire la cultivarea de<em>Tagetes<\/em>. Organiza\u021biile mai mari au departamente de cuno\u0219tin\u021be (culise) care prelucreaz\u0103 informa\u021bii din diverse surse pentru a fi difuzate de consilieri. Organiza\u021biile mici depind de cuno\u0219tin\u021bele consilierilor individuali \u0219i de experien\u021ba \u0219i de convingerea acestora c\u0103 abord\u0103rile inovatoare, cum ar fi cultivarea <em>Tagetes<\/em>, pot func\u021biona \u0219i chiar func\u021bioneaz\u0103   <\/li><li>Organiza\u021biile de consiliere \u0219i al\u021bi actori cheie au confirmat c\u0103 principalul factor care a determinat cultivarea de <em>Tagetes<\/em> a fost controlul mai strict al substan\u021belor chimice pentru combaterea nematozilor. F\u0103r\u0103 modificarea reglement\u0103rilor privind pesticidele, este probabil c\u0103 majoritatea fermierilor ar fi continuat cu practicile lor obi\u0219nuite. Cu toate acestea, decizia final\u0103 a unui fermier individual de a \u00eencepe s\u0103 cultive <em>Tagetes<\/em> (sau nu) a fost influen\u021bat\u0103 \u00een mare m\u0103sur\u0103 de experimentele de cercetare desf\u0103\u0219urate \u00een provinciile afectate, de experien\u021bele altor fermieri \u0219i de evaluarea activ\u0103 \u0219i\/sau experimentarea \u00een cadrul fermei lor   <\/li><li>Atunci c\u00e2nd au decis dac\u0103 s\u0103 \u00eenceap\u0103 s\u0103 cultive <em>Tagetes<\/em>, mul\u021bi fermieri au vizitat ferme vecine sau ferme experimentale care adoptaser\u0103 deja aceast\u0103 inova\u021bie. S-a observat c\u0103 acest schimb de la egal la egal a fost o surs\u0103 important\u0103 de consiliere \u0219i sprijin. Unii fermieri au \u00eenceput direct s\u0103 cultive <em>Tagetes<\/em> dup\u0103 ce au observat c\u0103 acest lucru a func\u021bionat pentru colegii lor, \u00een timp ce al\u021bii au fost mai precau\u021bi \u0219i au experimentat mai \u00eent\u00e2i pe o suprafa\u021b\u0103 mic\u0103 din ferma lor \u00eenainte de a o cultiva pe scar\u0103 mai larg\u0103  <\/li><li>La \u00eenceputul punerii \u00een aplicare a inova\u021biei, consilierii au fost importan\u021bi pentru a-i ajuta pe fermieri \u00een ceea ce prive\u0219te aspectele practice ale cultiv\u0103rii <em>Tagetes<\/em>. <em>Tagetes<\/em>nu este o cultur\u0103 u\u0219or de cultivat cu succes, iar fermierii au apelat la consilieri pentru asisten\u021b\u0103 tehnic\u0103 personalizat\u0103, adaptat\u0103 la propriile ferme \u0219i la sistemele de gestionare a culturilor existente.<\/li><\/ol>\n","protected":false},"excerpt":{"rendered":"<p>Regiune Noord-Holland \u0219i Limburg sunt dou\u0103 regiuni arabile \u0219i de cultivare a legumelor din \u021a\u0103rile de Jos. Provincia Noord-Holland se afl\u0103 \u00een nord-estul \u021b\u0103rii, iar Limburg \u00een sud-est. Ambele regiuni sunt cunoscute: a) pentru cultivarea \u00een principal a culturilor de mare valoare, cum ar fi cartofii, c\u0103p\u0219unile, fructele \u0219i bulbii de flori \u0219i; b) pentru &hellip; <a href=\"https:\/\/www.agrilink2020.eu\/ro\/cercetatori\/rolul-serviciilor-de-consiliere-in-procesul-decizional-al-fermierilor-in-ceea-ce-priveste-cultivarea-de-tagetes-galbenele-franceze-pentru-combaterea-nematozilor-pe-solurile-nisipoase-din-tarile-de-j\">Continued<\/a><\/p>\n","protected":false},"author":2,"featured_media":4776,"comment_status":"open","ping_status":"open","sticky":false,"template":"","format":"standard","meta":[],"categories":[145,146,181,183],"tags":[482],"region":[649],"country":[213],"work_package":[240],"keyword":[330,467],"_links":{"self":[{"href":"https:\/\/www.agrilink2020.eu\/ro\/wp-json\/wp\/v2\/posts\/7208"}],"collection":[{"href":"https:\/\/www.agrilink2020.eu\/ro\/wp-json\/wp\/v2\/posts"}],"about":[{"href":"https:\/\/www.agrilink2020.eu\/ro\/wp-json\/wp\/v2\/types\/post"}],"author":[{"embeddable":true,"href":"https:\/\/www.agrilink2020.eu\/ro\/wp-json\/wp\/v2\/users\/2"}],"replies":[{"embeddable":true,"href":"https:\/\/www.agrilink2020.eu\/ro\/wp-json\/wp\/v2\/comments?post=7208"}],"version-history":[{"count":6,"href":"https:\/\/www.agrilink2020.eu\/ro\/wp-json\/wp\/v2\/posts\/7208\/revisions"}],"predecessor-version":[{"id":7215,"href":"https:\/\/www.agrilink2020.eu\/ro\/wp-json\/wp\/v2\/posts\/7208\/revisions\/7215"}],"wp:featuredmedia":[{"embeddable":true,"href":"https:\/\/www.agrilink2020.eu\/ro\/wp-json\/wp\/v2\/media\/4776"}],"wp:attachment":[{"href":"https:\/\/www.agrilink2020.eu\/ro\/wp-json\/wp\/v2\/media?parent=7208"}],"wp:term":[{"taxonomy":"category","embeddable":true,"href":"https:\/\/www.agrilink2020.eu\/ro\/wp-json\/wp\/v2\/categories?post=7208"},{"taxonomy":"post_tag","embeddable":true,"href":"https:\/\/www.agrilink2020.eu\/ro\/wp-json\/wp\/v2\/tags?post=7208"},{"taxonomy":"region","embeddable":true,"href":"https:\/\/www.agrilink2020.eu\/ro\/wp-json\/wp\/v2\/region?post=7208"},{"taxonomy":"country","embeddable":true,"href":"https:\/\/www.agrilink2020.eu\/ro\/wp-json\/wp\/v2\/country?post=7208"},{"taxonomy":"work_package","embeddable":true,"href":"https:\/\/www.agrilink2020.eu\/ro\/wp-json\/wp\/v2\/work_package?post=7208"},{"taxonomy":"keyword","embeddable":true,"href":"https:\/\/www.agrilink2020.eu\/ro\/wp-json\/wp\/v2\/keyword?post=7208"}],"curies":[{"name":"wp","href":"https:\/\/api.w.org\/{rel}","templated":true}]}}